{"id":127856,"date":"2020-08-20T09:48:03","date_gmt":"2020-08-20T12:48:03","guid":{"rendered":"https:\/\/grandepremio.com\/br\/noticias\/motogp-aumenta-barreiras-na-curva-3-em-reacao-a-acidente-do-gp-da-austria\/"},"modified":"2020-08-21T05:10:37","modified_gmt":"2020-08-21T08:10:37","slug":"motogp-aumenta-barreiras-na-curva-3-em-reacao-a-acidente-do-gp-da-austria","status":"publish","type":"post","link":"https:\/\/grandepremio.com\/br\/motogp\/motogp-aumenta-barreiras-na-curva-3-em-reacao-a-acidente-do-gp-da-austria\/","title":{"rendered":"MotoGP aumenta barreiras na curva 3 em rea\u00e7\u00e3o a acidente do GP da \u00c1ustria"},"content":{"rendered":"\n<figure class=\"wp-block-video\"><video class=\"video-js vjs-big-play-centered\" data-gp-vjs=\"1\" controls src=\"https:\/\/www.grandepremio.com\/br\/wp-content\/uploads\/2020\/08\/Acidente-MotoGP.mp4\"><\/video><\/figure>\n\n\n\n<p class=\"wp-block-paragraph\">A MotoGP n\u00e3o ficou parada ap\u00f3s o <a href=\"https:\/\/www.grandepremio.com\/br\/motogp\/noticias\/zarco-derruba-morbidelli-e-provoca-acidente-assustador-no-gp-da-austria\/\">forte acidente que marcou o GP da \u00c1ustria<\/a> da semana passada. \u00c0s v\u00e9speras do GP da Est\u00edria, o Mundial optou por aumentar a prote\u00e7\u00e3o infl\u00e1vel da curva 3 do Red Bull Ring na tentativa de impedir um acidente como o do \u00faltimo dia 16.<\/p>\n\n\n\n<p class=\"wp-block-paragraph\">Ainda na nona volta da corrida, Johann tentou passar Franco Morbidelli se valendo da superioridade do motor Ducati. Ao contornar a curva 2, o franc\u00eas se colocou \u00e0 frente do \u00edtalo-brasileiro e, na sequ\u00eancia, freou para preparar a entrada na Remus, uma curva de 90\u00b0. Sem ter como reagir, Franco colidiu com a GP19 e caiu, junto com Zarco.<\/p>\n\n\n\n<figure class=\"wp-block-image size-large\"><img decoding=\"async\" src=\"https:\/\/www.grandepremio.com\/br\/wp-content\/uploads\/2020\/08\/ClickC32-1024x682.jpg\" alt=\"\" class=\"wp-image-409113\"\/><figcaption>MotoGP reagiu ao acidente da semana passada (Foto: Divulga\u00e7\u00e3o\/MotoGP)<\/figcaption><\/figure>\n\n\n\n<p class=\"wp-block-paragraph\">A YZR-M1 da SRT escorregou pelo trecho de grama e, em um desn\u00edvel do piso, <a href=\"https:\/\/www.grandepremio.com\/br\/motogp\/noticias\/rossi-escapa-por-pouco-de-ser-acertado-por-motos-de-morbidelli-e-zarco-no-gp-da-austria\/\">acabou catapultada, passando entre os dois companheiros de Yamaha<\/a>. A Ducati de Johann, por sua vez, cortou a \u00e1rea de escape sem perder muita velocidade na brita e reencontrou Maverick Vi\u00f1ales e Valentino Rossi, que tinham acabado de contornar o \u00e1pice da curva.<\/p>\n\n\n\n<p class=\"wp-block-paragraph\">Por conta do acidente, a MotoGP optou por estender o air fence na curva 3 em uma tentativa de criar um bloqueio que possa impedir uma situa\u00e7\u00e3o semelhante.<\/p>\n\n\n\n<p class=\"wp-block-paragraph\">Apesar do susto, os pilotos escaparam de les\u00f5es mais s\u00e9rias. Zarco, por\u00e9m, passou por uma cirurgia na quarta-feira ap\u00f3s exames indicarem uma fratura no escafoide do punho direito. O piloto da Avintia vai depender da aprova\u00e7\u00e3o dos m\u00e9dicos para poder correr.<\/p>\n\n\n\n<p class=\"wp-block-paragraph\">Al\u00e9m disso, nesta quinta-feira, Zarco e Morbidelli ser\u00e3o ouvidos pela FIM (Federa\u00e7\u00e3o Internacional de Motociclismo). A entidade alegou que faltou tempo na semana passada e, por isso, adiou o encontro para o fim de semana do GP da Est\u00edria.<\/p>\n\n\n\n<figure class=\"wp-block-embed-dailymotion wp-block-embed is-type-video is-provider-dailymotion wp-embed-aspect-16-9 wp-has-aspect-ratio\"><div class=\"wp-block-embed__wrapper\">\n<iframe loading=\"lazy\" title=\"Ducati precisa aprender a VALORIZAR pilotos por T\u00cdTULO na MotoGP | GP \u00e0s 10\" frameborder=\"0\" width=\"500\" height=\"281\" src=\"https:\/\/geo.dailymotion.com\/player.html?video=x7vnerb&#038;\" allowfullscreen allow=\"autoplay; fullscreen; picture-in-picture; web-share\"><\/iframe>\n<\/div><\/figure>\n\n\n","protected":false},"excerpt":{"rendered":"<p>\u00c0s v\u00e9speras do GP da Est\u00edria, a MotoGP optou por aumentar a barreira infl\u00e1vel na curva 3 do Red Bull Ring para tentar evitar o que aconteceu no acidente da semana passada com Franco Morbidelli e Johann Zarco<\/p>\n","protected":false},"author":0,"featured_media":1000409112,"comment_status":"closed","ping_status":"closed","sticky":false,"template":"","format":"standard","meta":{"42wp_featured_image_caption":"","42wp_featured_image_credits":"","42wp_featured_video":"","42wp_featured_image_hidden":false,"42wp_authors_list":[],"footnotes":""},"categories":[8],"tags":[25063,79,174,78,173,25821,25819,847,1763,4613],"42wp_author":[47109],"class_list":["post-127856","post","type-post","status-publish","format-standard","has-post-thumbnail","hentry","category-motogp","tag-estiria","tag-moto-gp","tag-moto-gp-2020","tag-motogp","tag-motogp-2020","tag-motogp-2020-transmissao-brasil","tag-motogp-hoje","tag-mundial-de-motovelocidade","tag-red-bull-ring","tag-spielberg","42wp_author-redacao-gp"],"_links":{"self":[{"href":"https:\/\/grandepremio.com\/br\/wp-json\/wp\/v2\/posts\/127856","targetHints":{"allow":["GET"]}}],"collection":[{"href":"https:\/\/grandepremio.com\/br\/wp-json\/wp\/v2\/posts"}],"about":[{"href":"https:\/\/grandepremio.com\/br\/wp-json\/wp\/v2\/types\/post"}],"replies":[{"embeddable":true,"href":"https:\/\/grandepremio.com\/br\/wp-json\/wp\/v2\/comments?post=127856"}],"version-history":[{"count":0,"href":"https:\/\/grandepremio.com\/br\/wp-json\/wp\/v2\/posts\/127856\/revisions"}],"wp:featuredmedia":[{"embeddable":true,"href":"https:\/\/grandepremio.com\/br\/wp-json\/wp\/v2\/media\/1000409112"}],"wp:attachment":[{"href":"https:\/\/grandepremio.com\/br\/wp-json\/wp\/v2\/media?parent=127856"}],"wp:term":[{"taxonomy":"category","embeddable":true,"href":"https:\/\/grandepremio.com\/br\/wp-json\/wp\/v2\/categories?post=127856"},{"taxonomy":"post_tag","embeddable":true,"href":"https:\/\/grandepremio.com\/br\/wp-json\/wp\/v2\/tags?post=127856"},{"taxonomy":"42wp_author","embeddable":true,"href":"https:\/\/grandepremio.com\/br\/wp-json\/wp\/v2\/42wp_author?post=127856"}],"curies":[{"name":"wp","href":"https:\/\/api.w.org\/{rel}","templated":true}]}}