{"id":127884,"date":"2020-08-19T08:38:28","date_gmt":"2020-08-19T11:38:28","guid":{"rendered":"https:\/\/grandepremio.com\/br\/noticias\/formula-1-planeja-retorno-do-gp-da-turquia-e-rodada-dupla-no-bahrein-ainda-em-2020\/"},"modified":"2020-08-19T08:38:33","modified_gmt":"2020-08-19T11:38:33","slug":"formula-1-planeja-retorno-do-gp-da-turquia-e-rodada-dupla-no-bahrein-ainda-em-2020","status":"publish","type":"post","link":"https:\/\/grandepremio.com\/br\/f1\/formula-1-planeja-retorno-do-gp-da-turquia-e-rodada-dupla-no-bahrein-ainda-em-2020\/","title":{"rendered":"F\u00f3rmula 1 planeja retorno do GP da Turquia e rodada dupla no Bahrein ainda em 2020"},"content":{"rendered":"\n<figure class=\"wp-block-embed-youtube wp-block-embed is-type-video is-provider-youtube wp-embed-aspect-16-9 wp-has-aspect-ratio\"><div class=\"wp-block-embed__wrapper\">\n<iframe loading=\"lazy\" title=\"Perto da PERFEI\u00c7\u00c3O na F1, HAMILTON rivaliza apenas com n\u00fameros de SCHUMACHER | GP \u00e0s 10\" width=\"500\" height=\"281\" src=\"https:\/\/www.youtube.com\/embed\/UBGqvYdLZe8?feature=oembed\" frameborder=\"0\" allow=\"accelerometer; autoplay; clipboard-write; encrypted-media; gyroscope; picture-in-picture; web-share\" referrerpolicy=\"strict-origin-when-cross-origin\" allowfullscreen><\/iframe>\n<\/div><\/figure>\n\n\n\n<p class=\"wp-block-paragraph\">Por conta da pandemia do novo coronav\u00edrus, a F\u00f3rmula 1 ainda termina de montar o calend\u00e1rio da temporada 2020 enquanto as corridas v\u00e3o acontecendo. Ap\u00f3s seis etapas realizadas, mais sete provas est\u00e3o confirmadas para este ano.<\/p>\n\n\n\n<p class=\"wp-block-paragraph\">Com 13 corridas previstas, incluindo a entrada de alguns circuitos que n\u00e3o estavam nos planos &#8211; como N\u00fcrburgring, Mugello, Portim\u00e3o e \u00cdmola -, a F\u00f3rmula 1 pretende chegar a 17 etapas confirmadas at\u00e9 o fim do ano. Para alcan\u00e7ar este n\u00famero, mais localidades devem entrar no calend\u00e1rio.<\/p>\n\n\n\n<p class=\"wp-block-paragraph\">De acordo com o site Autosport, a Turquia volta a receber uma etapa da F1 ainda este ano e j\u00e1 trabalha com data: dia 15 de novembro. Recentemente, <a href=\"https:\/\/www.grandepremio.com\/br\/f1\/noticias\/turquia-revela-conversas-em-andamento-para-voltar-a-receber-formula-1-ainda-em-2020\/\">o governo local destacou a inten\u00e7\u00e3o de organizar uma prova do Mundial<\/a> e que possu\u00eda conversa &#8220;em andamento&#8221;, aproveitando-se das lacunas no calend\u00e1rio ap\u00f3s os cancelamentos das provas nas Am\u00e9ricas &#8211;  Brasil, Canad\u00e1, Estados Unidos e M\u00e9xico.<\/p>\n\n\n\n<figure class=\"wp-block-image size-large\"><img decoding=\"async\" src=\"https:\/\/www.grandepremio.com\/br\/wp-content\/uploads\/2019\/03\/20193311258553_000_1F97NI_DMa.jpg\" alt=\"\" class=\"wp-image-369596\"\/><figcaption>Bahrein deve receber rodada dupla da F\u00f3rmula 1 no fim do ano (Foto: AFP)<\/figcaption><\/figure>\n\n\n\n<p class=\"wp-block-paragraph\">Fora do calend\u00e1rio desde 2011, o circuito de Istambul chegou a passar por problemas financeiros nos \u00faltimos anos e, por isso, a candidatura para receber a F1 chega a ser surpreendente. Desde 2013, o local \u00e9 gerenciado pelo piloto Vural Ak, que recentemente recebeu a miss\u00e3o de trazer a categoria para o pa\u00eds ap\u00f3s reuni\u00e3o com o presidente Recep Tayyip Erdogan.<\/p>\n\n\n\n<p class=\"wp-block-paragraph\">Diferente de anos anteriores, quando a opera\u00e7\u00e3o envolvia viagens por terra, em 2020 os planos para o GP da Turquia envolveriam transportes a\u00e9reos, pois a prova seria apenas uma escala antes de uma rodada tripla no Oriente M\u00e9dio.<\/p>\n\n\n\n<p class=\"wp-block-paragraph\">De acordo com a publica\u00e7\u00e3o, ap\u00f3s a etapa na Turquia, a F\u00f3rmula 1 viaja para o Bahrein, onde uma rodada dupla est\u00e1 programada para os dias 29 de novembro e 6 de dezembro, com a temporada encerrando-se no dia 13 de dezembro em Abu Dhabi. A expectativa \u00e9 que a categoria anuncie as notas datas em breve.<\/p>\n","protected":false},"excerpt":{"rendered":"<p>De acordo com o site Autosport, a F\u00f3rmula 1 j\u00e1 definiu as etapas que fecham o calend\u00e1rio de 2020. Al\u00e9m do sonhado retorno \u00e0 Turquia, a categoria pretende fazer uma rodada dupla no Bahrein antes de fechar a conturbada temporada mais uma vez em Abu Dhabi<\/p>\n","protected":false},"author":0,"featured_media":0,"comment_status":"closed","ping_status":"closed","sticky":false,"template":"","format":"standard","meta":{"42wp_featured_image_caption":"","42wp_featured_image_credits":"","42wp_featured_video":"","42wp_featured_image_hidden":false,"42wp_authors_list":[],"footnotes":""},"categories":[2],"tags":[1667,24893,147,118,24837,24860,1754,15285],"42wp_author":[47109],"class_list":["post-127884","post","type-post","status-publish","format-standard","hentry","category-f1","tag-bahrein","tag-calendario","tag-f1","tag-f1-2020","tag-formula-1-2","tag-formula-1-2020-2","tag-gp-do-bahrein","tag-turquia","42wp_author-redacao-gp"],"_links":{"self":[{"href":"https:\/\/grandepremio.com\/br\/wp-json\/wp\/v2\/posts\/127884","targetHints":{"allow":["GET"]}}],"collection":[{"href":"https:\/\/grandepremio.com\/br\/wp-json\/wp\/v2\/posts"}],"about":[{"href":"https:\/\/grandepremio.com\/br\/wp-json\/wp\/v2\/types\/post"}],"replies":[{"embeddable":true,"href":"https:\/\/grandepremio.com\/br\/wp-json\/wp\/v2\/comments?post=127884"}],"version-history":[{"count":0,"href":"https:\/\/grandepremio.com\/br\/wp-json\/wp\/v2\/posts\/127884\/revisions"}],"wp:attachment":[{"href":"https:\/\/grandepremio.com\/br\/wp-json\/wp\/v2\/media?parent=127884"}],"wp:term":[{"taxonomy":"category","embeddable":true,"href":"https:\/\/grandepremio.com\/br\/wp-json\/wp\/v2\/categories?post=127884"},{"taxonomy":"post_tag","embeddable":true,"href":"https:\/\/grandepremio.com\/br\/wp-json\/wp\/v2\/tags?post=127884"},{"taxonomy":"42wp_author","embeddable":true,"href":"https:\/\/grandepremio.com\/br\/wp-json\/wp\/v2\/42wp_author?post=127884"}],"curies":[{"name":"wp","href":"https:\/\/api.w.org\/{rel}","templated":true}]}}