{"id":127887,"date":"2020-08-19T06:40:14","date_gmt":"2020-08-19T09:40:14","guid":{"rendered":"https:\/\/grandepremio.com\/br\/noticias\/apos-assinatura-do-pacto-da-concordia-haas-confirma-presenca-na-f1-ate-2025\/"},"modified":"2020-08-19T06:40:17","modified_gmt":"2020-08-19T09:40:17","slug":"apos-assinatura-do-pacto-da-concordia-haas-confirma-presenca-na-f1-ate-2025","status":"publish","type":"post","link":"https:\/\/grandepremio.com\/br\/f1\/apos-assinatura-do-pacto-da-concordia-haas-confirma-presenca-na-f1-ate-2025\/","title":{"rendered":"Ap\u00f3s assinatura do Pacto da Conc\u00f3rdia, Haas confirma presen\u00e7a na F1 at\u00e9 2025"},"content":{"rendered":"\n<p class=\"wp-block-paragraph\">A Haas passou os \u00faltimos meses sem se comprometer com a F\u00f3rmula 1 no longo prazo, mas tudo mudou nesta quarta-feira (19). Logo ap\u00f3s o an\u00fancio do <strong><a href=\"https:\/\/www.grandepremio.com\/br\/f1\/noticias\/formula-1-consegue-assinatura-de-todas-equipes-para-novo-pacto-da-concordia\/\">acordo un\u00e2nime das dez equipes no novo Pacto da Conc\u00f3rdia<\/a><\/strong>, os americanos reafirmaram inten\u00e7\u00e3o de seguir na categoria por pelo menos mais cinco anos, at\u00e9 2025.<\/p>\n\n\n\n<p class=\"wp-block-paragraph\">2025 \u00e9 justamente o \u00faltimo ano da nova vers\u00e3o do Pacto da Conc\u00f3rdia, que rege acordos comerciais da F1 e agora promete condi\u00e7\u00f5es financeiras mais justas entre as gigantes e os nanicos do grid. Al\u00e9m de introduzir um regulamento t\u00e9cnico reformulado, com um carro que promete permitir disputas mais acirradas nas pistas, o certame j\u00e1 revelou planos de instituir um teto or\u00e7ament\u00e1rio e revisar regras financeiras.<\/p>\n\n\n\n<figure class=\"wp-block-image size-large\"><img decoding=\"async\" src=\"https:\/\/www.grandepremio.com\/br\/wp-content\/uploads\/2020\/08\/haas-kevinmagnussen-01-2-1024x683.jpg\" alt=\"\" class=\"wp-image-404145\"\/><figcaption>A Haas bateu o martelo e segue na F1 (Foto: Haas)<\/figcaption><\/figure>\n\n\n\n<p class=\"wp-block-paragraph\">Isso tudo joga a favor da Haas, hoje uma das equipes com menos funcion\u00e1rios e or\u00e7amento mais apertado. Esses fatores levaram o dono Gene Haas a afirmar que os resultados de 2020 seriam cruciais para definir o poss\u00edvel futuro na F1. N\u00e3o foi o caso: mesmo com a equipe somando apenas 1 ponto nos seis primeiros GPs e aparecendo em pen\u00faltimo no Mundial de Construtores, o projeto segue em frente.<\/p>\n\n\n\n<p class=\"wp-block-paragraph\">A not\u00edcia \u00e9 importante para todos na Haas, mas principalmente para a dupla de pilotos. Romain Grosjean e Kevin Magnussen est\u00e3o com contratos apenas at\u00e9 o fim de 2021 e agora podem pelo menos lutar por renova\u00e7\u00e3o. O franc\u00eas foi aberto e disse que sua perman\u00eancia na F1 dependia da sobreviv\u00eancia da esquadra americana.<\/p>\n\n\n\n<p class=\"wp-block-paragraph\">O an\u00fancio do comprometimento da Haas at\u00e9 2025 \u00e9 uma grata surpresa, principalmente por n\u00e3o ser consequ\u00eancia \u00f3bvia da assinatura do Pacto da Conc\u00f3rdia. Equipes podem concordar e seguir com o futuro em xeque, como faz a Mercedes. No caso dos americanos, fica o al\u00edvio de ver uma luz no fim do t\u00fanel para os pr\u00f3ximos anos.<\/p>\n","protected":false},"excerpt":{"rendered":"<p>A Haas era grande inc\u00f3gnita na F\u00f3rmula 1 at\u00e9 mesmo para 2021, mas assinou o Pacto da Conc\u00f3rdia. Al\u00e9m de aceitar o acordo, os americanos confirmam inten\u00e7\u00e3o de seguir na F1 at\u00e9 2025<\/p>\n","protected":false},"author":0,"featured_media":1000406731,"comment_status":"closed","ping_status":"closed","sticky":false,"template":"","format":"standard","meta":{"42wp_featured_image_caption":"","42wp_featured_image_credits":"","42wp_featured_video":"","42wp_featured_image_hidden":false,"42wp_authors_list":[],"footnotes":""},"categories":[2],"tags":[118,24837,177,1490,119,117,25542,120],"42wp_author":[47118],"class_list":["post-127887","post","type-post","status-publish","format-standard","has-post-thumbnail","hentry","category-f1","tag-f1-2020","tag-formula-1-2","tag-gene-haas","tag-guenther-steiner","tag-haas","tag-kevin-magnussen","tag-pacto-da-concordia","tag-romain-grosjean","42wp_author-vitor-fazio"],"_links":{"self":[{"href":"https:\/\/grandepremio.com\/br\/wp-json\/wp\/v2\/posts\/127887","targetHints":{"allow":["GET"]}}],"collection":[{"href":"https:\/\/grandepremio.com\/br\/wp-json\/wp\/v2\/posts"}],"about":[{"href":"https:\/\/grandepremio.com\/br\/wp-json\/wp\/v2\/types\/post"}],"replies":[{"embeddable":true,"href":"https:\/\/grandepremio.com\/br\/wp-json\/wp\/v2\/comments?post=127887"}],"version-history":[{"count":0,"href":"https:\/\/grandepremio.com\/br\/wp-json\/wp\/v2\/posts\/127887\/revisions"}],"wp:featuredmedia":[{"embeddable":true,"href":"https:\/\/grandepremio.com\/br\/wp-json\/wp\/v2\/media\/1000406731"}],"wp:attachment":[{"href":"https:\/\/grandepremio.com\/br\/wp-json\/wp\/v2\/media?parent=127887"}],"wp:term":[{"taxonomy":"category","embeddable":true,"href":"https:\/\/grandepremio.com\/br\/wp-json\/wp\/v2\/categories?post=127887"},{"taxonomy":"post_tag","embeddable":true,"href":"https:\/\/grandepremio.com\/br\/wp-json\/wp\/v2\/tags?post=127887"},{"taxonomy":"42wp_author","embeddable":true,"href":"https:\/\/grandepremio.com\/br\/wp-json\/wp\/v2\/42wp_author?post=127887"}],"curies":[{"name":"wp","href":"https:\/\/api.w.org\/{rel}","templated":true}]}}