{"id":127889,"date":"2020-08-19T05:00:49","date_gmt":"2020-08-19T08:00:49","guid":{"rendered":"https:\/\/grandepremio.com\/br\/noticias\/falta-de-segunda-chance-para-negros-fez-hamilton-esperar-para-discutir-racismo\/"},"modified":"2020-08-19T13:38:30","modified_gmt":"2020-08-19T16:38:30","slug":"falta-de-segunda-chance-para-negros-fez-hamilton-esperar-para-discutir-racismo","status":"publish","type":"post","link":"https:\/\/grandepremio.com\/br\/f1\/falta-de-segunda-chance-para-negros-fez-hamilton-esperar-para-discutir-racismo\/","title":{"rendered":"Falta de segunda chance para negros fez Hamilton esperar para discutir racismo"},"content":{"rendered":"\n<p class=\"wp-block-paragraph\">No Cadeira Cativa #19, Flavio Bandeira e Luiz Teixeira explicaram os motivos que fizeram Lewis Hamilton demorar tanto tempo para ser uma voz ativa contra o racismo dentro e fora das pistas. O medo de n\u00e3o ter uma segunda chance pode ter afetado o hexacampe\u00e3o mundial que, atualmente, se v\u00ea em posi\u00e7\u00e3o mais confort\u00e1vel para debater o assunto.<\/p>\n\n\n\n<p class=\"wp-block-paragraph\">O Cadeira Cativa \u00e9 o programa do&nbsp;<strong>GRANDE PR\u00caMIO<\/strong>&nbsp;<a href=\"https:\/\/www.youtube.com\/playlist?list=PLULYLQYUzB5quTd-TVZPMhYwfGBYPTVy7\">que recebe jornalistas e personalidades marcantes da cobertura de esporte a motor do Brasil<\/a>.<\/p>\n\n\n\n<p class=\"wp-block-paragraph\"><strong>Assista ao trecho completo abaixo:<\/strong><\/p>\n\n\n\n<figure class=\"wp-block-embed-youtube wp-block-embed is-type-video is-provider-youtube wp-embed-aspect-16-9 wp-has-aspect-ratio\"><div class=\"wp-block-embed__wrapper\">\n<iframe loading=\"lazy\" title=\"Lewis HAMILTON, RACISMO e a F1 | Cadeira Cativa #19\" width=\"500\" height=\"281\" src=\"https:\/\/www.youtube.com\/embed\/9Bl_sDGuNoc?start=708&amp;feature=oembed\" frameborder=\"0\" allow=\"accelerometer; autoplay; clipboard-write; encrypted-media; gyroscope; picture-in-picture; web-share\" referrerpolicy=\"strict-origin-when-cross-origin\" allowfullscreen><\/iframe>\n<\/div><\/figure>\n\n\n","protected":false},"excerpt":{"rendered":"<p>O medo de n\u00e3o ter uma segunda oportunidade na F\u00f3rmula 1 fez com que ele passasse anos sem discutir o racismo no esporte? O Cadeira Cativa #19 discutiu o assunto<\/p>\n","protected":false},"author":0,"featured_media":1000395470,"comment_status":"closed","ping_status":"closed","sticky":false,"template":"","format":"standard","meta":{"42wp_featured_image_caption":"","42wp_featured_image_credits":"","42wp_featured_video":"","42wp_featured_image_hidden":false,"42wp_authors_list":[],"footnotes":""},"categories":[2],"tags":[24900,147,122,24837,87,2545],"42wp_author":[47109],"class_list":["post-127889","post","type-post","status-publish","format-standard","has-post-thumbnail","hentry","category-f1","tag-cadeira-cativa","tag-f1","tag-flavio-gomes","tag-formula-1-2","tag-lewis-hamilton","tag-racismo","42wp_author-redacao-gp"],"_links":{"self":[{"href":"https:\/\/grandepremio.com\/br\/wp-json\/wp\/v2\/posts\/127889","targetHints":{"allow":["GET"]}}],"collection":[{"href":"https:\/\/grandepremio.com\/br\/wp-json\/wp\/v2\/posts"}],"about":[{"href":"https:\/\/grandepremio.com\/br\/wp-json\/wp\/v2\/types\/post"}],"replies":[{"embeddable":true,"href":"https:\/\/grandepremio.com\/br\/wp-json\/wp\/v2\/comments?post=127889"}],"version-history":[{"count":0,"href":"https:\/\/grandepremio.com\/br\/wp-json\/wp\/v2\/posts\/127889\/revisions"}],"wp:featuredmedia":[{"embeddable":true,"href":"https:\/\/grandepremio.com\/br\/wp-json\/wp\/v2\/media\/1000395470"}],"wp:attachment":[{"href":"https:\/\/grandepremio.com\/br\/wp-json\/wp\/v2\/media?parent=127889"}],"wp:term":[{"taxonomy":"category","embeddable":true,"href":"https:\/\/grandepremio.com\/br\/wp-json\/wp\/v2\/categories?post=127889"},{"taxonomy":"post_tag","embeddable":true,"href":"https:\/\/grandepremio.com\/br\/wp-json\/wp\/v2\/tags?post=127889"},{"taxonomy":"42wp_author","embeddable":true,"href":"https:\/\/grandepremio.com\/br\/wp-json\/wp\/v2\/42wp_author?post=127889"}],"curies":[{"name":"wp","href":"https:\/\/api.w.org\/{rel}","templated":true}]}}