{"id":127964,"date":"2020-08-16T15:34:33","date_gmt":"2020-08-16T18:34:33","guid":{"rendered":"https:\/\/grandepremio.com\/br\/noticias\/red-bull-diz-que-verstappen-tirou-maximo-do-maximo-carro-e-abafa-reclamacoes\/"},"modified":"2020-08-16T17:27:50","modified_gmt":"2020-08-16T20:27:50","slug":"red-bull-diz-que-verstappen-tirou-maximo-do-maximo-carro-e-abafa-reclamacoes","status":"publish","type":"post","link":"https:\/\/grandepremio.com\/br\/f1\/red-bull-diz-que-verstappen-tirou-maximo-do-maximo-carro-e-abafa-reclamacoes\/","title":{"rendered":"Red Bull diz que Verstappen tirou &#8220;m\u00e1ximo do m\u00e1ximo&#8221; do carro e abafa reclama\u00e7\u00f5es"},"content":{"rendered":"<p><meta http-equiv=\"refresh\" content=\"135; url=https:\/\/youtu.be\/FZEW5c4rzJM\"><\/p>\n\n\n<figure class=\"wp-block-embed-youtube wp-block-embed is-type-video is-provider-youtube wp-embed-aspect-16-9 wp-has-aspect-ratio\"><div class=\"wp-block-embed__wrapper\">\n<iframe loading=\"lazy\" title=\"F1 2020: HAMILTON em outra liga, a an\u00e1lise do GP DA ESPANHA | Briefing\" width=\"500\" height=\"281\" src=\"https:\/\/www.youtube.com\/embed\/FZEW5c4rzJM?feature=oembed\" frameborder=\"0\" allow=\"accelerometer; autoplay; clipboard-write; encrypted-media; gyroscope; picture-in-picture; web-share\" referrerpolicy=\"strict-origin-when-cross-origin\" allowfullscreen><\/iframe>\n<\/div><\/figure>\n\n\n\n<p class=\"wp-block-paragraph\">Diferente do que aconteceu na semana passada, no GP dos 70 Anos, a Red Bull n\u00e3o venceu a corrida <a href=\"https:\/\/www.grandepremio.com\/br\/f1\/noticias\/hamilton-vence-sem-sustos-gp-da-espanha-verstappen-derrota-bottas-e-e-segundo\/?fl=true&amp;utm_source=lance\">na Catalunha<\/a>. O chefe Christian Horner, contudo, foi bem claro ao afirmar que o time rubro-taurino estava distante de ter ritmo para tanto. Max Verstappen tirou tudo que era poss\u00edvel, segundo ele.<\/p>\n\n\n\n<p class=\"wp-block-paragraph\">Mesmo com Barcelona recebendo um calor semelhante ao que ajudou a Red Bull em Silverstone, o segundo lugar foi resultado precioso na realidade que se apresentou.<\/p>\n\n\n\n<p class=\"wp-block-paragraph\">&#8220;Foi o m\u00e1ximo do m\u00e1ximo que pod\u00edamos ter feito hoje. Creio que Max tirou tudo que era poss\u00edvel do carro e conseguiu dividir as Mercedes, que eram mais r\u00e1pidas. N\u00e3o acho que dava para fazer mais. Fiquei muito satisfeito com o dia de Max e o pessoal fez um trabalho incr\u00edvel no pit-stop&#8221;, disse.<\/p>\n\n\n\n<p class=\"wp-block-paragraph\">Com rela\u00e7\u00e3o \u00e0s reclama\u00e7\u00f5es de Verstappen durante o primeiro stint, quando queria parar nos boxes para trocar os pneus macios, o chefe p\u00f4s panos quentes.<\/p>\n\n\n\n<p class=\"wp-block-paragraph\">&#8220;[Do carro] ele n\u00e3o tem a mesma visibilidade que os estrategistas t\u00eam. Max \u00e9 ambicioso e est\u00e1 acelerando, e seu engenheiro deixa claro qual o trabalho dele. N\u00e3o queremos coloc\u00e1-lo num buraco que n\u00e3o vai ajudar por conta do tamanho dos stints e o tempo de vida dos pneus [que terminaram mais cedo e for\u00e7ariam uma parada a mais]&#8221;, apontou.<\/p>\n\n\n\n<p class=\"wp-block-paragraph\">&#8220;Espero que nas pr\u00f3ximas corridas possamos ver Lewis e Max se enfrentando de verdade. Acho que \u00e9 isso que os espectadores querem assistir&#8221;, seguiu.<\/p>\n\n\n\n<p class=\"wp-block-paragraph\">Sobre Alexander Albon, Horner explicou que ainda est\u00e1 com dificuldades de gerenciar os pneus em determinados momentos.<\/p>\n\n\n\n<p class=\"wp-block-paragraph\">&#8220;Estamos trabalhando muito com isso nos bastidores, nos simuladores. Max est\u00e1 andando melhor e mudando nossa parte de engenharia. No momento, n\u00e3o est\u00e1 fazendo tanto sentido para Alex, mas estamos ajudando&#8221;, finalizou.<\/p>\n\n\n\n<p class=\"wp-block-paragraph\">A F\u00f3rmula 1 para por duas semanas e retorna no fim de semana de 28-30 de agosto, direto de Spa-Francorchamps, para o GP da B\u00e9lgica.<\/p>\n\n\n\n<figure class=\"wp-block-embed-spotify wp-block-embed is-type-rich is-provider-spotify wp-embed-aspect-21-9 wp-has-aspect-ratio\"><div class=\"wp-block-embed__wrapper\">\n<iframe title=\"Spotify Embed: A Indy 500 mais decisiva dos \u00faltimos tempos | Paddockast #74\" style=\"border-radius: 12px\" width=\"100%\" height=\"152\" frameborder=\"0\" allowfullscreen allow=\"autoplay; clipboard-write; encrypted-media; fullscreen; picture-in-picture\" loading=\"lazy\" src=\"https:\/\/open.spotify.com\/embed\/episode\/5GGS55E50dyZfiYfdX2Jv8?utm_source=oembed\"><\/iframe>\n<\/div><\/figure>\n","protected":false},"excerpt":{"rendered":"<p>Christian Horner, chefe do time dos energ\u00e9ticos, destacou que a Mercedes era superior mesmo com o calor de Barcelona<\/p>\n","protected":false},"author":0,"featured_media":1000406638,"comment_status":"closed","ping_status":"closed","sticky":false,"template":"","format":"standard","meta":{"42wp_featured_image_caption":"","42wp_featured_image_credits":"","42wp_featured_video":"","42wp_featured_image_hidden":false,"42wp_authors_list":[],"footnotes":""},"categories":[2],"tags":[654,304,3624,118,157,996,159,158,203,25936,204],"42wp_author":[47120],"class_list":["post-127964","post","type-post","status-publish","format-standard","has-post-thumbnail","hentry","category-f1","tag-alexander-albon","tag-barcelona","tag-catalunha","tag-f1-2020","tag-formula-1-2020","tag-gp-da-espanha","tag-horarios-da-f1","tag-horarios-da-formula-1","tag-max-verstappen","tag-montmelo","tag-red-bull","42wp_author-pedro-henrique-marum"],"_links":{"self":[{"href":"https:\/\/grandepremio.com\/br\/wp-json\/wp\/v2\/posts\/127964","targetHints":{"allow":["GET"]}}],"collection":[{"href":"https:\/\/grandepremio.com\/br\/wp-json\/wp\/v2\/posts"}],"about":[{"href":"https:\/\/grandepremio.com\/br\/wp-json\/wp\/v2\/types\/post"}],"replies":[{"embeddable":true,"href":"https:\/\/grandepremio.com\/br\/wp-json\/wp\/v2\/comments?post=127964"}],"version-history":[{"count":0,"href":"https:\/\/grandepremio.com\/br\/wp-json\/wp\/v2\/posts\/127964\/revisions"}],"wp:featuredmedia":[{"embeddable":true,"href":"https:\/\/grandepremio.com\/br\/wp-json\/wp\/v2\/media\/1000406638"}],"wp:attachment":[{"href":"https:\/\/grandepremio.com\/br\/wp-json\/wp\/v2\/media?parent=127964"}],"wp:term":[{"taxonomy":"category","embeddable":true,"href":"https:\/\/grandepremio.com\/br\/wp-json\/wp\/v2\/categories?post=127964"},{"taxonomy":"post_tag","embeddable":true,"href":"https:\/\/grandepremio.com\/br\/wp-json\/wp\/v2\/tags?post=127964"},{"taxonomy":"42wp_author","embeddable":true,"href":"https:\/\/grandepremio.com\/br\/wp-json\/wp\/v2\/42wp_author?post=127964"}],"curies":[{"name":"wp","href":"https:\/\/api.w.org\/{rel}","templated":true}]}}