{"id":127975,"date":"2020-08-16T13:12:19","date_gmt":"2020-08-16T16:12:19","guid":{"rendered":"https:\/\/grandepremio.com\/br\/noticias\/de-volta-as-vitorias-mercedes-lamenta-fraqueza-de-bottas-na-corrida-a-largada\/"},"modified":"2020-08-16T13:12:27","modified_gmt":"2020-08-16T16:12:27","slug":"de-volta-as-vitorias-mercedes-lamenta-fraqueza-de-bottas-na-corrida-a-largada","status":"publish","type":"post","link":"https:\/\/grandepremio.com\/br\/f1\/de-volta-as-vitorias-mercedes-lamenta-fraqueza-de-bottas-na-corrida-a-largada\/","title":{"rendered":"De volta \u00e0s vit\u00f3rias, Mercedes lamenta &#8220;fraqueza&#8221; de Bottas na corrida: a largada"},"content":{"rendered":"\n<figure class=\"wp-block-embed-youtube wp-block-embed is-type-video is-provider-youtube wp-embed-aspect-16-9 wp-has-aspect-ratio\"><div class=\"wp-block-embed__wrapper\">\n<iframe loading=\"lazy\" title=\"F1 2020: HAMILTON em outra liga, a an\u00e1lise do GP DA ESPANHA | Briefing\" width=\"500\" height=\"281\" src=\"https:\/\/www.youtube.com\/embed\/FZEW5c4rzJM?feature=oembed\" frameborder=\"0\" allow=\"accelerometer; autoplay; clipboard-write; encrypted-media; gyroscope; picture-in-picture; web-share\" referrerpolicy=\"strict-origin-when-cross-origin\" allowfullscreen><\/iframe>\n<\/div><\/figure>\n\n\n\n<p class=\"wp-block-paragraph\">A Mercedes voltou \u00e0 normalidade na temporada 2020: venceu. Na manh\u00e3 deste domingo (16), jamais deu a impress\u00e3o de que n\u00e3o tinha a situa\u00e7\u00e3o sob controle do <a href=\"https:\/\/www.grandepremio.com\/br\/f1\/noticias\/hamilton-vence-sem-sustos-gp-da-espanha-verstappen-derrota-bottas-e-e-segundo\/?fl=true&amp;utm_source=lance\">GP da Espanha<\/a>, ainda que o componente principal da derrota de Silverstone, o calor, estava de volta e refor\u00e7ado. Mesmo assim, n\u00e3o teve quem parasse Lewis Hamilton. Por tudo isso, Toto Wolff estava aliviado ao fim da prova.<\/p>\n\n\n\n<p class=\"wp-block-paragraph\">O chefe da Mercedes vibrou com a retomada e elogiou o dom\u00ednio de Hamilton. Quanto a Valtteri Bottas, claro, lembrou da largada que empurrou o finland\u00eas para a quinta coloca\u00e7\u00e3o &#8211; Bottas terminou a prova em terceiro.<\/p>\n\n\n\n<p class=\"wp-block-paragraph\">&#8220;O que me deixa feliz \u00e9 que pudemos nos recuperar de Silverstone e vencer nas mesmas condi\u00e7\u00f5es&#8221;, comemorou.<\/p>\n\n\n\n<p class=\"wp-block-paragraph\">&#8220;Tenho de agradecer a todos os engenheiros e ao departamento de din\u00e2mica: eles mostraram a for\u00e7a da nossa equipe&#8221;, seguiu.<\/p>\n\n\n\n<p class=\"wp-block-paragraph\">&#8220;Lewis esteve [com a corrida] totalmente sob controle. A fraqueza para Valtteri hoje foi a largada. Ele at\u00e9 alcan\u00e7ou Max Verstappen, mas n\u00e3o conseguiu ultrapassar, visto que os pneus macios n\u00e3o funcionaram como esperado&#8221;, finalizou.<\/p>\n\n\n\n<p class=\"wp-block-paragraph\">A F\u00f3rmula 1 para por duas semanas e retorna no fim de semana de 28-30 de agosto, direto de Spa-Francorchamps, para o GP da B\u00e9lgica.<\/p>\n\n\n\n<figure class=\"wp-block-embed-spotify wp-block-embed is-type-rich is-provider-spotify wp-embed-aspect-21-9 wp-has-aspect-ratio\"><div class=\"wp-block-embed__wrapper\">\n<iframe title=\"Spotify Embed: A Indy 500 mais decisiva dos \u00faltimos tempos | Paddockast #74\" style=\"border-radius: 12px\" width=\"100%\" height=\"152\" frameborder=\"0\" allowfullscreen allow=\"autoplay; clipboard-write; encrypted-media; fullscreen; picture-in-picture\" loading=\"lazy\" src=\"https:\/\/open.spotify.com\/embed\/episode\/5GGS55E50dyZfiYfdX2Jv8?utm_source=oembed\"><\/iframe>\n<\/div><\/figure>\n","protected":false},"excerpt":{"rendered":"<p>Toto Wolff comemorou o fato da recupera\u00e7\u00e3o da equipe vir exatamente num outro dia de muito calor, j\u00e1 que a temperatura teve papel t\u00e3o fundamental na derrota de Silverstone<\/p>\n","protected":false},"author":0,"featured_media":1000407755,"comment_status":"closed","ping_status":"closed","sticky":false,"template":"","format":"standard","meta":{"42wp_featured_image_caption":"","42wp_featured_image_credits":"","42wp_featured_video":"","42wp_featured_image_hidden":false,"42wp_authors_list":[],"footnotes":""},"categories":[2],"tags":[304,3624,118,157,996,159,158,87,203,82,25936,150,612,24833],"42wp_author":[47120],"class_list":["post-127975","post","type-post","status-publish","format-standard","has-post-thumbnail","hentry","category-f1","tag-barcelona","tag-catalunha","tag-f1-2020","tag-formula-1-2020","tag-gp-da-espanha","tag-horarios-da-f1","tag-horarios-da-formula-1","tag-lewis-hamilton","tag-max-verstappen","tag-mercedes","tag-montmelo","tag-toto-wolff","tag-valtteri-bottas","tag-vitoria-2","42wp_author-pedro-henrique-marum"],"_links":{"self":[{"href":"https:\/\/grandepremio.com\/br\/wp-json\/wp\/v2\/posts\/127975","targetHints":{"allow":["GET"]}}],"collection":[{"href":"https:\/\/grandepremio.com\/br\/wp-json\/wp\/v2\/posts"}],"about":[{"href":"https:\/\/grandepremio.com\/br\/wp-json\/wp\/v2\/types\/post"}],"replies":[{"embeddable":true,"href":"https:\/\/grandepremio.com\/br\/wp-json\/wp\/v2\/comments?post=127975"}],"version-history":[{"count":0,"href":"https:\/\/grandepremio.com\/br\/wp-json\/wp\/v2\/posts\/127975\/revisions"}],"wp:featuredmedia":[{"embeddable":true,"href":"https:\/\/grandepremio.com\/br\/wp-json\/wp\/v2\/media\/1000407755"}],"wp:attachment":[{"href":"https:\/\/grandepremio.com\/br\/wp-json\/wp\/v2\/media?parent=127975"}],"wp:term":[{"taxonomy":"category","embeddable":true,"href":"https:\/\/grandepremio.com\/br\/wp-json\/wp\/v2\/categories?post=127975"},{"taxonomy":"post_tag","embeddable":true,"href":"https:\/\/grandepremio.com\/br\/wp-json\/wp\/v2\/tags?post=127975"},{"taxonomy":"42wp_author","embeddable":true,"href":"https:\/\/grandepremio.com\/br\/wp-json\/wp\/v2\/42wp_author?post=127975"}],"curies":[{"name":"wp","href":"https:\/\/api.w.org\/{rel}","templated":true}]}}