{"id":127992,"date":"2020-08-16T09:05:05","date_gmt":"2020-08-16T12:05:05","guid":{"rendered":"https:\/\/grandepremio.com\/br\/noticias\/gelael-fratura-vertebra-apos-incidente-com-aitken-na-formula-2-em-barcelona\/"},"modified":"2020-08-16T09:07:15","modified_gmt":"2020-08-16T12:07:15","slug":"gelael-fratura-vertebra-apos-incidente-com-aitken-na-formula-2-em-barcelona","status":"publish","type":"post","link":"https:\/\/grandepremio.com\/br\/f2\/gelael-fratura-vertebra-apos-incidente-com-aitken-na-formula-2-em-barcelona\/","title":{"rendered":"Gelael fratura v\u00e9rtebra ap\u00f3s incidente com Aitken na F\u00f3rmula 2 em Barcelona"},"content":{"rendered":"\n<figure class=\"wp-block-embed-youtube wp-block-embed is-type-video is-provider-youtube wp-embed-aspect-16-9 wp-has-aspect-ratio\"><div class=\"wp-block-embed__wrapper\">\n<iframe loading=\"lazy\" title=\"F1 2020: &amp;apos;Modo festa&amp;apos; de HAMILTON: o pr\u00e9-corrida do GP DA ESPANHA | Briefing\" width=\"500\" height=\"281\" src=\"https:\/\/www.youtube.com\/embed\/-sHQPVtrtxY?feature=oembed\" frameborder=\"0\" allow=\"accelerometer; autoplay; clipboard-write; encrypted-media; gyroscope; picture-in-picture; web-share\" referrerpolicy=\"strict-origin-when-cross-origin\" allowfullscreen><\/iframe>\n<\/div><\/figure>\n\n\n\n<p class=\"wp-block-paragraph\">O misterioso incidente envolvendo Sean Gelael na \u00faltima volta da corrida 1 da F\u00f3rmula 2 em Barcelona foi finalmente desvendado. O piloto sofreu uma fratura na v\u00e9rtebra D4 ap\u00f3s incidente com Jack Aitken na volta final da prova, quando &#8220;decolou e pousou com for\u00e7a&#8221;, segundo a equipe DAMS.<\/p>\n\n\n\n<p class=\"wp-block-paragraph\">No s\u00e1bado (15), Gelael <a href=\"https:\/\/www.grandepremio.com\/br\/f2\/noticias\/incidente-no-fim-da-corrida-1-obriga-gelael-a-ser-levado-a-hospital-em-barcelona\/\">n\u00e3o completou a prova e foi flagrado parado dentro do carro<\/a>. A origem do acidente e do impacto n\u00e3o ficaram claras no momento, mas a FIA divulgou, horas depois, um comunicado informado que o piloto precisou ser atendido pelas equipes m\u00e9dica e de emerg\u00eancias. O indon\u00e9sio foi retirado do carro e levado para o Hospital General de Granollers para checagem.<\/p>\n\n\n\n<figure class=\"wp-block-image size-large\"><img decoding=\"async\" src=\"https:\/\/www.grandepremio.com\/br\/wp-content\/uploads\/2020\/08\/GPF2-5-1024x458.jpg\" alt=\"\" class=\"wp-image-407325\"\/><figcaption>Sean Gelael sofreu acidente no fim da corrida (Foto: Reprodu\u00e7\u00e3o)<\/figcaption><\/figure>\n\n\n\n<p class=\"wp-block-paragraph\">Na noite de s\u00e1bado, ap\u00f3s exames detalhados, o piloto da DAMS teve a fratura diagnosticada e foi impedido de participar da corrida 2. Em breve declara\u00e7\u00e3o nas redes sociais, a equipe disse que a presen\u00e7a de Gelael na pr\u00f3xima etapa, na B\u00e9lgica, entre 28 e 30 de agosto, ainda \u00e9 incerta.<\/p>\n\n\n\n<p class=\"wp-block-paragraph\">Em um publica\u00e7\u00e3o no Instagram, o piloto agradeceu as mensagens de apoio e acalmou os f\u00e3s.<\/p>\n\n\n\n<p class=\"wp-block-paragraph\">&#8220;Ol\u00e1, pessoal, obrigado por todas as carinhosas mensagens. Estou bem, tive uma fratura no meio da espinha. Vamos esperar para ver o que o futuro nos apresenta&#8221;, disse Gelael.<\/p>\n","protected":false},"excerpt":{"rendered":"<p>O misterioso incidente de Sean Gelael come\u00e7ou a ser explicado horas depois da corrida 1 em Barcelona e teve Jack Aitken envolvido. O piloto da DAMS fraturou uma v\u00e9rtebra e \u00e9 d\u00favida para a pr\u00f3xima corrida, em Spa<\/p>\n","protected":false},"author":0,"featured_media":1000407529,"comment_status":"closed","ping_status":"closed","sticky":false,"template":"","format":"standard","meta":{"42wp_featured_image_caption":"","42wp_featured_image_credits":"","42wp_featured_video":"","42wp_featured_image_hidden":false,"42wp_authors_list":[],"footnotes":""},"categories":[9],"tags":[304,1539,111,112,25933,25932,996,1935],"42wp_author":[47109],"class_list":["post-127992","post","type-post","status-publish","format-standard","has-post-thumbnail","hentry","category-f2","tag-barcelona","tag-dams","tag-f2","tag-f2-2020","tag-formula-2-3","tag-formula-2-2020-3","tag-gp-da-espanha","tag-sean-gelael","42wp_author-redacao-gp"],"_links":{"self":[{"href":"https:\/\/grandepremio.com\/br\/wp-json\/wp\/v2\/posts\/127992","targetHints":{"allow":["GET"]}}],"collection":[{"href":"https:\/\/grandepremio.com\/br\/wp-json\/wp\/v2\/posts"}],"about":[{"href":"https:\/\/grandepremio.com\/br\/wp-json\/wp\/v2\/types\/post"}],"replies":[{"embeddable":true,"href":"https:\/\/grandepremio.com\/br\/wp-json\/wp\/v2\/comments?post=127992"}],"version-history":[{"count":0,"href":"https:\/\/grandepremio.com\/br\/wp-json\/wp\/v2\/posts\/127992\/revisions"}],"wp:featuredmedia":[{"embeddable":true,"href":"https:\/\/grandepremio.com\/br\/wp-json\/wp\/v2\/media\/1000407529"}],"wp:attachment":[{"href":"https:\/\/grandepremio.com\/br\/wp-json\/wp\/v2\/media?parent=127992"}],"wp:term":[{"taxonomy":"category","embeddable":true,"href":"https:\/\/grandepremio.com\/br\/wp-json\/wp\/v2\/categories?post=127992"},{"taxonomy":"post_tag","embeddable":true,"href":"https:\/\/grandepremio.com\/br\/wp-json\/wp\/v2\/tags?post=127992"},{"taxonomy":"42wp_author","embeddable":true,"href":"https:\/\/grandepremio.com\/br\/wp-json\/wp\/v2\/42wp_author?post=127992"}],"curies":[{"name":"wp","href":"https:\/\/api.w.org\/{rel}","templated":true}]}}