{"id":127995,"date":"2020-08-16T07:54:02","date_gmt":"2020-08-16T10:54:02","guid":{"rendered":"https:\/\/grandepremio.com\/br\/noticias\/barcelona-tem-calor-e-ceu-parcialmente-nublado-para-gp-da-espanha-de-formula-1\/"},"modified":"2020-08-16T07:54:05","modified_gmt":"2020-08-16T10:54:05","slug":"barcelona-tem-calor-e-ceu-parcialmente-nublado-para-gp-da-espanha-de-formula-1","status":"publish","type":"post","link":"https:\/\/grandepremio.com\/br\/f1\/barcelona-tem-calor-e-ceu-parcialmente-nublado-para-gp-da-espanha-de-formula-1\/","title":{"rendered":"Barcelona tem calor e c\u00e9u parcialmente nublado para GP da Espanha de F\u00f3rmula 1"},"content":{"rendered":"\n<figure class=\"wp-block-embed-youtube wp-block-embed is-type-video is-provider-youtube wp-embed-aspect-16-9 wp-has-aspect-ratio\"><div class=\"wp-block-embed__wrapper\">\n<iframe loading=\"lazy\" title=\"F1 2020: &amp;apos;Modo festa&amp;apos; de HAMILTON: o pr\u00e9-corrida do GP DA ESPANHA | Briefing\" width=\"500\" height=\"281\" src=\"https:\/\/www.youtube.com\/embed\/-sHQPVtrtxY?feature=oembed\" frameborder=\"0\" allow=\"accelerometer; autoplay; clipboard-write; encrypted-media; gyroscope; picture-in-picture; web-share\" referrerpolicy=\"strict-origin-when-cross-origin\" allowfullscreen><\/iframe>\n<\/div><\/figure>\n\n\n\n<p class=\"wp-block-paragraph\">Montmel\u00f3, cidade localizada nas cercanias de Barcelona, vai receber a sexta etapa desta at\u00edpica temporada 2020 do Mundial de F\u00f3rmula 1. O GP da Espanha, que ao longo do fim de semana vem sendo marcado pelo forte calor, vai ser disputado neste domingo (16) com c\u00e9u parcialmente nublado, o que vai amenizar um pouco o tempo quente e, em teoria, tende a beneficiar a Mercedes na luta pela vit\u00f3ria.<\/p>\n\n\n\n<p class=\"wp-block-paragraph\">No momento, pouco depois da realiza\u00e7\u00e3o da corrida 2 da F\u00f3rmula 2, vencida pelo brasileiro Felipe Drugovich, a temperatura ambiente \u00e9 de 28\u00baC, com sensa\u00e7\u00e3o t\u00e9rmica de 30\u00baC, informa o site especializado Weather Channel.<\/p>\n\n\n\n<figure class=\"wp-block-image size-large\"><img decoding=\"async\" src=\"https:\/\/www.grandepremio.com\/br\/wp-content\/uploads\/2020\/08\/renault-danielricciardo-02-5-1024x683.jpg\" alt=\"\" class=\"wp-image-406642\"\/><figcaption>Barcelona recebe a F\u00f3rmula 1 neste fim de semana ap\u00f3s estar amea\u00e7ada de sair do calend\u00e1rio (Foto: Renault)<\/figcaption><\/figure>\n\n\n\n<p class=\"wp-block-paragraph\">Ao longo das pr\u00f3ximas horas, os term\u00f4metros v\u00e3o variar para a m\u00e1xima de 29\u00baC de temperatura ambiente, mas sempre com c\u00e9u parcialmente nublado. Segundo a meteorologia, a velocidade dos ventos vai chegar aos 18 km\/h na dire\u00e7\u00e3o Sudeste, com a sensa\u00e7\u00e3o t\u00e9rmica chegando a 31\u00baC.<\/p>\n\n\n\n<p class=\"wp-block-paragraph\">O c\u00e9u um tanto nublado levanta a possibilidade baixa, por\u00e9m existente, de chuva para o GP da Espanha. A previs\u00e3o do tempo aponta 10% de chance de a corrida ter a pista molhada em algum momento. A umidade relativa do ar vai chegar aos 63%.<\/p>\n\n\n\n<p class=\"wp-block-paragraph\">A Red Bull aposta no calor como uma arma para tentar derrotar a Mercedes e repetir o feito logrado h\u00e1 uma semana em Silverstone, onde triunfou no GP dos 70 Anos da F\u00f3rmula 1.<\/p>\n\n\n\n<p class=\"wp-block-paragraph\"><a href=\"https:\/\/www.grandepremio.com\/br\/f1\/noticias\/hamilton-se-despede-do-modo-festa-com-pole-na-espanha-e-nem-chassi-novo-salva-vettel\/?fl=true&amp;utm_source=lance\">Lewis Hamilton vai largar na pole-position do GP da Espanha, tendo ao seu lado na primeira fila o companheiro de Mercedes, Valtteri Bottas<\/a>. Verstappen inicia a corrida em terceiro, enquanto Sergio P\u00e9rez completa a segunda fila do grid na Catalunha.<\/p>\n\n\n\n<p class=\"wp-block-paragraph\">Logo mais, \u00e0s 9h (de Bras\u00edlia), o <strong>GRANDE PR\u00caMIO<\/strong> apresenta o <strong>BRIEFING<\/strong> programa pr\u00e9-corrida do GP da Espanha com a an\u00e1lise da classifica\u00e7\u00e3o, as \u00faltimas informa\u00e7\u00f5es e os bastidores da prova com Victor Martins, Fernando Silva e Vitor Fazio. Tudo AO VIVO no <a href=\"https:\/\/www.youtube.com\/c\/GrandePremioTV\/videos\">GP TV, o canal do GRANDE PR\u00caMIO no YouTube<\/a>.<\/p>\n","protected":false},"excerpt":{"rendered":"<p>Segundo o site especializado Weather Channel, a chance de chuva durante a sexta etapa da temporada 2020 \u00e9 de 10%. O calor, que vem sendo encarado como um desafio pelos pilotos, tende a ser um pouco menos forte nas pr\u00f3ximas horas na Catalunha<\/p>\n","protected":false},"author":0,"featured_media":1000406736,"comment_status":"closed","ping_status":"closed","sticky":false,"template":"","format":"standard","meta":{"42wp_featured_image_caption":"","42wp_featured_image_credits":"","42wp_featured_video":"","42wp_featured_image_hidden":false,"42wp_authors_list":[],"footnotes":""},"categories":[2],"tags":[304,147,118,24837,180,996,24836,2326,25333],"42wp_author":[47110],"class_list":["post-127995","post","type-post","status-publish","format-standard","has-post-thumbnail","hentry","category-f1","tag-barcelona","tag-f1","tag-f1-2020","tag-formula-1-2","tag-formula-1","tag-gp-da-espanha","tag-grande-premio-2","tag-meteorologia","tag-previsao-do-tempo","42wp_author-fernando-silva"],"_links":{"self":[{"href":"https:\/\/grandepremio.com\/br\/wp-json\/wp\/v2\/posts\/127995","targetHints":{"allow":["GET"]}}],"collection":[{"href":"https:\/\/grandepremio.com\/br\/wp-json\/wp\/v2\/posts"}],"about":[{"href":"https:\/\/grandepremio.com\/br\/wp-json\/wp\/v2\/types\/post"}],"replies":[{"embeddable":true,"href":"https:\/\/grandepremio.com\/br\/wp-json\/wp\/v2\/comments?post=127995"}],"version-history":[{"count":0,"href":"https:\/\/grandepremio.com\/br\/wp-json\/wp\/v2\/posts\/127995\/revisions"}],"wp:featuredmedia":[{"embeddable":true,"href":"https:\/\/grandepremio.com\/br\/wp-json\/wp\/v2\/media\/1000406736"}],"wp:attachment":[{"href":"https:\/\/grandepremio.com\/br\/wp-json\/wp\/v2\/media?parent=127995"}],"wp:term":[{"taxonomy":"category","embeddable":true,"href":"https:\/\/grandepremio.com\/br\/wp-json\/wp\/v2\/categories?post=127995"},{"taxonomy":"post_tag","embeddable":true,"href":"https:\/\/grandepremio.com\/br\/wp-json\/wp\/v2\/tags?post=127995"},{"taxonomy":"42wp_author","embeddable":true,"href":"https:\/\/grandepremio.com\/br\/wp-json\/wp\/v2\/42wp_author?post=127995"}],"curies":[{"name":"wp","href":"https:\/\/api.w.org\/{rel}","templated":true}]}}