{"id":128009,"date":"2020-08-15T16:48:02","date_gmt":"2020-08-15T19:48:02","guid":{"rendered":"https:\/\/grandepremio.com\/br\/noticias\/confira-declaracoes-dos-pilotos-apos-classificacao-do-gp-da-espanha\/"},"modified":"2020-08-15T16:48:07","modified_gmt":"2020-08-15T19:48:07","slug":"confira-declaracoes-dos-pilotos-apos-classificacao-do-gp-da-espanha","status":"publish","type":"post","link":"https:\/\/grandepremio.com\/br\/f1\/confira-declaracoes-dos-pilotos-apos-classificacao-do-gp-da-espanha\/","title":{"rendered":"Confira declara\u00e7\u00f5es dos pilotos ap\u00f3s classifica\u00e7\u00e3o do GP da Espanha"},"content":{"rendered":"\n<figure class=\"wp-block-embed-youtube wp-block-embed is-type-video is-provider-youtube wp-embed-aspect-16-9 wp-has-aspect-ratio\"><div class=\"wp-block-embed__wrapper\">\n<iframe loading=\"lazy\" title=\"Lewis HAMILTON, RACISMO e a F1 | Cadeira Cativa #19\" width=\"500\" height=\"281\" src=\"https:\/\/www.youtube.com\/embed\/9Bl_sDGuNoc?start=4&amp;feature=oembed\" frameborder=\"0\" allow=\"accelerometer; autoplay; clipboard-write; encrypted-media; gyroscope; picture-in-picture; web-share\" referrerpolicy=\"strict-origin-when-cross-origin\" allowfullscreen><\/iframe>\n<\/div><\/figure>\n\n\n\n<p class=\"wp-block-paragraph\">A Mercedes <a href=\"https:\/\/www.grandepremio.com\/br\/f1\/noticias\/hamilton-se-despede-do-modo-festa-com-pole-na-espanha-e-nem-chassi-novo-salva-vettel\/\">conseguiu mais uma dobradinha em grid de largada na temporada 2020<\/a>. Diferente da semana passada, em Silverstone, a pole do GP da Espanha ficou com Lewis Hamilton, com Valtteri Bottas fechando a primeira fila.<\/p>\n\n\n\n<p class=\"wp-block-paragraph\">Max Verstappen se esfor\u00e7ou para pressionar a Mercedes, mas ficou em terceiro. Sergio P\u00e9rez, voltando a correr ap\u00f3s testar positivo para Covid-19 e perder duas corrida, ficou em quarto. Lance Stroll fecha o top-5.<\/p>\n\n\n\n<p class=\"wp-block-paragraph\">Carlos Sainz Jr., Lando Norris, Charles Leclerc e Pierre Gasly fecham os dez primeiros em Barcelona. Sebastian Vettel voltou a ficar pelo caminho no Q2, e larga em 11\u00ba.<\/p>\n\n\n\n<figure class=\"wp-block-image size-large\"><img decoding=\"async\" src=\"https:\/\/www.grandepremio.com\/br\/wp-content\/uploads\/2020\/08\/mercedes-lewishamilton-10-1024x683.jpg\" alt=\"\" class=\"wp-image-407068\"\/><figcaption>Max Verstappen e Lewis Hamilton ap\u00f3s a classifica\u00e7\u00e3o (Foto: AFP)<\/figcaption><\/figure>\n\n\n\n<p class=\"wp-block-paragraph\">O\u00a0<strong>GRANDE PR\u00caMIO<\/strong>\u00a0acompanha\u00a0<a href=\"https:\/\/www.grandepremio.com\/br\/ao-vivo\/f1\/gp-da-espanha-2020-treinos-livres\/?fl=true&amp;utm_source=lance\">AO VIVO e em TEMPO REAL todo o fim de semana do GP da Espanha de F1<\/a>.<\/p>\n\n\n\n<p class=\"wp-block-paragraph\"><strong>Confira as declara\u00e7\u00f5es dos pilotos:<\/strong><\/p>\n\n\n\n<p class=\"wp-block-paragraph\"><strong>Lewis Hamilton, primeiro:<\/strong> <a href=\"https:\/\/www.grandepremio.com\/br\/f1\/noticias\/pole-hamilton-cita-forte-calor-e-largada-como-desafios-para-gp-da-espanha\/?fl=true&amp;utm_source=lance\">Pole, Hamilton cita forte calor e largada como desafios para GP da Espanha<\/a><\/p>\n\n\n\n<p class=\"wp-block-paragraph\"><strong>Valtteri Bottas, segundo:<\/strong> <a href=\"https:\/\/www.grandepremio.com\/br\/f1\/noticias\/atras-de-hamilton-bottas-diz-que-largada-e-melhor-chance-para-vencer-em-barcelona\/?fl=true&amp;utm_source=lance\">Atr\u00e1s de Hamilton, Bottas diz que largada \u201c\u00e9 melhor chance\u201d para vencer em Barcelona<\/a><\/p>\n\n\n\n<p class=\"wp-block-paragraph\"><strong>Max Verstappen, terceiro:<\/strong> <a href=\"https:\/\/www.grandepremio.com\/br\/f1\/noticias\/verstappen-se-conforma-com-3o-no-grid-em-barcelona-e-o-maximo-que-podemos-fazer\/?fl=true&amp;utm_source=lance\">Verstappen se conforma com 3\u00ba no grid em Barcelona: \u201c\u00c9 o m\u00e1ximo que podemos fazer\u201d<\/a><\/p>\n\n\n\n<p class=\"wp-block-paragraph\"><strong>Sergio P\u00e9rez, quarto:<\/strong> <a href=\"https:\/\/www.grandepremio.com\/br\/f1\/noticias\/definitivamente-de-olho-no-podio-perez-ve-largada-como-chave-para-bater-verstappen\/?fl=true&amp;utm_source=lance\">\u201cDefinitivamente\u201d de olho no p\u00f3dio, P\u00e9rez v\u00ea largada como chave para bater Verstappen<\/a><\/p>\n\n\n\n<p class=\"wp-block-paragraph\"><strong>Lance Stroll, quinto:<\/strong> <a href=\"https:\/\/www.grandepremio.com\/br\/f1\/noticias\/definitivamente-de-olho-no-podio-perez-ve-largada-como-chave-para-bater-verstappen\/?fl=true&amp;utm_source=lance\">\u201cDefinitivamente\u201d de olho no p\u00f3dio, P\u00e9rez v\u00ea largada como chave para bater Verstappen<\/a><\/p>\n\n\n\n<p class=\"wp-block-paragraph\"><strong>Alexander Albon, sexto:<\/strong> <a href=\"https:\/\/www.grandepremio.com\/br\/f1\/noticias\/6o-albon-iguala-melhor-classificacao-de-2020-mas-esperava-mais-em-barcelona\/?fl=true&amp;utm_source=lance\">6\u00ba, Albon iguala melhor classifica\u00e7\u00e3o de 2020, mas \u201cesperava mais\u201d em Barcelona<\/a><\/p>\n\n\n\n<figure class=\"wp-block-image size-large\"><img decoding=\"async\" src=\"https:\/\/www.grandepremio.com\/br\/wp-content\/uploads\/2020\/08\/racingpoint-sergioperez-01-1-1024x683.jpg\" alt=\"\" class=\"wp-image-407178\"\/><figcaption>P\u00e9rez perdeu as duas \u00faltimas corridas da temporada e retorna em Barcelona (Foto: Racing Point)<\/figcaption><\/figure>\n\n\n\n<p class=\"wp-block-paragraph\"><strong>Carlos Sainz Jr., s\u00e9timo:<\/strong> <a href=\"https:\/\/www.grandepremio.com\/br\/f1\/noticias\/sainz-lamenta-erro-em-volta-rapida-no-q3-8o-norris-ve-evolucao-da-mclaren\/?fl=true&amp;utm_source=lance\">Sainz lamenta erro em volta r\u00e1pida no Q3. 8\u00ba, Norris v\u00ea evolu\u00e7\u00e3o da McLaren<\/a><\/p>\n\n\n\n<p class=\"wp-block-paragraph\"><strong>Lando Norris, oitavo:<\/strong> <a href=\"https:\/\/www.grandepremio.com\/br\/f1\/noticias\/sainz-lamenta-erro-em-volta-rapida-no-q3-8o-norris-ve-evolucao-da-mclaren\/?fl=true&amp;utm_source=lance\">Sainz lamenta erro em volta r\u00e1pida no Q3. 8\u00ba, Norris v\u00ea evolu\u00e7\u00e3o da McLaren<\/a><\/p>\n\n\n\n<p class=\"wp-block-paragraph\"><strong>Charles Leclerc, nono:<\/strong> <a href=\"https:\/\/www.grandepremio.com\/br\/f1\/noticias\/leclerc-relata-problema-com-frente-do-carro-e-reclama-simplesmente-nao-estou-feliz\/?fl=true&amp;utm_source=lance\">Leclerc relata problema com frente do carro e reclama: \u201cSimplesmente n\u00e3o estou feliz\u201d<\/a><\/p>\n\n\n\n<p class=\"wp-block-paragraph\"><strong>Pierre Gasly, d\u00e9cimo:<\/strong> &#8220;Acho que podemos ficar satisfeitos com outro Q3 neste fim de semana, especialmente porque foi uma sexta-feira muito dif\u00edcil e n\u00e3o me sentia confort\u00e1vel com o carro. Demos um enorme passo adiante para a classifica\u00e7\u00e3o. Tive uma boa volta no Q2 e decidimos guardar mais um pneu macio para a corrida. Estou feliz, mas tamb\u00e9m um pouco decepcionado porque sinto que poderia ter feito melhor e talvez conseguido mais alguns d\u00e9cimos de segundo. Sabemos que a corrida n\u00e3o ser\u00e1 f\u00e1cil, mas espero conquistar alguns pontos para recuperar a oportunidade perdida na \u00faltima semana.&#8221;<\/p>\n\n\n\n<p class=\"wp-block-paragraph\"><strong>Sebastian Vettel, 11\u00ba:<\/strong> <a href=\"https:\/\/www.grandepremio.com\/br\/f1\/noticias\/vettel-mostra-desanimo-com-carro-e-tenta-ignorar-coisas-que-podem-nao-estar-certas\/?fl=true&amp;utm_source=lance\">Vettel mostra des\u00e2nimo com carro e tenta \u201cignorar coisas que podem n\u00e3o estar certas\u201d<\/a><\/p>\n\n\n\n<p class=\"wp-block-paragraph\"><strong>Daniil Kvyat, 12\u00ba:<\/strong> &#8220;Pela manh\u00e3, tive problemas com o carro, que n\u00e3o se comportava direito, mas evolu\u00edmos para a classifica\u00e7\u00e3o. Estou satisfeito porque foi uma sess\u00e3o s\u00f3lida. Acredito que fiz uma boa volta e o 12\u00ba lugar \u00e9 bom para largar na corrida e brigar por pontos. Apenas espero ter um bom ritmo amanh\u00e3 e novamente terminar no top-10.&#8221;<\/p>\n\n\n\n<p class=\"wp-block-paragraph\"><strong>Daniel Ricciardo, 13\u00ba:<\/strong> &#8220;Foi uma pena porque est\u00e1vamos pr\u00f3ximos e s\u00f3 fiquei em 13\u00ba. Quando voc\u00ea ficar fora do Q3 por uma margem t\u00e3o pequena, \u00e9 uma pena porque poderia ser uma diferen\u00e7a de quatro posi\u00e7\u00f5es no grid. Fiz uma boa volta limpa no Q2, mas outros times conseguiram encontrar um tempo melhor. Precisamos encontrar um jeito para amanh\u00e3 e trabalhar ao m\u00e1ximo. Vai ser dif\u00edcil ultrapassar, mas vamos tentar. Estar\u00e1 bem quente e os pneus v\u00e3o trabalhar muito, ent\u00e3o h\u00e1 uma oportunidade na estrat\u00e9gia. Estou otimista.&#8221;<\/p>\n\n\n\n<figure class=\"wp-block-image size-large\"><img decoding=\"async\" src=\"https:\/\/www.grandepremio.com\/br\/wp-content\/uploads\/2020\/08\/alfaromeo-kimiraikkonen-01-6-1024x659.jpg\" alt=\"\" class=\"wp-image-407227\"\/><figcaption>Kimi R\u00e4ikk\u00f6nen conseguiu avan\u00e7ar para o Q2 pela primeira vez no ano (Foto: Alfa Romeo)<\/figcaption><\/figure>\n\n\n\n<p class=\"wp-block-paragraph\"><strong>Kimi R\u00e4ikk\u00f6nen, 14\u00ba:<\/strong> &#8220;Definitivamente foi um dia positivo. O carro melhorou muito e me deu confian\u00e7a para guiar como queria. Chegamos no Q2 e poder\u00edamos ter alcanado mais, mas eu n\u00e3o tinha um novo jogo de pneus macios e precisaria usar os m\u00e9dios. Talvez poderia brigar por um lugar no Q3, mas estou feliz. Estamos nos movendo na dire\u00e7\u00e3o certa e sabemos o que \u00e9 preciso para pontuar amanh\u00e3: ser mais r\u00e1pido que os demais carros na nossa frente.&#8221;<\/p>\n\n\n\n<p class=\"wp-block-paragraph\"><strong>Esteban Ocon, 15\u00ba:<\/strong> &#8220;Por um lado, os mec\u00e2nicos foram incr\u00edveis. Ap\u00f3s um azarado incidente no treino livre 3, o carro estava bem danificado e eles conseguiram me colocar na pista em menos de duas horas. Foi um esfor\u00e7o fant\u00e1stico e agrade\u00e7o a todos. Infelizmente, o lado negativo \u00e9 que n\u00e3o t\u00ednhamos o ritmo para chegar no Q3 hoje. \u00c9 algo que precisamos observa para saber como chegar no top-10 amanh\u00e3. Na \u00faltima semana, larguei em 14\u00ba e pontuei, ent\u00e3o vou dar o melhor amanh\u00e3 do mesmo jeito.&#8221;<\/p>\n\n\n\n<p class=\"wp-block-paragraph\"><strong>Kevin Magnussen, 16\u00ba:<\/strong> &#8220;Estava pr\u00f3ximo de avan\u00e7ar. Fomos prejudicados por tr\u00e1fego na minha segunda tentativa. As \u00faltimas curvas foram segurando o ritmo por causa de carros lentos abrindo volta e o pneu esfriou. N\u00e3o consegui fazer uma boa volta. \u00c9 uma oportunidade perdida, na minha opini\u00e3o. Estava confiante de que avan\u00e7aria na classifica\u00e7\u00e3o, de que t\u00ednhamos um bom carro. Nosso ritmo de corrida parece bom, melhor do que o ritmo de classifica\u00e7\u00e3o.&#8221;<\/p>\n\n\n\n<p class=\"wp-block-paragraph\"><strong>Romain Grosjean, 17\u00ba:<\/strong> &#8220;O carro n\u00e3o se comportou na classifica\u00e7\u00e3o como estava pela manh\u00e3, infelizmente. \u00c9 uma pena porque eu queria o carro exatamente como na sexta-feira. Precisamos mudar algumas partes, como o motor. Os rapazes trabalharam at\u00e9 4h da manh\u00e3 e eu realmente queria fazer algo bom hoje, mas a frente do carro estava saindo muito. Precisamos analizar o que aconteceu.&#8221;<\/p>\n\n\n\n<p class=\"wp-block-paragraph\"><strong>George Russell, 18\u00ba:<\/strong> &#8220;Estou satisfeito com a classifica\u00e7\u00e3o, pois est\u00e1vamos longe dos rivais nos treinos livres. Eu estava feliz com nossas performance, mas precisamos entender onde o ritmo de classifica\u00e7\u00e3o foi parar. Com essas condi\u00e7\u00f5es de pista, estamos sofrendo com o consumo de pneus. \u00c9 um pouco estranho, este circuito \u00e9 melhor do que Silverstone para n\u00f3s.&#8221;<\/p>\n\n\n\n<p class=\"wp-block-paragraph\"><strong>Nicholas Latifi, 19\u00ba:<\/strong> &#8220;Diminu\u00edmos a diferen\u00e7a de ontem para hoje ap\u00f3s algumas consider\u00e1veis mudan\u00e7as, mas n\u00e3o foi o suficiente. Na minha volta final, havia dois d\u00e9cimos para encontrar, mas n\u00e3o mudaria minha posi\u00e7\u00e3o no grid. N\u00e3o t\u00ednhamos potencial para chegar ao Q2 como nas \u00faltimas corridas, pois essa pista muito quente n\u00e3o favorece nosso carro.&#8221;<\/p>\n\n\n\n<p class=\"wp-block-paragraph\"><strong>Antonio Giovinazzi, 20\u00ba:<\/strong> &#8220;N\u00e3o foi a sess\u00e3o mais f\u00e1cil para mim. No fim da primeira tentativa, peguei uma zebra e acho que o assoalho foi danificado. Precisamos checar o que houve, mas isso fez a segunda tentativa mais dif\u00edcil. Agora precisamos pensar na corrida. Vai ser dif\u00edcil recuperar da 20\u00aa posi\u00e7\u00e3o, mesmo com uma boa estrat\u00e9gia, mas vamos dar o m\u00e1ximo.&#8221;<\/p>\n\n\n\n<figure class=\"wp-block-embed-youtube wp-block-embed is-type-video is-provider-youtube wp-embed-aspect-16-9 wp-has-aspect-ratio\"><div class=\"wp-block-embed__wrapper\">\n<iframe loading=\"lazy\" title=\"F1: FERRARI d\u00e1 novo chassi a VETTEL. S\u00f3 panos quentes na CRISE? | GP \u00e0s 10\" width=\"500\" height=\"281\" src=\"https:\/\/www.youtube.com\/embed\/85ZYgtkmX4E?feature=oembed\" frameborder=\"0\" allow=\"accelerometer; autoplay; clipboard-write; encrypted-media; gyroscope; picture-in-picture; web-share\" referrerpolicy=\"strict-origin-when-cross-origin\" allowfullscreen><\/iframe>\n<\/div><\/figure>\n","protected":false},"excerpt":{"rendered":"<p>A Mercedes dominou a classifica\u00e7\u00e3o para o GP da Espanha e fechou a primeira fila, dessa vez com Lewis Hamilton na pole position. Valtteri Bottas ficou em segundo e Max Verstappen fechou o top-3. Vettel voltou a ficar pelo caminho<\/p>\n","protected":false},"author":0,"featured_media":1000407057,"comment_status":"closed","ping_status":"closed","sticky":false,"template":"","format":"standard","meta":{"42wp_featured_image_caption":"","42wp_featured_image_credits":"","42wp_featured_video":"","42wp_featured_image_hidden":false,"42wp_authors_list":[],"footnotes":""},"categories":[2],"tags":[654,457,524,456,304,25390,209,211,781,302,147,118,207,24837,24860,800,996,119,117,24834,485,547,87,203,90,82,801,676,310,204,229,120,210,24863,612,215],"42wp_author":[47109],"class_list":["post-128009","post","type-post","status-publish","format-standard","has-post-thumbnail","hentry","category-f1","tag-alexander-albon","tag-alfa-romeo","tag-alphatauri","tag-antonio-giovinazzi","tag-barcelona","tag-carlos-sainz-jr-2","tag-charles-leclerc","tag-daniel-ricciardo","tag-daniil-kvyat","tag-esteban-ocon","tag-f1","tag-f1-2020","tag-ferrari","tag-formula-1-2","tag-formula-1-2020-2","tag-george-russell","tag-gp-da-espanha","tag-haas","tag-kevin-magnussen","tag-kimi-raikkonen-2","tag-lance-stroll","tag-lando-norris","tag-lewis-hamilton","tag-max-verstappen","tag-mclaren","tag-mercedes","tag-nicholas-latifi","tag-pierre-gasly","tag-racing-point","tag-red-bull","tag-renault","tag-romain-grosjean","tag-sebastian-vettel","tag-sergio-perez-2","tag-valtteri-bottas","tag-williams","42wp_author-redacao-gp"],"_links":{"self":[{"href":"https:\/\/grandepremio.com\/br\/wp-json\/wp\/v2\/posts\/128009","targetHints":{"allow":["GET"]}}],"collection":[{"href":"https:\/\/grandepremio.com\/br\/wp-json\/wp\/v2\/posts"}],"about":[{"href":"https:\/\/grandepremio.com\/br\/wp-json\/wp\/v2\/types\/post"}],"replies":[{"embeddable":true,"href":"https:\/\/grandepremio.com\/br\/wp-json\/wp\/v2\/comments?post=128009"}],"version-history":[{"count":0,"href":"https:\/\/grandepremio.com\/br\/wp-json\/wp\/v2\/posts\/128009\/revisions"}],"wp:featuredmedia":[{"embeddable":true,"href":"https:\/\/grandepremio.com\/br\/wp-json\/wp\/v2\/media\/1000407057"}],"wp:attachment":[{"href":"https:\/\/grandepremio.com\/br\/wp-json\/wp\/v2\/media?parent=128009"}],"wp:term":[{"taxonomy":"category","embeddable":true,"href":"https:\/\/grandepremio.com\/br\/wp-json\/wp\/v2\/categories?post=128009"},{"taxonomy":"post_tag","embeddable":true,"href":"https:\/\/grandepremio.com\/br\/wp-json\/wp\/v2\/tags?post=128009"},{"taxonomy":"42wp_author","embeddable":true,"href":"https:\/\/grandepremio.com\/br\/wp-json\/wp\/v2\/42wp_author?post=128009"}],"curies":[{"name":"wp","href":"https:\/\/api.w.org\/{rel}","templated":true}]}}