{"id":128012,"date":"2020-08-15T15:24:10","date_gmt":"2020-08-15T18:24:10","guid":{"rendered":"https:\/\/grandepremio.com\/br\/noticias\/speed-trap-velocidades-maximas-do-treino-de-classificacao-do-gp-da-espanha-2020\/"},"modified":"2020-08-15T16:13:31","modified_gmt":"2020-08-15T19:13:31","slug":"speed-trap-velocidades-maximas-do-treino-de-classificacao-do-gp-da-espanha-2020","status":"publish","type":"post","link":"https:\/\/grandepremio.com\/br\/f1\/speed-trap-velocidades-maximas-do-treino-de-classificacao-do-gp-da-espanha-2020\/","title":{"rendered":"Speed Trap: velocidades m\u00e1ximas do treino de classifica\u00e7\u00e3o do GP da Espanha 2020"},"content":{"rendered":"\n<figure class=\"wp-block-embed-youtube wp-block-embed is-type-video is-provider-youtube wp-embed-aspect-16-9 wp-has-aspect-ratio\"><div class=\"wp-block-embed__wrapper\">\n<iframe loading=\"lazy\" title=\"Lewis HAMILTON, RACISMO e a F1 | Cadeira Cativa #19\" width=\"500\" height=\"281\" src=\"https:\/\/www.youtube.com\/embed\/9Bl_sDGuNoc?feature=oembed\" frameborder=\"0\" allow=\"accelerometer; autoplay; clipboard-write; encrypted-media; gyroscope; picture-in-picture; web-share\" referrerpolicy=\"strict-origin-when-cross-origin\" allowfullscreen><\/iframe>\n<\/div><\/figure>\n\n\n\n<p class=\"wp-block-paragraph\">Enquanto o grid de largada continua com a normalidade da ordem de for\u00e7as da F\u00f3rmula 1 at\u00e9 agora na temporada, o <a href=\"https:\/\/www.grandepremio.com\/br\/f1\/noticias\/hamilton-se-despede-do-modo-festa-com-pole-na-espanha-e-nem-chassi-novo-salva-vettel\/?fl=true&amp;utm_source=lance\">treino de classifica\u00e7\u00e3o do GP da Espanha<\/a>, realizado neste s\u00e1bado (15), teve novidade no topo das velocidades. A McLaren, com Carlos Sainz.<\/p>\n\n\n\n<p class=\"wp-block-paragraph\">O futuro nome da Ferrari alcan\u00e7ou 328 km\/h no Circuito da Catalunha. Os dois carros da Racing Point deram sequ\u00eancia, mas s\u00f3 Lance Stroll, com 327.2 km ficou realmente pr\u00f3ximo. S\u00e9rgio P\u00e9rez j\u00e1 se afastou, com 325.2 km.<\/p>\n\n\n\n<p class=\"wp-block-paragraph\">Pierre Gasly ficou com o quarto lugar, ao passo que Lando Norris e Daniil Kvyat fecharam um top-6 de apenas tr\u00eas equipes, com a AlphaTauri fechando o c\u00edrculo.<\/p>\n\n\n\n<p class=\"wp-block-paragraph\">Daniel Ricciardo, Kimi R\u00e4ikk\u00f6nen, George Russell e Kevin Magnussen fecharam o top-10. Nicholas Latifi, Antonio Giovinazzi, Esteban Ocon, Romain Grosjean, Valtteri Bottas, Lewis Hamilton, Alexander Albon, Max Verstappen e Charles Leclerc encerraram a lista.<\/p>\n\n\n\n<p class=\"wp-block-paragraph\">O GP da Espanha de F1 tem largada marcada para domingo a partir de 10h10 (de Bras\u00edlia). O <strong>GRANDE PR\u00caMIO<\/strong> acompanha <strong>AO VIVO<\/strong> e em <strong>TEMPO REAL<\/strong>.<\/p>\n\n\n\n<h3 class=\"wp-block-heading\">F1 2020, GP da Espanha, Barcelona, Classifica\u00e7\u00e3o, Speed Trap:<\/h3>\n\n\n\n<figure class=\"wp-block-table\"><table><tbody><tr><td>1<\/td><td>C SAINZ JR<\/td><td>328<\/td><\/tr><tr><td>2<\/td><td>L STROLL<\/td><td>327.2<\/td><\/tr><tr><td>3<\/td><td>S P\u00c9REZ<\/td><td>325.2<\/td><\/tr><tr><td>4<\/td><td>P GASLY<\/td><td>323.8<\/td><\/tr><tr><td>5<\/td><td>L NORRIS<\/td><td>323.5<\/td><\/tr><tr><td>6<\/td><td>D KVYAT<\/td><td>323.2<\/td><\/tr><tr><td>7<\/td><td>D RICCIARDO<\/td><td>322.5<\/td><\/tr><tr><td>8<\/td><td>K R\u00c4IKK\u00d6NEN<\/td><td>322.1<\/td><\/tr><tr><td>9<\/td><td>G RUSSELL<\/td><td>322<\/td><\/tr><tr><td>10<\/td><td>K MAGNUSSEN<\/td><td>320.6<\/td><\/tr><tr><td>11<\/td><td>N LATIFI<\/td><td>320.5<\/td><\/tr><tr><td>12<\/td><td>A GIOVINAZZI<\/td><td>320.1<\/td><\/tr><tr><td>13<\/td><td>E OCON<\/td><td>320<\/td><\/tr><tr><td>14<\/td><td>R GROSJEAN<\/td><td>319.8<\/td><\/tr><tr><td>15<\/td><td>V BOTTAS<\/td><td>319.8<\/td><\/tr><tr><td>16<\/td><td>S VETTEL<\/td><td>319.3<\/td><\/tr><tr><td>17<\/td><td>L HAMILTON<\/td><td>317.8<\/td><\/tr><tr><td>18<\/td><td>A ALBON<\/td><td>316.6<\/td><\/tr><tr><td>19<\/td><td>M VERSTAPPEN<\/td><td>316.6<\/td><\/tr><tr><td>20<\/td><td>C LECLERC<\/td><td>316.3<\/td><\/tr><\/tbody><\/table><\/figure>\n\n\n\n<figure class=\"wp-block-embed-youtube wp-block-embed is-type-video is-provider-youtube wp-embed-aspect-16-9 wp-has-aspect-ratio\"><div class=\"wp-block-embed__wrapper\">\n<iframe loading=\"lazy\" title=\"EVERALDO MARQUES NA F1 + VERSTAPPEN, BRAD BINDER na MOTOGP e DA COSTA | Paddock #209\" width=\"500\" height=\"281\" src=\"https:\/\/www.youtube.com\/embed\/Jh7VWZ2Aqsc?feature=oembed\" frameborder=\"0\" allow=\"accelerometer; autoplay; clipboard-write; encrypted-media; gyroscope; picture-in-picture; web-share\" referrerpolicy=\"strict-origin-when-cross-origin\" allowfullscreen><\/iframe>\n<\/div><\/figure>\n","protected":false},"excerpt":{"rendered":"<p>Carlos Sainz foi o \u00fanico a alcan\u00e7ar marca de 328 km\/h no s\u00e1bado em Barcelona<\/p>\n","protected":false},"author":0,"featured_media":1000407245,"comment_status":"closed","ping_status":"closed","sticky":false,"template":"","format":"standard","meta":{"42wp_featured_image_caption":"","42wp_featured_image_credits":"","42wp_featured_video":"","42wp_featured_image_hidden":false,"42wp_authors_list":[],"footnotes":""},"categories":[2],"tags":[654,457,524,456,304,546,3624,209,211,781,302,118,207,157,800,996,119,472,471,117,24834,485,547,610,87,4706,203,90,82,801,676,310,204,229,120,25907,210,24863,1998,612,215],"42wp_author":[47120],"class_list":["post-128012","post","type-post","status-publish","format-standard","has-post-thumbnail","hentry","category-f1","tag-alexander-albon","tag-alfa-romeo","tag-alphatauri","tag-antonio-giovinazzi","tag-barcelona","tag-carlos-sainz","tag-catalunha","tag-charles-leclerc","tag-daniel-ricciardo","tag-daniil-kvyat","tag-esteban-ocon","tag-f1-2020","tag-ferrari","tag-formula-1-2020","tag-george-russell","tag-gp-da-espanha","tag-haas","tag-horarios-da-f1-2020","tag-horarios-da-formula-1-2020","tag-kevin-magnussen","tag-kimi-raikkonen-2","tag-lance-stroll","tag-lando-norris","tag-largada","tag-lewis-hamilton","tag-maiores-velocidades","tag-max-verstappen","tag-mclaren","tag-mercedes","tag-nicholas-latifi","tag-pierre-gasly","tag-racing-point","tag-red-bull","tag-renault","tag-romain-grosjean","tag-sabado","tag-sebastian-vettel","tag-sergio-perez-2","tag-speed-trap","tag-valtteri-bottas","tag-williams","42wp_author-pedro-henrique-marum"],"_links":{"self":[{"href":"https:\/\/grandepremio.com\/br\/wp-json\/wp\/v2\/posts\/128012","targetHints":{"allow":["GET"]}}],"collection":[{"href":"https:\/\/grandepremio.com\/br\/wp-json\/wp\/v2\/posts"}],"about":[{"href":"https:\/\/grandepremio.com\/br\/wp-json\/wp\/v2\/types\/post"}],"replies":[{"embeddable":true,"href":"https:\/\/grandepremio.com\/br\/wp-json\/wp\/v2\/comments?post=128012"}],"version-history":[{"count":0,"href":"https:\/\/grandepremio.com\/br\/wp-json\/wp\/v2\/posts\/128012\/revisions"}],"wp:featuredmedia":[{"embeddable":true,"href":"https:\/\/grandepremio.com\/br\/wp-json\/wp\/v2\/media\/1000407245"}],"wp:attachment":[{"href":"https:\/\/grandepremio.com\/br\/wp-json\/wp\/v2\/media?parent=128012"}],"wp:term":[{"taxonomy":"category","embeddable":true,"href":"https:\/\/grandepremio.com\/br\/wp-json\/wp\/v2\/categories?post=128012"},{"taxonomy":"post_tag","embeddable":true,"href":"https:\/\/grandepremio.com\/br\/wp-json\/wp\/v2\/tags?post=128012"},{"taxonomy":"42wp_author","embeddable":true,"href":"https:\/\/grandepremio.com\/br\/wp-json\/wp\/v2\/42wp_author?post=128012"}],"curies":[{"name":"wp","href":"https:\/\/api.w.org\/{rel}","templated":true}]}}