{"id":128018,"date":"2020-08-15T13:41:52","date_gmt":"2020-08-15T16:41:52","guid":{"rendered":"https:\/\/grandepremio.com\/br\/noticias\/video-laurent-leva-fechada-de-van-erde-e-sofre-acidente-brutal-nas-6h-de-spa\/"},"modified":"2020-08-15T13:41:54","modified_gmt":"2020-08-15T16:41:54","slug":"video-laurent-leva-fechada-de-van-erde-e-sofre-acidente-brutal-nas-6h-de-spa","status":"publish","type":"post","link":"https:\/\/grandepremio.com\/br\/endurance\/video-laurent-leva-fechada-de-van-erde-e-sofre-acidente-brutal-nas-6h-de-spa\/","title":{"rendered":"V\u00cdDEO: Laurent leva fechada de Van Erde e sofre acidente brutal nas 6H de Spa"},"content":{"rendered":"\n<figure class=\"wp-block-video\"><video class=\"video-js vjs-big-play-centered\" data-gp-vjs=\"1\" controls src=\"https:\/\/www.grandepremio.com\/br\/wp-content\/uploads\/2020\/08\/Tjpvh9R0FiKkResJ.mp4\"><\/video><\/figure>\n\n\n\n<p class=\"wp-block-paragraph\">As 6 Horas de Spa-Francorchamps, prova que marca a retomada da supertemporada 2019\/20 do Mundial de Endurance, neste s\u00e1bado (15), foi marcada por um forte acidente. Na quinta hora da disputa no ic\u00f4nico circuito belga, uma disputa por posi\u00e7\u00e3o na classe LMP2 culminou com a batida de Thomas Laurent, um dos companheiros de equipe de Andr\u00e9 Negr\u00e3o na equipe Signatech Alpine. O piloto chegou a capotar o prot\u00f3tipo.<\/p>\n\n\n\n<p class=\"wp-block-paragraph\">Laurent disputou posi\u00e7\u00e3o com Frits van Erde, que fazia seu turno a bordo do LMP2 do Team Nederland. Veterano de 53 anos e dono de gradua\u00e7\u00e3o Bronze da FIA, Van Erde tocou no carro guiado por Laurent, que perdeu o controle e acertou a barreira de prote\u00e7\u00e3o.<\/p>\n\n\n\n<p class=\"wp-block-paragraph\">Com o impacto, o franc\u00eas de 22 anos, de gradua\u00e7\u00e3o Ouro, capotou. O carro ficou destru\u00eddo, mas o piloto saiu andando pouco depois do acidente.<\/p>\n\n\n\n<p class=\"wp-block-paragraph\">A corrida se encaminha para a reta final da disputa com o Toyota #7 na lideran\u00e7a geral e na classe LMP1 com Kamui Kobayashi, Jose Mar\u00eda L\u00f3pez e Mike Conway. A disputa final pela vit\u00f3ria era com o outro Toyota, o #8, guiado por Kazuki Nakajima, Brendon Hartley e S\u00e9bastien Buemi.<\/p>\n\n\n\n<p class=\"wp-block-paragraph\">Depois da prova deste s\u00e1bado, o Mundial de Endurance se prepara para a disputa da prova mais importante do calend\u00e1rio, as 24 Horas de Le Mans, com programa\u00e7\u00e3o prevista para os dias 16 a 19 de setembro.<\/p>\n","protected":false},"excerpt":{"rendered":"<p>Em disputa direta por posi\u00e7\u00e3o na classe LMP2, Thomas Laurent, um dos companheiros de equipe de Andr\u00e9 Negr\u00e3o na Signatech Alpine, sofreu fort\u00edssimo acidente na corrida ap\u00f3s ter a passagem bloqueada pelo holand\u00eas Frits van Erde na veloz curva Blanchimont. O carro pilotado pelo franc\u00eas capotou<\/p>\n","protected":false},"author":0,"featured_media":1000407214,"comment_status":"closed","ping_status":"closed","sticky":false,"template":"","format":"standard","meta":{"42wp_featured_image_caption":"","42wp_featured_image_credits":"","42wp_featured_video":"","42wp_featured_image_hidden":false,"42wp_authors_list":[],"footnotes":""},"categories":[18],"tags":[10264,5238,24836,357,24842,356],"42wp_author":[47109],"class_list":["post-128018","post","type-post","status-publish","format-standard","has-post-thumbnail","hentry","category-endurance","tag-6-horas-de-spa","tag-6-horas-de-spa-francorchamps","tag-grande-premio-2","tag-mundial-de-endurance","tag-video-2","tag-wec","42wp_author-redacao-gp"],"_links":{"self":[{"href":"https:\/\/grandepremio.com\/br\/wp-json\/wp\/v2\/posts\/128018","targetHints":{"allow":["GET"]}}],"collection":[{"href":"https:\/\/grandepremio.com\/br\/wp-json\/wp\/v2\/posts"}],"about":[{"href":"https:\/\/grandepremio.com\/br\/wp-json\/wp\/v2\/types\/post"}],"replies":[{"embeddable":true,"href":"https:\/\/grandepremio.com\/br\/wp-json\/wp\/v2\/comments?post=128018"}],"version-history":[{"count":0,"href":"https:\/\/grandepremio.com\/br\/wp-json\/wp\/v2\/posts\/128018\/revisions"}],"wp:featuredmedia":[{"embeddable":true,"href":"https:\/\/grandepremio.com\/br\/wp-json\/wp\/v2\/media\/1000407214"}],"wp:attachment":[{"href":"https:\/\/grandepremio.com\/br\/wp-json\/wp\/v2\/media?parent=128018"}],"wp:term":[{"taxonomy":"category","embeddable":true,"href":"https:\/\/grandepremio.com\/br\/wp-json\/wp\/v2\/categories?post=128018"},{"taxonomy":"post_tag","embeddable":true,"href":"https:\/\/grandepremio.com\/br\/wp-json\/wp\/v2\/tags?post=128018"},{"taxonomy":"42wp_author","embeddable":true,"href":"https:\/\/grandepremio.com\/br\/wp-json\/wp\/v2\/42wp_author?post=128018"}],"curies":[{"name":"wp","href":"https:\/\/api.w.org\/{rel}","templated":true}]}}