{"id":128020,"date":"2020-08-15T13:26:32","date_gmt":"2020-08-15T16:26:32","guid":{"rendered":"https:\/\/grandepremio.com\/br\/noticias\/sainz-lamenta-erro-em-volta-rapida-no-q3-8o-norris-ve-evolucao-da-mclaren\/"},"modified":"2020-08-15T13:39:15","modified_gmt":"2020-08-15T16:39:15","slug":"sainz-lamenta-erro-em-volta-rapida-no-q3-8o-norris-ve-evolucao-da-mclaren","status":"publish","type":"post","link":"https:\/\/grandepremio.com\/br\/f1\/sainz-lamenta-erro-em-volta-rapida-no-q3-8o-norris-ve-evolucao-da-mclaren\/","title":{"rendered":"Sainz lamenta erro em volta r\u00e1pida no Q3. 8\u00ba, Norris v\u00ea evolu\u00e7\u00e3o da McLaren"},"content":{"rendered":"\n<figure class=\"wp-block-embed-youtube wp-block-embed is-type-video is-provider-youtube wp-embed-aspect-16-9 wp-has-aspect-ratio\"><div class=\"wp-block-embed__wrapper\">\n<iframe loading=\"lazy\" title=\"Lewis HAMILTON, RACISMO e a F1 | Cadeira Cativa #19\" width=\"500\" height=\"281\" src=\"https:\/\/www.youtube.com\/embed\/9Bl_sDGuNoc?start=4&amp;feature=oembed\" frameborder=\"0\" allow=\"accelerometer; autoplay; clipboard-write; encrypted-media; gyroscope; picture-in-picture; web-share\" referrerpolicy=\"strict-origin-when-cross-origin\" allowfullscreen><\/iframe>\n<\/div><\/figure>\n\n\n\n<p class=\"wp-block-paragraph\">A McLaren voltou a colocar seus dois pilotos no Q3. Em Barcelona, Carlos Sainz Jr. e Lando Norris formam a quarta fila do grid, em s\u00e9timo e oitavo, respectivamente. Apesar do resultado, os sentimentos foram mistos ap\u00f3s o treino classificat\u00f3rio.<\/p>\n\n\n\n<p class=\"wp-block-paragraph\">Carlos Sainz, o s\u00e9timo no grid, lamentou n\u00e3o pegar a volta limpa no fim da classifica\u00e7\u00e3o e ainda fez previs\u00f5es para a corrida deste domingo (16).<\/p>\n\n\n\n<p class=\"wp-block-paragraph\">&#8220;N\u00e3o foi uma volta limpa. Quer dizer, foi limpa nos dois primeiros setores, mas talvez tenha pagado o pre\u00e7o no \u00faltimo setor quando fui r\u00e1pido e os pneus n\u00e3o gostam da press\u00e3o colocada neles&#8221;, disse o espanhol.<\/p>\n\n\n\n<figure class=\"wp-block-image size-large\"><img decoding=\"async\" src=\"https:\/\/www.grandepremio.com\/br\/wp-content\/uploads\/2020\/08\/mclaren-landonorris-03-5-1024x576.jpg\" alt=\"\" class=\"wp-image-406737\"\/><figcaption>Lando Norris ficou feliz com a oitava coloca\u00e7\u00e3o no grid de largada em Barcelona (Foto: McLaren)<\/figcaption><\/figure>\n\n\n\n<p class=\"wp-block-paragraph\">Acho que a Racing Point estava fora de alcance hoje, mas amanh\u00e3 eles n\u00e3o v\u00e3o ter os modos de motor que a Mercedes possui, ent\u00e3o podemos pression\u00e1-los. A Renault tamb\u00e9m est\u00e1 forte e a Ferrari parece ter bom ritmo para a corrida&#8221;, completou.<\/p>\n\n\n\n<p class=\"wp-block-paragraph\">Lando Norris ficou um pouco mais feliz, apesar de ter travado os pneus na curva 10 e ter ficado apenas em oitavo, atr\u00e1s do companheiro de time.<\/p>\n\n\n\n<p class=\"wp-block-paragraph\">&#8220;Estou bem feliz. Depois dos treinos de ontem eu n\u00e3o estava esperando avan\u00e7ar para o Q3. Como \u00e9 poss\u00edvel notar, estamos muito pr\u00f3ximos. Mostramos algumas melhoras que nos fizeram extrair o melhor do carro&#8221;, declarou o brit\u00e2nico que pilota o carro #4.<\/p>\n\n\n\n<p class=\"wp-block-paragraph\">O&nbsp;<strong>GRANDE PR\u00caMIO<\/strong>&nbsp;acompanha&nbsp;<a href=\"https:\/\/www.grandepremio.com\/br\/ao-vivo\/f1\/gp-da-espanha-2020-treinos-livres\/?fl=true&amp;utm_source=lance\">AO VIVO e em TEMPO REAL todo o fim de semana do GP da Espanha de F1<\/a>.<\/p>\n","protected":false},"excerpt":{"rendered":"<p>A McLaren conseguiu colocar os dois carros no top-10 do grid de largada para o GP da Espanha. Enquanto Sainz n\u00e3o saiu t\u00e3o satisfeito da sess\u00e3o, Norris comemorou avan\u00e7os no carro ap\u00f3s os treinos livres<\/p>\n","protected":false},"author":0,"featured_media":1000406733,"comment_status":"closed","ping_status":"closed","sticky":false,"template":"","format":"standard","meta":{"42wp_featured_image_caption":"","42wp_featured_image_credits":"","42wp_featured_video":"","42wp_featured_image_hidden":false,"42wp_authors_list":[],"footnotes":""},"categories":[2],"tags":[304,25390,147,118,24837,24860,996,547,90],"42wp_author":[47109],"class_list":["post-128020","post","type-post","status-publish","format-standard","has-post-thumbnail","hentry","category-f1","tag-barcelona","tag-carlos-sainz-jr-2","tag-f1","tag-f1-2020","tag-formula-1-2","tag-formula-1-2020-2","tag-gp-da-espanha","tag-lando-norris","tag-mclaren","42wp_author-redacao-gp"],"_links":{"self":[{"href":"https:\/\/grandepremio.com\/br\/wp-json\/wp\/v2\/posts\/128020","targetHints":{"allow":["GET"]}}],"collection":[{"href":"https:\/\/grandepremio.com\/br\/wp-json\/wp\/v2\/posts"}],"about":[{"href":"https:\/\/grandepremio.com\/br\/wp-json\/wp\/v2\/types\/post"}],"replies":[{"embeddable":true,"href":"https:\/\/grandepremio.com\/br\/wp-json\/wp\/v2\/comments?post=128020"}],"version-history":[{"count":0,"href":"https:\/\/grandepremio.com\/br\/wp-json\/wp\/v2\/posts\/128020\/revisions"}],"wp:featuredmedia":[{"embeddable":true,"href":"https:\/\/grandepremio.com\/br\/wp-json\/wp\/v2\/media\/1000406733"}],"wp:attachment":[{"href":"https:\/\/grandepremio.com\/br\/wp-json\/wp\/v2\/media?parent=128020"}],"wp:term":[{"taxonomy":"category","embeddable":true,"href":"https:\/\/grandepremio.com\/br\/wp-json\/wp\/v2\/categories?post=128020"},{"taxonomy":"post_tag","embeddable":true,"href":"https:\/\/grandepremio.com\/br\/wp-json\/wp\/v2\/tags?post=128020"},{"taxonomy":"42wp_author","embeddable":true,"href":"https:\/\/grandepremio.com\/br\/wp-json\/wp\/v2\/42wp_author?post=128020"}],"curies":[{"name":"wp","href":"https:\/\/api.w.org\/{rel}","templated":true}]}}