{"id":128039,"date":"2020-08-15T08:25:01","date_gmt":"2020-08-15T11:25:01","guid":{"rendered":"https:\/\/grandepremio.com\/br\/noticias\/fernandez-surge-no-fim-e-fica-com-pole-position-da-moto3-no-gp-da-austria\/"},"modified":"2020-08-15T09:08:27","modified_gmt":"2020-08-15T12:08:27","slug":"fernandez-surge-no-fim-e-fica-com-pole-position-da-moto3-no-gp-da-austria","status":"publish","type":"post","link":"https:\/\/grandepremio.com\/br\/motogp\/fernandez-surge-no-fim-e-fica-com-pole-position-da-moto3-no-gp-da-austria\/","title":{"rendered":"Fern\u00e1ndez surge no fim e fica com pole-position da Moto3 no GP da \u00c1ustria"},"content":{"rendered":"\n<p class=\"wp-block-paragraph\">Ra\u00fal Fern\u00e1ndez come\u00e7a o GP da \u00c1ustria da Moto3 com o p\u00e9 direito. Na classifica\u00e7\u00e3o deste s\u00e1bado (15), o piloto apareceu j\u00e1 com o cron\u00f4metro zerado, anotou 1min36s277 e ficou com a pole-position para a corrida.<\/p>\n\n\n\n<p class=\"wp-block-paragraph\">O tempo foi anotado j\u00e1 em seu \u00faltimo giro r\u00e1pido, empurrando o atual l\u00edder da classifica\u00e7\u00e3o, Albert Arenas, para a segunda coloca\u00e7\u00e3o. O piloto da Aspar ficou a apenas 0s011 do melhor tempo da sess\u00e3o. John McPhee completa a primeira fila no Red Bull Ring.<\/p>\n\n\n\n<p class=\"wp-block-paragraph\">Jaume Masi\u00e0, que tem mostrado bom ritmo durante todo o fim de semana, ficou com o quarto posto do grid de sa\u00edda. Celestino Vietti liderou o Q2 at\u00e9 o momento da bandeira quadriculada e quando foi melhorar sua marca, cometeu erro e sai em quinto.<\/p>\n\n\n\n<p class=\"wp-block-paragraph\">Tatsuki Suzuki \u00e9 o sexto, com Gabriel Rodrigo, Tony Arbolino, Ricardo Rossi e Deniz \u00d6nc\u00fc completando os dez primeiros da largada. Os dois \u00faltimos, inclusive, tiveram de passar pelo Q2 da classifica\u00e7\u00e3o.<\/p>\n\n\n\n<figure class=\"wp-block-image size-large\"><img decoding=\"async\" src=\"https:\/\/www.grandepremio.com\/br\/wp-content\/uploads\/2020\/08\/GH59050-scaled-1-1024x682.jpg\" alt=\"\" class=\"wp-image-406945\"\/><figcaption>Ra\u00fal Fern\u00e1ndez sai da pole na \u00c1ustria (Foto: Ajo)<\/figcaption><\/figure>\n\n\n\n<h3 class=\"wp-block-heading\">Pilotos aparecem no cron\u00f4metro zerado para avan\u00e7ar ao Q2<\/h3>\n\n\n\n<p class=\"wp-block-paragraph\">Quando a Moto3 foi para a pista, o cen\u00e1rio estava bastante diferente do treino da manh\u00e3. Com pista, a chuva deu tr\u00e9gua, apesar do c\u00e9u encoberto. O term\u00f4metro marcava 22\u00baC e o asfalto chegava a 30\u00baC. O vento soprava a 6 km\/h.<\/p>\n\n\n\n<p class=\"wp-block-paragraph\">Stefano Nepa, Romano Fenati, Ayumu Sasaki, Darryn Binder, Deniz \u00d6nc\u00fc, Alonso L\u00f3pez, Ryuei Yamanaka, Sergio Garc\u00eda, Jeremy Alcoba, Carlos Tatay, Ricardo Rossi, Baltus, Jason Dupasquier, Kunii, Maximiliam Kofler, Pawi e Davide Pizzoli eram os pilotos que foram para a pista para disputar o Q1.<\/p>\n\n\n\n<p class=\"wp-block-paragraph\">Com os primeiros giros completados, os quatro pilotos que avan\u00e7avam para a fase seguinte da tomada de tempos era Garc\u00eda, Tatay, Rossi e Baltus. Entretanto, com volta voadora, Yamanaka fez 1min37s502 e saltou para a primeira posi\u00e7\u00e3o.<\/p>\n\n\n\n<p class=\"wp-block-paragraph\">Restando menos de cinco minutos para a bandeira quadriculada, a maior parte do pelot\u00e3o estava nos boxes para a parada programada da sess\u00e3o. Com 0s170 mais lento que o companheiro japon\u00eas, Gar\u00eda era o segundo. \u00d6nc\u00fc conseguiu saltar para terceiro.<\/p>\n\n\n\n<p class=\"wp-block-paragraph\">Q1 encerrado e j\u00e1 com cron\u00f4metro zerado a situa\u00e7\u00e3o da ponta da tabela mudou. Rossi, com 1min37s032, pulou para a primeira posi\u00e7\u00e3o. Apenas 0s079 atr\u00e1s, Sasaki foi o segundo colocado. Alcoba e Deniz acompanhavam a dupla ao Q2.<\/p>\n\n\n\n<h4 class=\"wp-block-heading\"><strong>Fern\u00e1ndez crava segunda pole seguida na Moto3<\/strong><\/h4>\n\n\n\n<p class=\"wp-block-paragraph\">Para a segunda parte da classifica\u00e7\u00e3o, o quarteto se juntou a Tony Arbolino, John McPhee, Jaume Masi\u00e0, Celestino Vietti, Niccol\u00f2 Antonelli, Ra\u00fal Fern\u00e1ndez, Kaito Toba, Ai Ogura, Gabriel Rodrigo, Andrea Migno, Albert Arenas, Tatsuki Suzuki, Dennis Foggia e Filip Salac.<\/p>\n\n\n\n<p class=\"wp-block-paragraph\">Com o cron\u00f4metro iniciado, os pilotos n\u00e3o demoraram a deixar os boxes. Ap\u00f3s as voltas de instala\u00e7\u00e3o, os tempos come\u00e7aram a pipocar na tabela. Cinco minutos rodados e com 1min36s756, \u00d6nc\u00fc era o mais r\u00e1pido.<\/p>\n\n\n\n<p class=\"wp-block-paragraph\">Entretanto, o turco logo perdeu seu reinado ao ser batido por Celestino, que fez 1min36s462 e anotou o melhor tempo do fim de semana da menor das classes. O piloto da KTM Ajo estava 0s294 mais lento, com Arbolino completando o top-3.<\/p>\n\n\n\n<p class=\"wp-block-paragraph\">Arenas, l\u00edder da classifica\u00e7\u00e3o, seguia com o desempenho discreto mostrado durante o fim de semana. Com 1min36s861, figurava na s\u00e9tima coloca\u00e7\u00e3o da tabela. Com menos de cinco minutos para o fim, todos nos boxes.<\/p>\n\n\n\n<p class=\"wp-block-paragraph\">Com os competidores de volta ao tra\u00e7ado para os ataques finais, uma fila se formou na pista para tentarem aproveitar os v\u00e1cuos. Quem puxava o pelot\u00e3o era Celestino, enquanto Arenas, com 1min36s288, conseguia a pole-position provis\u00f3ria.<\/p>\n\n\n\n<p class=\"wp-block-paragraph\">Vietti vinha em volta voadora no Red Bull Ring, sem a refer\u00eancia de outros pilotos. Entretanto, no \u00faltimo setor acabou cometendo um erro e garantindo apenas o quinto posto do grid de largada.<\/p>\n\n\n\n<p class=\"wp-block-paragraph\">Enquanto isso, mais para tr\u00e1s, Kaito Toba protagonizou uma forte queda com o cron\u00f4metro zerado. Na curva 10, sofreu um grande highside e acertou com for\u00e7a o ch\u00e3o, ficando na \u00e1rea sem sair imediatamente.<\/p>\n\n\n\n<p class=\"wp-block-paragraph\">Mas treino encerrado e Fern\u00e1ndez, com o tempo de 1min36s277, anotado em seu \u00faltimo giro r\u00e1pido, conseguiu a pole-position para o GP da \u00c1ustria. Arenas larga da segunda coloca\u00e7\u00e3o, com McPhee completando a primeira fila do domingo.<\/p>\n\n\n\n<h4 class=\"wp-block-heading\"><strong>Moto3 2020, GP da \u00c1ustria, Red Bull Ring, grid de largada:<\/strong><\/h4>\n\n\n\n<figure class=\"wp-block-table\"><table><tbody><tr><td>1<\/td><td>R FERNANDEZ<\/td><td>Red Bull KTM Ajo<\/td><td>1:36.277<\/td><td>&nbsp;<\/td><\/tr><tr><td>2<\/td><td>A ARENAS<\/td><td>Aspar KTM<\/td><td>1:36.288<\/td><td>+0.011<\/td><\/tr><tr><td>3<\/td><td>J MCPHEE<\/td><td>SIC HONDA<\/td><td>1:36.306<\/td><td>+0.029<\/td><\/tr><tr><td>4<\/td><td>J MASI\u00c0<\/td><td>Leopard Honda<\/td><td>1:36.371<\/td><td>+0.094<\/td><\/tr><tr><td>5<\/td><td>C VIETTI<\/td><td>VR46 KTM<\/td><td>1:36.462<\/td><td>+0.185<\/td><\/tr><tr><td>6<\/td><td>T SUZUKI<\/td><td>SIC58 Honda<\/td><td>1:36.495<\/td><td>+0.218<\/td><\/tr><tr><td>7<\/td><td>G RODRIGO<\/td><td>Gresini Honda<\/td><td>1:36.571<\/td><td>+0.294<\/td><\/tr><tr><td>8<\/td><td>T ARBOLINO<\/td><td>Snipers Honda<\/td><td>1:36.644<\/td><td>+0.367<\/td><\/tr><tr><td>9<\/td><td>R ROSSI<\/td><td>RBA KTM<\/td><td>1:36.730<\/td><td>+0.453<\/td><\/tr><tr><td>10<\/td><td>D \u00d6NC\u00dc<\/td><td>Tech3 KTM<\/td><td>1:36.756<\/td><td>+0.479<\/td><\/tr><tr><td>11<\/td><td>D FOGGIA<\/td><td>Leopard Honda<\/td><td>1:36.857<\/td><td>+0.580<\/td><\/tr><tr><td>12<\/td><td>A MIGNO<\/td><td>VR46 KTM<\/td><td>1:36.891<\/td><td>+0.614<\/td><\/tr><tr><td>13<\/td><td>A OGURA<\/td><td>Asia Honda<\/td><td>1:36.937<\/td><td>+0.660<\/td><\/tr><tr><td>14<\/td><td>F SALAC<\/td><td>Snipers Honda<\/td><td>1:37.064<\/td><td>+0.787<\/td><\/tr><tr><td>15<\/td><td>N ANTONELLI<\/td><td>SIC58 Honda<\/td><td>1:37.067<\/td><td>+0.790<\/td><\/tr><tr><td>16<\/td><td>A SASAKI<\/td><td>Tech3 KTM<\/td><td>1:37.143<\/td><td>+0.866<\/td><\/tr><tr><td>17<\/td><td>K TOBA<\/td><td>Red Bull KTM Ajo<\/td><td>1:37.398<\/td><td>+1.121<\/td><\/tr><tr><td>18<\/td><td>J ALCOBA<\/td><td>Gresini Honda<\/td><td>1:37.565<\/td><td>&nbsp;<\/td><\/tr><tr><td>19<\/td><td>S NEPA<\/td><td>Aspar KTM<\/td><td>1:37.300<\/td><td>+1.023<\/td><\/tr><tr><td>20<\/td><td>S GARCIA<\/td><td>Estrella Galicia 0,0 Honda<\/td><td>1:37.424<\/td><td>+1.147<\/td><\/tr><tr><td>21<\/td><td>R YAMANAKA<\/td><td>Estrella Galicia 0,0 Honda<\/td><td>1:37.502<\/td><td>+1.225<\/td><\/tr><tr><td>22<\/td><td>D BINDER<\/td><td>CIP KTM<\/td><td>1:37.504<\/td><td>+1.227<\/td><\/tr><tr><td>23<\/td><td>B BALTUS<\/td><td>Pr\u00fcstel KTM<\/td><td>1:37.552<\/td><td>+1.275<\/td><\/tr><tr><td>24<\/td><td>Y KUNII<\/td><td>Asia Honda<\/td><td>1:37.662<\/td><td>+1.385<\/td><\/tr><tr><td>25<\/td><td>C TATAY<\/td><td>Avintia KTM<\/td><td>1:37.758<\/td><td>+1.481<\/td><\/tr><tr><td>26<\/td><td>M KOFLER<\/td><td>CIP KTM<\/td><td>1:37.899<\/td><td>+1.622<\/td><\/tr><tr><td>27<\/td><td>D PIZZOLI<\/td><td>RBA KTM<\/td><td>1:37.923<\/td><td>+1.646<\/td><\/tr><tr><td>28<\/td><td>K PAWI<\/td><td>SIC Honda<\/td><td>1:38.094<\/td><td>+1.817<\/td><\/tr><tr><td>29<\/td><td>J DUPASQUIER<\/td><td>Pr\u00fcstel KTM<\/td><td>1:38.402<\/td><td>+2.125<\/td><\/tr><tr><td>30<\/td><td>R FENATI<\/td><td>MAX Husqvarna<\/td><td>1:38.537<\/td><td>+2.260<\/td><\/tr><tr><td>31<\/td><td>A L\u00d3PEZ<\/td><td>MAX Husqvarna<\/td><td>1:38.827<\/td><td>+2.550<\/td><\/tr><\/tbody><\/table><\/figure>\n\n\n\n<figure class=\"wp-block-embed-youtube wp-block-embed is-type-video is-provider-youtube wp-embed-aspect-16-9 wp-has-aspect-ratio\"><div class=\"wp-block-embed__wrapper\">\n<iframe loading=\"lazy\" title=\"Sem Marc M\u00c1RQUEZ na MOTOGP 20, at\u00e9 KTM brilha com Brad BINDER  | GP \u00e0s 10\" width=\"500\" height=\"281\" src=\"https:\/\/www.youtube.com\/embed\/k-Nkmv8lpxU?feature=oembed\" frameborder=\"0\" allow=\"accelerometer; autoplay; clipboard-write; encrypted-media; gyroscope; picture-in-picture; web-share\" referrerpolicy=\"strict-origin-when-cross-origin\" allowfullscreen><\/iframe>\n<\/div><\/figure>\n\n\n","protected":false},"excerpt":{"rendered":"<p>Com o cron\u00f4metro j\u00e1 zerado, o piloto da Red Bull KTM Ajo fez o tempo de 1min36s277 e larga em primeiro. Albert Arenas e John McPhee fecham a primeira fila<\/p>\n","protected":false},"author":0,"featured_media":1000406946,"comment_status":"closed","ping_status":"closed","sticky":false,"template":"","format":"standard","meta":{"42wp_featured_image_caption":"","42wp_featured_image_credits":"","42wp_featured_video":"","42wp_featured_image_hidden":false,"42wp_authors_list":[],"footnotes":""},"categories":[8],"tags":[5806,4087,2288,130,79,174,1809,78,173,25821,25819,847],"42wp_author":[47123],"class_list":["post-128039","post","type-post","status-publish","format-standard","has-post-thumbnail","hentry","category-motogp","tag-albert-arenas","tag-brno","tag-gabriel-rodrigo","tag-honda","tag-moto-gp","tag-moto-gp-2020","tag-moto3","tag-motogp","tag-motogp-2020","tag-motogp-2020-transmissao-brasil","tag-motogp-hoje","tag-mundial-de-motovelocidade","42wp_author-nathalia-de-vivo"],"_links":{"self":[{"href":"https:\/\/grandepremio.com\/br\/wp-json\/wp\/v2\/posts\/128039","targetHints":{"allow":["GET"]}}],"collection":[{"href":"https:\/\/grandepremio.com\/br\/wp-json\/wp\/v2\/posts"}],"about":[{"href":"https:\/\/grandepremio.com\/br\/wp-json\/wp\/v2\/types\/post"}],"replies":[{"embeddable":true,"href":"https:\/\/grandepremio.com\/br\/wp-json\/wp\/v2\/comments?post=128039"}],"version-history":[{"count":0,"href":"https:\/\/grandepremio.com\/br\/wp-json\/wp\/v2\/posts\/128039\/revisions"}],"wp:featuredmedia":[{"embeddable":true,"href":"https:\/\/grandepremio.com\/br\/wp-json\/wp\/v2\/media\/1000406946"}],"wp:attachment":[{"href":"https:\/\/grandepremio.com\/br\/wp-json\/wp\/v2\/media?parent=128039"}],"wp:term":[{"taxonomy":"category","embeddable":true,"href":"https:\/\/grandepremio.com\/br\/wp-json\/wp\/v2\/categories?post=128039"},{"taxonomy":"post_tag","embeddable":true,"href":"https:\/\/grandepremio.com\/br\/wp-json\/wp\/v2\/tags?post=128039"},{"taxonomy":"42wp_author","embeddable":true,"href":"https:\/\/grandepremio.com\/br\/wp-json\/wp\/v2\/42wp_author?post=128039"}],"curies":[{"name":"wp","href":"https:\/\/api.w.org\/{rel}","templated":true}]}}