{"id":128044,"date":"2020-08-15T06:39:50","date_gmt":"2020-08-15T09:39:50","guid":{"rendered":"https:\/\/grandepremio.com\/br\/noticias\/confira-os-pilotos-que-avancam-direto-para-q2-da-classificacao-do-gp-da-austria\/"},"modified":"2020-08-15T09:12:20","modified_gmt":"2020-08-15T12:12:20","slug":"confira-os-pilotos-que-avancam-direto-para-q2-da-classificacao-do-gp-da-austria","status":"publish","type":"post","link":"https:\/\/grandepremio.com\/br\/motogp\/confira-os-pilotos-que-avancam-direto-para-q2-da-classificacao-do-gp-da-austria\/","title":{"rendered":"Confira os pilotos que avan\u00e7am direto para Q2 da classifica\u00e7\u00e3o do GP da \u00c1ustria"},"content":{"rendered":"\n<p class=\"wp-block-paragraph\">Pol Espargar\u00f3 tem mostrado bom desempenho na \u00c1ustria. Neste s\u00e1bado (15), com os tempos dos treinos combinados do GP da \u00c1ustria, o espanhol fez 1min24s193 e foi o primeiro a assegurar vaga no Q2 da classifica\u00e7\u00e3o.<\/p>\n\n\n\n<p class=\"wp-block-paragraph\">O piloto da KTM anotou a marca ainda na primeira sess\u00e3o do fim de semana. Quem vem em segundo \u00e9 Andrea Dovizioso, apenas 0s044 atr\u00e1s do advers\u00e1rio. Maverick Vi\u00f1ales, que melhorou sua marca no TL3, \u00e9 terceiro. Jack Miller e Takaaki Nakagami aparecem na sequ\u00eancia.<\/p>\n\n\n\n<figure class=\"wp-block-image size-large\"><img decoding=\"async\" src=\"https:\/\/www.grandepremio.com\/br\/wp-content\/uploads\/2020\/08\/SI202008140513_hires_jpeg_24bit_rgb-1024x682.jpg\" alt=\"\" class=\"wp-image-406662\"\/><figcaption>Pol Espargar\u00f3 foi o mais r\u00e1pido dos treinos combinados (Foto: Red Bull Content Pool)<\/figcaption><\/figure>\n\n\n\n<p class=\"wp-block-paragraph\">\u00c1lex Rins, Miguel Oliveira, Joan Mir, Franco Morbidelli e Fabio Quartararo completam a lista daqueles que n\u00e3o precisar\u00e3o brigar pelas duas \u00faltimas vagas para a fase final.<\/p>\n\n\n\n<p class=\"wp-block-paragraph\">Puxando aqueles que ter\u00e3o de enfrentar o Q1 vem Johann Zarco. O franc\u00eas fez 1min24s655, 0s462 inferior ao primeiro colocado. Danilo Petrucci e Valentino Rossi aparecem logo depois do piloto da Avintia.<\/p>\n\n\n\n<p class=\"wp-block-paragraph\">Cal Crutchlow, Iker Lecuona, Brad Binder, Michele Pirro, Aleix Espargar\u00f3, \u00c1lex M\u00e1rquez, Bradley Smith, Stefan Bradl e Tito Rabat completam os pilotos que disputam a primeira parte da classifica\u00e7\u00e3o.<\/p>\n\n\n\n<p class=\"wp-block-paragraph\"><strong>MotoGP 2020, GP da \u00c1ustria, Red Bull Ring, treinos livres combinados<\/strong><\/p>\n\n\n\n<figure class=\"wp-block-table\"><table><tbody><tr><td>1<\/td><td>P ESPARGAR\u00d3<\/td><td>KTM<\/td><td>1:24.193<\/td><td>&nbsp;<\/td><\/tr><tr><td>2<\/td><td>A DOVIZIOSO<\/td><td>Ducati<\/td><td>1:24.237<\/td><td>+0.044<\/td><\/tr><tr><td>3<\/td><td>M VI\u00d1ALES<\/td><td>Yamaha<\/td><td>1:24.317<\/td><td>+0.124<\/td><\/tr><tr><td>4<\/td><td>J MILLER<\/td><td>Pramac Ducati<\/td><td>1:24.363<\/td><td>+0.170<\/td><\/tr><tr><td>5<\/td><td>T NAKAGAMI<\/td><td>LCR Honda<\/td><td>1:24.378<\/td><td>+0.185<\/td><\/tr><tr><td>6<\/td><td>A RINS<\/td><td>Suzuki<\/td><td>1:24.434<\/td><td>+0.241<\/td><\/tr><tr><td>7<\/td><td>M OLIVEIRA<\/td><td>Tech3 KTM<\/td><td>1:24.508<\/td><td>+0.315<\/td><\/tr><tr><td>8<\/td><td>J MIR<\/td><td>Suzuki<\/td><td>1:24.517<\/td><td>+0.324<\/td><\/tr><tr><td>9<\/td><td>F MORBIDELLI<\/td><td>SRT Yamaha<\/td><td>1:24.558<\/td><td>+0.365<\/td><\/tr><tr><td>10<\/td><td>F QUARTARARO<\/td><td>SRT Yamaha<\/td><td>1:24.611<\/td><td>+0.418<\/td><\/tr><tr><td>11<\/td><td>J ZARCO<\/td><td>Avintia Ducati<\/td><td>1:24.655<\/td><td>+0.462<\/td><\/tr><tr><td>12<\/td><td>D PETRUCCI<\/td><td>Ducati<\/td><td>1:24.663<\/td><td>+0.470<\/td><\/tr><tr><td>13<\/td><td>V ROSSI<\/td><td>Yamaha<\/td><td>1:24.879<\/td><td>+0.686<\/td><\/tr><tr><td>14<\/td><td>C CRUTCHLOW<\/td><td>LCR Honda<\/td><td>1:24.944<\/td><td>+0.751<\/td><\/tr><tr><td>15<\/td><td>I LECUONA<\/td><td>Tech3 KTM<\/td><td>1:24.991<\/td><td>+0.798<\/td><\/tr><tr><td>16<\/td><td>B BINDER<\/td><td>KTM<\/td><td>1:25.005<\/td><td>+0.812<\/td><\/tr><tr><td>17<\/td><td>M PIRRO<\/td><td>Pramac Ducati<\/td><td>1:25.039<\/td><td>+0.846<\/td><\/tr><tr><td>18<\/td><td>A ESPARGAR\u00d3<\/td><td>Aprilia Gresini<\/td><td>1:25.165<\/td><td>+1.012<\/td><\/tr><tr><td>19<\/td><td>A M\u00c1RQUEZ<\/td><td>Honda<\/td><td>1:25.249<\/td><td>+1.056<\/td><\/tr><tr><td>20<\/td><td>B SMITH<\/td><td>Aprilia Gresini<\/td><td>1:25.297<\/td><td>+1.104<\/td><\/tr><tr><td>21<\/td><td>S BRADL<\/td><td>Honda<\/td><td>1:25.371<\/td><td>+1.178<\/td><\/tr><tr><td>22<\/td><td>T RABAT<\/td><td>Avintia Ducati<\/td><td>1:25.729<\/td><td>+1.536<\/td><\/tr><\/tbody><\/table><\/figure>\n\n\n\n<figure class=\"wp-block-embed-youtube wp-block-embed is-type-video is-provider-youtube wp-embed-aspect-16-9 wp-has-aspect-ratio\"><div class=\"wp-block-embed__wrapper\">\n<iframe loading=\"lazy\" title=\"Sem Marc M\u00c1RQUEZ na MOTOGP 20, at\u00e9 KTM brilha com Brad BINDER  | GP \u00e0s 10\" width=\"500\" height=\"281\" src=\"https:\/\/www.youtube.com\/embed\/k-Nkmv8lpxU?feature=oembed\" frameborder=\"0\" allow=\"accelerometer; autoplay; clipboard-write; encrypted-media; gyroscope; picture-in-picture; web-share\" referrerpolicy=\"strict-origin-when-cross-origin\" allowfullscreen><\/iframe>\n<\/div><\/figure>\n","protected":false},"excerpt":{"rendered":"<p>Com o tempo de 1min24s193, Pol Espargar\u00f3 foi o primeiro a garantir vaga para a fase final. Na outra ponta, Johann Zarco \u00e9 o primeiro da lista daqueles que passar\u00e3o pelo Q1<\/p>\n","protected":false},"author":0,"featured_media":1000406487,"comment_status":"closed","ping_status":"closed","sticky":false,"template":"","format":"standard","meta":{"42wp_featured_image_caption":"","42wp_featured_image_credits":"","42wp_featured_video":"","42wp_featured_image_hidden":false,"42wp_authors_list":[],"footnotes":""},"categories":[8],"tags":[24888,144,132,78,173,24995,1763,889],"42wp_author":[47123],"class_list":["post-128044","post","type-post","status-publish","format-standard","has-post-thumbnail","hentry","category-motogp","tag-gp-da-austria-2","tag-johann-zarco","tag-ktm","tag-motogp","tag-motogp-2020","tag-pol-espargaro-2","tag-red-bull-ring","tag-temporada-2020-motogp","42wp_author-nathalia-de-vivo"],"_links":{"self":[{"href":"https:\/\/grandepremio.com\/br\/wp-json\/wp\/v2\/posts\/128044","targetHints":{"allow":["GET"]}}],"collection":[{"href":"https:\/\/grandepremio.com\/br\/wp-json\/wp\/v2\/posts"}],"about":[{"href":"https:\/\/grandepremio.com\/br\/wp-json\/wp\/v2\/types\/post"}],"replies":[{"embeddable":true,"href":"https:\/\/grandepremio.com\/br\/wp-json\/wp\/v2\/comments?post=128044"}],"version-history":[{"count":0,"href":"https:\/\/grandepremio.com\/br\/wp-json\/wp\/v2\/posts\/128044\/revisions"}],"wp:featuredmedia":[{"embeddable":true,"href":"https:\/\/grandepremio.com\/br\/wp-json\/wp\/v2\/media\/1000406487"}],"wp:attachment":[{"href":"https:\/\/grandepremio.com\/br\/wp-json\/wp\/v2\/media?parent=128044"}],"wp:term":[{"taxonomy":"category","embeddable":true,"href":"https:\/\/grandepremio.com\/br\/wp-json\/wp\/v2\/categories?post=128044"},{"taxonomy":"post_tag","embeddable":true,"href":"https:\/\/grandepremio.com\/br\/wp-json\/wp\/v2\/tags?post=128044"},{"taxonomy":"42wp_author","embeddable":true,"href":"https:\/\/grandepremio.com\/br\/wp-json\/wp\/v2\/42wp_author?post=128044"}],"curies":[{"name":"wp","href":"https:\/\/api.w.org\/{rel}","templated":true}]}}