{"id":128055,"date":"2020-08-14T15:43:00","date_gmt":"2020-08-14T18:43:00","guid":{"rendered":"https:\/\/grandepremio.com\/br\/noticias\/alonso-lamenta-acidente-em-indianapolis-que-nao-se-repita-no-dia-da-corrida\/"},"modified":"2020-08-14T15:52:40","modified_gmt":"2020-08-14T18:52:40","slug":"alonso-lamenta-acidente-em-indianapolis-que-nao-se-repita-no-dia-da-corrida","status":"publish","type":"post","link":"https:\/\/grandepremio.com\/br\/indy\/alonso-lamenta-acidente-em-indianapolis-que-nao-se-repita-no-dia-da-corrida\/","title":{"rendered":"Alonso lamenta acidente em Indian\u00e1polis: &#8220;Que n\u00e3o se repita no dia da corrida&#8221;"},"content":{"rendered":"\n<p class=\"wp-block-paragraph\">A terceira tentativa de <a href=\"https:\/\/www.grandepremio.com\/br\/indy\/noticias\/sem-pressao-do-bump-day-alonso-chega-otimista-para-indy-500-espero-lutar-pela-vitoria\/\">Fernando Alonso <\/a>nas 500 Milhas de <a href=\"https:\/\/www.grandepremio.com\/br\/indy\/?fl=true&amp;utm_source=lance\">Indian\u00e1polis <\/a>n\u00e3o come\u00e7ou muito bem. Apesar <a href=\"https:\/\/www.grandepremio.com\/br\/indy\/noticias\/em-readaptacao-alonso-celebra-primeiro-dia-livre-de-problemas-em-indianapolis\/\">de um ritmo interessante<\/a> nos dois primeiros treinos livres, <a href=\"https:\/\/www.grandepremio.com\/br\/indy\/noticias\/alonso-perde-controle-e-sofre-acidente-no-tl2-das-500-milhas-de-indianapolis\/\">o espanhol achou o muro no TL2 <\/a>desta quinta-feira (13) e danificou bem sua McLaren. Pelo menos, segundo Alonso, foi um erro numa atividade de teste e n\u00e3o na corrida.<\/p>\n\n\n\n<p class=\"wp-block-paragraph\">O espanhol falou de como cada volta no IMS \u00e9 importante para entender os limites da pista e, apesar do estrago consider\u00e1vel que fez a McLaren invadir a noite trabalhando, espera poder andar tranquilo na classifica\u00e7\u00e3o.<\/p>\n\n\n\n<p class=\"wp-block-paragraph\">&#8220;Perdemos ader\u00eancia no carro e, aqui, os muros s\u00e3o muito pr\u00f3ximos. Infelizmente, as coisas s\u00e3o assim, aconteceu de novo. Mas pelo menos foi no treino livre que aconteceu, que n\u00e3o se repita na corrida. Voc\u00ea aprende aqui a cada volta que completa, vamos aprender a partir de mais essa batida, espero que n\u00e3o aconte\u00e7a nada de pior com o carro para os pr\u00f3ximos dias&#8221;, disse.<\/p>\n\n\n\n<figure class=\"wp-block-image size-large\"><img decoding=\"async\" src=\"https:\/\/www.grandepremio.com\/br\/wp-content\/uploads\/2020\/08\/Fernando-Alonso-2-1-1024x682.jpg\" alt=\"\" class=\"wp-image-406698\"\/><figcaption>Fernando Alonso bateu no TL2 da Indy 500 (Foto: IndyCar)<\/figcaption><\/figure>\n\n\n\n<p class=\"wp-block-paragraph\">A quest\u00e3o para o #66 \u00e9 recuperar o ritmo e a confian\u00e7a ao lado da McLaren, mas manteve a cautela ao falar dos tempos que j\u00e1 havia registrado nos treinos livres.<\/p>\n\n\n\n<p class=\"wp-block-paragraph\">&#8220;A semana tem sido mais ou menos boa, espero poder retomar o trabalho normalmente, sem problemas. Vamos nos recuperar da batida e seguir nosso trabalho&#8221;, completou.<\/p>\n\n\n\n<p class=\"wp-block-paragraph\">Apesar da batida, Alonso ainda foi oitavo no TL2. O espanhol come\u00e7ou andando bem forte, tendo registrado a quinta marca no TL1.<\/p>\n\n\n\n<figure class=\"wp-block-embed-spotify wp-block-embed is-type-rich is-provider-spotify wp-embed-aspect-21-9 wp-has-aspect-ratio\"><div class=\"wp-block-embed__wrapper\">\n<iframe title=\"Spotify Embed: A Indy 500 mais decisiva dos \u00faltimos tempos | Paddockast #74\" style=\"border-radius: 12px\" width=\"100%\" height=\"152\" frameborder=\"0\" allowfullscreen allow=\"autoplay; clipboard-write; encrypted-media; fullscreen; picture-in-picture\" loading=\"lazy\" src=\"https:\/\/open.spotify.com\/embed\/episode\/5GGS55E50dyZfiYfdX2Jv8?utm_source=oembed\"><\/iframe>\n<\/div><figcaption><strong>Paddockast #74 | A INDY 500 MAIS DECISIVA DOS \u00daLTIMOS TEMPOS<\/strong><br>Ou\u00e7a tamb\u00e9m:&nbsp;<a href=\"http:\/\/podcasts.apple.com\/br\/podcast\/paddockast\/id1371540198\">PODCASTS APPLE<\/a>&nbsp;|&nbsp;<a href=\"https:\/\/www.subscribeonandroid.com\/www.central3.com.br\/category\/podcasts\/paddockast\/feed\/podcast\/\">ANDROID<\/a>&nbsp;|&nbsp;<a href=\"https:\/\/player.fm\/series\/paddockast\">PLAYERFM<\/a><\/figcaption><\/figure>\n","protected":false},"excerpt":{"rendered":"<p>O espanhol sabe que a batida no TL2 da Indy 500 n\u00e3o foi nada positiva, mas ao menos aconteceu antes da prova oficial<\/p>\n","protected":false},"author":0,"featured_media":1000406764,"comment_status":"closed","ping_status":"closed","sticky":false,"template":"","format":"standard","meta":{"42wp_featured_image_caption":"","42wp_featured_image_credits":"","42wp_featured_video":"","42wp_featured_image_hidden":false,"42wp_authors_list":[],"footnotes":""},"categories":[3],"tags":[2980,176,93,96,232,418,90],"42wp_author":[47117],"class_list":["post-128055","post","type-post","status-publish","format-standard","has-post-thumbnail","hentry","category-indy","tag-500-milhas-indianapolis","tag-fernando-alonso","tag-indy","tag-indy-2020","tag-indy-500","tag-indy-500-2020","tag-mclaren","42wp_author-gabriel-curty"],"_links":{"self":[{"href":"https:\/\/grandepremio.com\/br\/wp-json\/wp\/v2\/posts\/128055","targetHints":{"allow":["GET"]}}],"collection":[{"href":"https:\/\/grandepremio.com\/br\/wp-json\/wp\/v2\/posts"}],"about":[{"href":"https:\/\/grandepremio.com\/br\/wp-json\/wp\/v2\/types\/post"}],"replies":[{"embeddable":true,"href":"https:\/\/grandepremio.com\/br\/wp-json\/wp\/v2\/comments?post=128055"}],"version-history":[{"count":0,"href":"https:\/\/grandepremio.com\/br\/wp-json\/wp\/v2\/posts\/128055\/revisions"}],"wp:featuredmedia":[{"embeddable":true,"href":"https:\/\/grandepremio.com\/br\/wp-json\/wp\/v2\/media\/1000406764"}],"wp:attachment":[{"href":"https:\/\/grandepremio.com\/br\/wp-json\/wp\/v2\/media?parent=128055"}],"wp:term":[{"taxonomy":"category","embeddable":true,"href":"https:\/\/grandepremio.com\/br\/wp-json\/wp\/v2\/categories?post=128055"},{"taxonomy":"post_tag","embeddable":true,"href":"https:\/\/grandepremio.com\/br\/wp-json\/wp\/v2\/tags?post=128055"},{"taxonomy":"42wp_author","embeddable":true,"href":"https:\/\/grandepremio.com\/br\/wp-json\/wp\/v2\/42wp_author?post=128055"}],"curies":[{"name":"wp","href":"https:\/\/api.w.org\/{rel}","templated":true}]}}