{"id":128069,"date":"2020-08-14T10:52:58","date_gmt":"2020-08-14T13:52:58","guid":{"rendered":"https:\/\/grandepremio.com\/br\/noticias\/criticado-por-chefe-da-racing-point-ceo-da-mclaren-responde-nunca-tomei-uma-multa\/"},"modified":"2020-08-14T10:53:04","modified_gmt":"2020-08-14T13:53:04","slug":"criticado-por-chefe-da-racing-point-ceo-da-mclaren-responde-nunca-tomei-uma-multa","status":"publish","type":"post","link":"https:\/\/grandepremio.com\/br\/f1\/criticado-por-chefe-da-racing-point-ceo-da-mclaren-responde-nunca-tomei-uma-multa\/","title":{"rendered":"Criticado por chefe da Racing Point, CEO da McLaren responde: \u201cNunca tomei uma multa\u201d"},"content":{"rendered":"\n<figure class=\"wp-block-embed-youtube wp-block-embed is-type-video is-provider-youtube wp-embed-aspect-16-9 wp-has-aspect-ratio\"><div class=\"wp-block-embed__wrapper\">\n<iframe loading=\"lazy\" title=\"Lewis HAMILTON, RACISMO e a F1 | Cadeira Cativa #19\" width=\"500\" height=\"281\" src=\"https:\/\/www.youtube.com\/embed\/9Bl_sDGuNoc?start=4&amp;feature=oembed\" frameborder=\"0\" allow=\"accelerometer; autoplay; clipboard-write; encrypted-media; gyroscope; picture-in-picture; web-share\" referrerpolicy=\"strict-origin-when-cross-origin\" allowfullscreen><\/iframe>\n<\/div><\/figure>\n\n\n\n<p class=\"wp-block-paragraph\">A pol\u00eamica sobre a \u2018Mercedes rosa\u2019, o Racing Point RP20, e as puni\u00e7\u00f5es impostas pela FIA (Federa\u00e7\u00e3o Internacional de Automobilismo) por conta de irregularidades no projeto dos dutos dos freios traseiros do carro da equipe de Silverstone, est\u00e1 bem longe de arrefecer. Nesta semana, McLaren e Williams decidiram n\u00e3o ir adiante e descartaram apelar da decis\u00e3o tomada pela entidade, que aplicou multa de \u20ac 400 mil (cerca de R$ 2,5 milh\u00f5es) e retirada de 15 pontos no Mundial de Construtores. Em contrapartida, Ferrari e Renault, a grande art\u00edfice dos protestos que culminaram nas san\u00e7\u00f5es, optaram pelo recurso.<\/p>\n\n\n\n<p class=\"wp-block-paragraph\">A F\u00f3rmula 1 escalou lado a lado, em uma das rodadas de entrevistas coletivas com dirigentes, nesta sexta-feira (14), justamente Otmar Szafnauer, chefe da Racing Point, Zak Brown, CEO da McLaren, e Cyril Abiteboul, diretor e comandante da Renault. O tema central da discuss\u00e3o, claro, foi toda a pol\u00eamica que cerca a \u2018Mercedes rosa\u2019 nesta temporada.<\/p>\n\n\n\n<p class=\"wp-block-paragraph\">Semana passada, Brown questionou a legalidade do carro, contestou a puni\u00e7\u00e3o aplicada pela FIA e foi rebatido por Szafnauer, que falou grosso.<\/p>\n\n\n\n<figure class=\"wp-block-image size-large\"><img decoding=\"async\" src=\"https:\/\/www.grandepremio.com\/br\/wp-content\/uploads\/2020\/08\/mclaren-landonorris-02-1-1024x683.jpg\" alt=\"\" class=\"wp-image-402494\"\/><figcaption>McLaren e Racing Point se enfrentam nas pistas e tamb\u00e9m nos bastidores, com intensa troca de pol\u00eamicas declara\u00e7\u00f5es (Foto: McLaren)<\/figcaption><\/figure>\n\n\n\n<p class=\"wp-block-paragraph\">\u201cNeste aspecto, Zak Brown \u00e9 um ignorante porque ele n\u00e3o \u00e9 um engenheiro. Ele n\u00e3o tem ideia do que est\u00e1 falando. Zero. E estou surpreso sobre o qu\u00e3o pouco ele conhece das regras da F\u00f3rmula 1. Para mim, parece que ele conhece muito mais sobre a hist\u00f3ria do automobilismo do que ele faz na F1\u201d, bradou o dirigente de origem romena.<\/p>\n\n\n\n<p class=\"wp-block-paragraph\">Nesta manh\u00e3, diante das c\u00e2meras em Barcelona, o executivo norte-americano aproveitou a oportunidade para responder Szafnauer.<\/p>\n\n\n\n<p class=\"wp-block-paragraph\">\u201cGrande parte do que Otmar falou \u00e9 verdade. N\u00e3o sou engenheiro. Mas, como diretor-executivo, nunca tomei uma multa, um euro sequer, muito menos \u20ac 400 mil. E Otmar achou que eles estavam perdendo 7,5 pontos at\u00e9 que a [emissora] Sky lhe avisou que n\u00e3o tinha sido assim\u201d, disse.<\/p>\n\n\n\n<p class=\"wp-block-paragraph\">Para completar, Zak ironizou o carro que mais vem chamando a aten\u00e7\u00e3o da F\u00f3rmula 1 nesta temporada. \u201cEu o convido para que ele se junte a mim. Ele tamb\u00e9m tem um carro hist\u00f3rico com o qual est\u00e1 correndo agora mesmo\u201d.<\/p>\n\n\n\n<h4 class=\"wp-block-heading\"><strong>Racing Point \u201cdeveria perder todos os pontos\u201d, defende Renault<\/strong><\/h4>\n\n\n\n<p class=\"wp-block-paragraph\">A rusga entre Racing Point e Renault n\u00e3o \u00e9 de hoje e come\u00e7ou com uma pol\u00eamica muito antes de a \u2018Mercedes rosa\u2019 ser concebida. No GP do Jap\u00e3o de 2019, a equipe de Silverstone descobriu uma irregularidade no sistema de freios do carro da rival anglo-francesa. A pe\u00e7a foi apontada como ilegal porque caracterizava um dispositivo de aux\u00edlio para os pilotos. A Renault perdeu 9 pontos, sendo 8 pelo sexto lugar de Daniel Ricciardo e 1 pelo 10\u00ba de Nico H\u00fclkenberg em Suzuka.<\/p>\n\n\n\n<p class=\"wp-block-paragraph\">Dez meses depois, Abiteboul entende que a Racing Point deveria sofrer a mesma puni\u00e7\u00e3o, ou seja, perder todos os pontos das etapas em que atuou com pe\u00e7a considerada ilegal pelos comiss\u00e1rios.<\/p>\n\n\n\n<p class=\"wp-block-paragraph\">\u201cEsper\u00e1vamos uma puni\u00e7\u00e3o consistente em raz\u00e3o das outras san\u00e7\u00f5es que j\u00e1 vimos antes, como a que n\u00f3s aceitamos no ano passado em Suzuka, quando violamos o regulamento desportivo e n\u00e3o o t\u00e9cnico, fomos desclassificados da prova e perdemos todos os nossos pontos\u201d, lembrou o engenheiro franc\u00eas.<\/p>\n\n\n\n<figure class=\"wp-block-image size-large\"><img decoding=\"async\" src=\"https:\/\/www.grandepremio.com\/br\/wp-content\/uploads\/2020\/08\/racingpoint-lancestroll-03-1-1024x683.jpg\" alt=\"\" class=\"wp-image-402448\"\/><figcaption>Racing Point e Renault travam batalhas dentro e fora das pistas desde 2019 (Foto: Racing Point)<\/figcaption><\/figure>\n\n\n\n<p class=\"wp-block-paragraph\">\u201cN\u00e3o houve desconto para a Renault, ent\u00e3o n\u00e3o sei por que deveria ter para a Racing Point. Eles deveriam perder todos os pontos de todas as etapas em que apresentamos um protesto\u201d, criticou.<\/p>\n\n\n\n<p class=\"wp-block-paragraph\">Assim como aconteceu no \u00faltimo domingo do GP dos 70 Anos, a Racing Point foi chamada \u00e0 sala dos comiss\u00e1rios, mas escapou com somente uma advert\u00eancia, ou reprimenda, como a san\u00e7\u00e3o \u00e9 chamada pela FIA. Para o chefe da Renault, trata-se de um cen\u00e1rio at\u00e9 bizarro.<\/p>\n\n\n\n<p class=\"wp-block-paragraph\">\u201cIsso nos leva a uma situa\u00e7\u00e3o um tanto estranha em que, depois de cada evento, Otmar \u00e9 chamado pelos comiss\u00e1rios, que v\u00e3o ver que os dutos de freio s\u00e3o iguais, que n\u00e3o foram mudados, e a\u00ed ele recebe uma advert\u00eancia. N\u00f3s vamos ter essa situa\u00e7\u00e3o em dez corridas, ou algo assim, em que eles v\u00e3o receber advert\u00eancias\u201d, concluiu.<\/p>\n\n\n\n<p class=\"wp-block-paragraph\">O <strong>GRANDE PR\u00caMIO<\/strong> acompanha <a href=\"https:\/\/www.grandepremio.com\/br\/ao-vivo\/\">AO VIVO e em TEMPO REAL<\/a> o fim de semana do GP da Espanha de F1. Siga tudo <a href=\"https:\/\/www.grandepremio.com\/br\/ultimas-noticias\/\">aqui<\/a>.<\/p>\n","protected":false},"excerpt":{"rendered":"<p>A F\u00f3rmula 1 colocou lado a lado Otmar Szafnauer, Zak Brown e Cyril Abiteboul, dirigentes da Racing Point, McLaren e Renault, respectivamente, em entrevista coletiva nesta manh\u00e3 de sexta-feira em Barcelona. Em pauta, claro, toda a pol\u00eamica sobre a \u2018Mercedes rosa\u2019 e a puni\u00e7\u00e3o imposta pela FIA \u00e0 equipe de Silverstone. No meio da confer\u00eancia, sobraram provoca\u00e7\u00f5es<\/p>\n","protected":false},"author":0,"featured_media":0,"comment_status":"closed","ping_status":"closed","sticky":false,"template":"","format":"standard","meta":{"42wp_featured_image_caption":"","42wp_featured_image_credits":"","42wp_featured_video":"","42wp_featured_image_hidden":false,"42wp_authors_list":[],"footnotes":""},"categories":[2],"tags":[304,779,147,118,24837,157,996,24836,90,25203,477,310,229,580],"42wp_author":[47109],"class_list":["post-128069","post","type-post","status-publish","format-standard","hentry","category-f1","tag-barcelona","tag-cyril-abiteboul","tag-f1","tag-f1-2020","tag-formula-1-2","tag-formula-1-2020","tag-gp-da-espanha","tag-grande-premio-2","tag-mclaren","tag-mercedes-rosa","tag-otmar-szafnauer","tag-racing-point","tag-renault","tag-zak-brown","42wp_author-redacao-gp"],"_links":{"self":[{"href":"https:\/\/grandepremio.com\/br\/wp-json\/wp\/v2\/posts\/128069","targetHints":{"allow":["GET"]}}],"collection":[{"href":"https:\/\/grandepremio.com\/br\/wp-json\/wp\/v2\/posts"}],"about":[{"href":"https:\/\/grandepremio.com\/br\/wp-json\/wp\/v2\/types\/post"}],"replies":[{"embeddable":true,"href":"https:\/\/grandepremio.com\/br\/wp-json\/wp\/v2\/comments?post=128069"}],"version-history":[{"count":0,"href":"https:\/\/grandepremio.com\/br\/wp-json\/wp\/v2\/posts\/128069\/revisions"}],"wp:attachment":[{"href":"https:\/\/grandepremio.com\/br\/wp-json\/wp\/v2\/media?parent=128069"}],"wp:term":[{"taxonomy":"category","embeddable":true,"href":"https:\/\/grandepremio.com\/br\/wp-json\/wp\/v2\/categories?post=128069"},{"taxonomy":"post_tag","embeddable":true,"href":"https:\/\/grandepremio.com\/br\/wp-json\/wp\/v2\/tags?post=128069"},{"taxonomy":"42wp_author","embeddable":true,"href":"https:\/\/grandepremio.com\/br\/wp-json\/wp\/v2\/42wp_author?post=128069"}],"curies":[{"name":"wp","href":"https:\/\/api.w.org\/{rel}","templated":true}]}}