{"id":128071,"date":"2020-08-14T10:00:00","date_gmt":"2020-08-14T13:00:00","guid":{"rendered":"https:\/\/grandepremio.com\/br\/noticias\/gp-as-10-campea-alema-da-formula-e-mercedes-mostra-o-que-vem-por-ai\/"},"modified":"2020-08-14T09:59:10","modified_gmt":"2020-08-14T12:59:10","slug":"gp-as-10-campea-alema-da-formula-e-mercedes-mostra-o-que-vem-por-ai","status":"publish","type":"post","link":"https:\/\/grandepremio.com\/br\/formula-e\/gp-as-10-campea-alema-da-formula-e-mercedes-mostra-o-que-vem-por-ai\/","title":{"rendered":"GP \u00e0s 10: Campe\u00e3 alem\u00e3 da F\u00f3rmula E, Mercedes mostra o que vem por a\u00ed"},"content":{"rendered":"\n<figure class=\"wp-block-embed is-type-video is-provider-dailymotion\"><div class=\"wp-block-embed__wrapper\">\n<iframe loading=\"lazy\" title=\"CAMPE\u00c3 alem\u00e3 da F\u00f3rmula E, MERCEDES mostra o que vem por a\u00ed | GP \u00e0s 10\" frameborder=\"0\" width=\"500\" height=\"281\" src=\"https:\/\/geo.dailymotion.com\/player.html?video=x7vk4gf&#038;\" allowfullscreen allow=\"autoplay; fullscreen; picture-in-picture; web-share\"><\/iframe>\n<\/div><\/figure>\n\n\n\n<p class=\"wp-block-paragraph\">Pedro Henrique Marum destaca a vit\u00f3ria da Mercedes na batalha contra as tr\u00eas rivais da Alemanha, ainda que tenha disputado somente a temporada de estreia na F\u00f3rmula E como equipe de f\u00e1brica. Quais as causas da superioridade que mostra o que a f\u00e1brica de Stuttgart tem no estoque.<\/p>\n","protected":false},"excerpt":{"rendered":"<p>Na primeira temporada da F\u00f3rmula E com presen\u00e7a do quarteto alem\u00e3o completo, a novata Mercedes levou a melhor. Pedro Henrique Marum fala sobre o que aconteceu e o que significa<\/p>\n","protected":false},"author":0,"featured_media":1000406524,"comment_status":"closed","ping_status":"closed","sticky":false,"template":"","format":"standard","meta":{"42wp_featured_image_caption":"","42wp_featured_image_credits":"","42wp_featured_video":"","42wp_featured_image_hidden":false,"42wp_authors_list":[],"footnotes":""},"categories":[19],"tags":[1188,970,707,195,194,196,25048,966,25777,82,2139,1556,570,736,25001,967],"42wp_author":[47120],"class_list":["post-128071","post","type-post","status-publish","format-standard","has-post-thumbnail","hentry","category-formula-e","tag-alexander-sims","tag-audi","tag-bmw","tag-fe-2020","tag-formula-e-2020","tag-horarios-da-fe","tag-horarios-da-formula-e-2","tag-lucas-di-grassi","tag-maximilian-gunther-2","tag-mercedes","tag-neel-jani","tag-nyck-de-vries","tag-pedro-henrique-marum","tag-porsche","tag-rene-rast-2","tag-stoffel-vandoorne","42wp_author-pedro-henrique-marum"],"_links":{"self":[{"href":"https:\/\/grandepremio.com\/br\/wp-json\/wp\/v2\/posts\/128071","targetHints":{"allow":["GET"]}}],"collection":[{"href":"https:\/\/grandepremio.com\/br\/wp-json\/wp\/v2\/posts"}],"about":[{"href":"https:\/\/grandepremio.com\/br\/wp-json\/wp\/v2\/types\/post"}],"replies":[{"embeddable":true,"href":"https:\/\/grandepremio.com\/br\/wp-json\/wp\/v2\/comments?post=128071"}],"version-history":[{"count":0,"href":"https:\/\/grandepremio.com\/br\/wp-json\/wp\/v2\/posts\/128071\/revisions"}],"wp:featuredmedia":[{"embeddable":true,"href":"https:\/\/grandepremio.com\/br\/wp-json\/wp\/v2\/media\/1000406524"}],"wp:attachment":[{"href":"https:\/\/grandepremio.com\/br\/wp-json\/wp\/v2\/media?parent=128071"}],"wp:term":[{"taxonomy":"category","embeddable":true,"href":"https:\/\/grandepremio.com\/br\/wp-json\/wp\/v2\/categories?post=128071"},{"taxonomy":"post_tag","embeddable":true,"href":"https:\/\/grandepremio.com\/br\/wp-json\/wp\/v2\/tags?post=128071"},{"taxonomy":"42wp_author","embeddable":true,"href":"https:\/\/grandepremio.com\/br\/wp-json\/wp\/v2\/42wp_author?post=128071"}],"curies":[{"name":"wp","href":"https:\/\/api.w.org\/{rel}","templated":true}]}}