{"id":128082,"date":"2020-08-14T05:06:58","date_gmt":"2020-08-14T08:06:58","guid":{"rendered":"https:\/\/grandepremio.com\/br\/noticias\/porsche-anuncia-wehrlein-como-substituto-de-jani-para-proxima-temporada-da-fe\/"},"modified":"2020-08-14T05:38:06","modified_gmt":"2020-08-14T08:38:06","slug":"porsche-anuncia-wehrlein-como-substituto-de-jani-para-proxima-temporada-da-fe","status":"publish","type":"post","link":"https:\/\/grandepremio.com\/br\/formula-e\/porsche-anuncia-wehrlein-como-substituto-de-jani-para-proxima-temporada-da-fe\/","title":{"rendered":"Porsche anuncia Wehrlein como substituto de Jani para pr\u00f3xima temporada da FE"},"content":{"rendered":"\n<p class=\"wp-block-paragraph\"><strong><a href=\"https:\/\/www.grandepremio.com\/br\/formula-e\/noticias\/apagado-e-sem-alcancar-o-que-esperava-na-fe-massa-deixa-venturi\/?fl=true&amp;utm_source=lance\">Depois do an\u00fancio da sa\u00edda<\/a><\/strong> de Felipe Massa da Venturi, o mercado de pilotos da F\u00f3rmula E seguiu com movimentos importantes na manh\u00e3 desta sexta-feira (14). A Porsche confirmou expectativas e anunciou Pascal Wehrlein como novo piloto para a temporada 2020\/21, tomando vaga de Neel Jani e formando dupla com Andr\u00e9 Lotterer.<\/p>\n\n\n\n<p class=\"wp-block-paragraph\">A contrata\u00e7\u00e3o de Wehrlein j\u00e1 era altamente especulada nos \u00faltimos tempos. O piloto nem chegou a correr pela Mahindra nos ePs de Berlim, justamente por estar negociando com a Porsche.<\/p>\n\n\n\n<p class=\"wp-block-paragraph\">\u201c\u00c9 uma grande honra para mim poder representar a Porsche na temporada 2020\/21 da F\u00f3rmula E\u201d, disse Wehrlein. \u201cEu sempre acompanhei a hist\u00f3ria \u00fanica da marca no automobilismo e tenho respeito enorme pelo sucesso lend\u00e1rio da Porsche. Assinar como piloto da Porsche na F\u00f3rmula E \u00e9 uma oportunidade fant\u00e1stica, pela qual eu agrade\u00e7o muito. Fico ansioso para conhecer a equipe e come\u00e7ar a trabalhar em Weissach o mais cedo poss\u00edvel\u201d, seguiu, fazendo refer\u00eancia \u00e0 sede da escuderia.<\/p>\n\n\n\n<figure class=\"wp-block-image size-large\"><img decoding=\"async\" src=\"https:\/\/www.grandepremio.com\/br\/wp-content\/uploads\/2020\/08\/b-20PAG_2018_005-PW_0918-V2_4k_web_sRGB-1024x592.jpg\" alt=\"\" class=\"wp-image-406389\"\/><figcaption>Pascal Wehrlein agora \u00e9 piloto da Porsche na F\u00f3rmula E (Foto: Porsche)<\/figcaption><\/figure>\n\n\n\n<p class=\"wp-block-paragraph\">Wehrlein vai \u00e0 Porsche ainda em busca do pr\u00f3ximo passo na carreira na FE. Em uma temporada e meia pela Mahindra, o alem\u00e3o conseguiu um \u00fanico p\u00f3dio. Ainda assim, j\u00e1 \u00e9 mais do Jani conseguiu: o substitu\u00eddo sofreu com o campeonato el\u00e9trico e pontuou uma \u00fanica vez em 11 ePs.<\/p>\n\n\n\n<p class=\"wp-block-paragraph\">\u201cEle [Wehrlein] ganhou muita experi\u00eancia em diferentes campeonatos e ainda \u00e9 jovem\u201d, disse Fritz Enzinger, diretor de automobilismo da Porsche. \u201cQueremos agradecer tamb\u00e9m ao Neel Jani por seu comprometimento fora de s\u00e9rie. Ele foi uma parte significativa do desenvolvimento do nosso projeto na FE e, assim, contribuiu muito para o sucesso da Porsche na temporada que se encerrou. Ele vai continuar na Porsche e o veremos em a\u00e7\u00e3o em projetos futuros, o que me deixa feliz\u201d, seguiu.<\/p>\n\n\n\n<p class=\"wp-block-paragraph\">A pr\u00f3xima temporada da FE come\u00e7a apenas em 2021. O primeiro eP \u00e9 em 16 de janeiro, em Santiago. A Porsche tenta dar novos passos adiante ap\u00f3s uma estreia honesta na categoria, alcan\u00e7ando dois p\u00f3dios e ficando em oitavo no Campeonato de Equipes.<\/p>\n","protected":false},"excerpt":{"rendered":"<p>Pascal Wehrlein, que j\u00e1 nem tinha fechado a temporada 2019\/20 pela Mahindra, vai para a Porsche em 2020\/21. Isso ao custo de Neel Jani, de sa\u00edda ap\u00f3s temporada de estreia frustrante<\/p>\n","protected":false},"author":0,"featured_media":1000406388,"comment_status":"closed","ping_status":"closed","sticky":false,"template":"","format":"standard","meta":{"42wp_featured_image_caption":"","42wp_featured_image_credits":"","42wp_featured_video":"","42wp_featured_image_hidden":false,"42wp_authors_list":[],"footnotes":""},"categories":[19],"tags":[24985,25158,1172,2139,1194,736],"42wp_author":[47118],"class_list":["post-128082","post","type-post","status-publish","format-standard","has-post-thumbnail","hentry","category-formula-e","tag-formula-e-2020-2","tag-formula-e-2021","tag-mahindra","tag-neel-jani","tag-pascal-wehrlein","tag-porsche","42wp_author-vitor-fazio"],"_links":{"self":[{"href":"https:\/\/grandepremio.com\/br\/wp-json\/wp\/v2\/posts\/128082","targetHints":{"allow":["GET"]}}],"collection":[{"href":"https:\/\/grandepremio.com\/br\/wp-json\/wp\/v2\/posts"}],"about":[{"href":"https:\/\/grandepremio.com\/br\/wp-json\/wp\/v2\/types\/post"}],"replies":[{"embeddable":true,"href":"https:\/\/grandepremio.com\/br\/wp-json\/wp\/v2\/comments?post=128082"}],"version-history":[{"count":0,"href":"https:\/\/grandepremio.com\/br\/wp-json\/wp\/v2\/posts\/128082\/revisions"}],"wp:featuredmedia":[{"embeddable":true,"href":"https:\/\/grandepremio.com\/br\/wp-json\/wp\/v2\/media\/1000406388"}],"wp:attachment":[{"href":"https:\/\/grandepremio.com\/br\/wp-json\/wp\/v2\/media?parent=128082"}],"wp:term":[{"taxonomy":"category","embeddable":true,"href":"https:\/\/grandepremio.com\/br\/wp-json\/wp\/v2\/categories?post=128082"},{"taxonomy":"post_tag","embeddable":true,"href":"https:\/\/grandepremio.com\/br\/wp-json\/wp\/v2\/tags?post=128082"},{"taxonomy":"42wp_author","embeddable":true,"href":"https:\/\/grandepremio.com\/br\/wp-json\/wp\/v2\/42wp_author?post=128082"}],"curies":[{"name":"wp","href":"https:\/\/api.w.org\/{rel}","templated":true}]}}