{"id":128098,"date":"2020-08-13T14:52:00","date_gmt":"2020-08-13T17:52:00","guid":{"rendered":"https:\/\/grandepremio.com\/br\/noticias\/vandoorne-controla-ep-de-berlim-6-vence-em-dobradinha-da-mercedes-e-fica-com-vice\/"},"modified":"2020-08-13T17:26:49","modified_gmt":"2020-08-13T20:26:49","slug":"vandoorne-controla-ep-de-berlim-6-vence-em-dobradinha-da-mercedes-e-fica-com-vice","status":"publish","type":"post","link":"https:\/\/grandepremio.com\/br\/formula-e\/vandoorne-controla-ep-de-berlim-6-vence-em-dobradinha-da-mercedes-e-fica-com-vice\/","title":{"rendered":"Vandoorne controla eP de Berlim 6, vence em dobradinha da Mercedes e fica com vice"},"content":{"rendered":"\n<figure class=\"wp-block-embed-youtube wp-block-embed is-type-video is-provider-youtube wp-embed-aspect-16-9 wp-has-aspect-ratio\"><div class=\"wp-block-embed__wrapper\">\n<iframe loading=\"lazy\" title=\"EVERALDO MARQUES NA F1 + VERSTAPPEN, BRAD BINDER na MOTOGP e DA COSTA | Paddock #209\" width=\"500\" height=\"281\" src=\"https:\/\/www.youtube.com\/embed\/Jh7VWZ2Aqsc?feature=oembed\" frameborder=\"0\" allow=\"accelerometer; autoplay; clipboard-write; encrypted-media; gyroscope; picture-in-picture; web-share\" referrerpolicy=\"strict-origin-when-cross-origin\" allowfullscreen><\/iframe>\n<\/div><\/figure>\n\n\n\n<p class=\"wp-block-paragraph\">A n\u00e3o ser por algumas trocas tempor\u00e1rias durante a rota\u00e7\u00e3o do uso do modo ataque, Stoffel Vandoorne foi dono absoluto da \u00faltima corrida da temporada 2019\/20 da F\u00f3rmula E, a sexta em Berlim, na tarde desta quinta-feira (13). A primeira vit\u00f3ria dele e da Mercedes na categoria &#8211; e logo com dobradinha.<\/p>\n\n\n\n<p class=\"wp-block-paragraph\">Nyck de Vries largou em quarto, mas rapidamente assumiu o terceiro lugar e atacou S\u00e9bastien Buemi at\u00e9 quando p\u00f4de para passar, j\u00e1 era visivelmente mais r\u00e1pido. Gastou modo ataque e FanBoost investindo, mas passou mesmo no fim da corrida. At\u00e9 incomodou Vandoorne, mas manteve a dist\u00e2ncia e a paz para o dia de sucesso da Mercedes, que encerra sua primeira temporada como equipe de f\u00e1brica da melhor maneira poss\u00edvel.<\/p>\n\n\n\n<p class=\"wp-block-paragraph\">Buemi fechou o p\u00f3dio, o quarto da Nissan nas seis corridas do aeroporto. Ren\u00e9 Rast deu a sequ\u00eancia e com Sam Bird em quinto, muito embora tenha feito a melhor volta entre o top-10 e arrecadado um ponto mais. Lucas Di Grassi, Jean-\u00c9ric Vergne, Alex Lynn, Ant\u00f3nio F\u00e9lix da Costa e Edoardo Mortara fecharam o top-10.<\/p>\n\n\n\n<p class=\"wp-block-paragraph\">Felipe Massa se despediu da Venturi com a 16\u00aa coloca\u00e7\u00e3o &#8211; ele n\u00e3o fica para 2021, conforme o time monegasco anunciou no fim da prova. S\u00e9rgio Sette C\u00e2mara foi 19\u00ba ap\u00f3s um come\u00e7o bastante promissor.<\/p>\n\n\n\n<p class=\"wp-block-paragraph\">A pr\u00f3xima corrida da F\u00f3rmula ser\u00e1 apenas em pouco mais de cinco meses: a temporada 2020\/21 come\u00e7a no dia 16 de janeiro de 2021, no Parque O&#8217;Higgins, em Santiago, Chile. At\u00e9 l\u00e1!<\/p>\n\n\n\n<figure class=\"wp-block-image size-large\"><img decoding=\"async\" src=\"https:\/\/www.grandepremio.com\/br\/wp-content\/uploads\/2020\/08\/3-EPS611_131405_W6I3194-1024x682.jpg\" alt=\"\" class=\"wp-image-406227\"\/><figcaption>Mortara, De Vries e Frijns cumprimentam Vandoorne (Foto: F\u00f3rmula E)<\/figcaption><\/figure>\n\n\n\n<h3 class=\"wp-block-heading\">Confira como foi a corrida:<\/h3>\n\n\n\n<p class=\"wp-block-paragraph\">Ap\u00f3s longa semana de atividades infindas no Aeroporto de Tempelhof, a F\u00f3rmula E largou para a \u00faltima prova da temporada 2019\/20. Nico M\u00fcller, com mudan\u00e7a de bateria, largava nos boxes.<\/p>\n\n\n\n<p class=\"wp-block-paragraph\">A partida foi relativamente tranquila, ao menos sem grandes problemas &#8211; somente aqueles toques normais para l\u00e1 e para c\u00e1 no meio do pelot\u00e3o. Stoffel Vandoorne abriu na frente, ao passo que o outro Mercedes, Nyck de Vries, ultrapassou Ren\u00e9 Rast para assumir o terceiro lugar.<\/p>\n\n\n\n<p class=\"wp-block-paragraph\">Mais atr\u00e1s, bom come\u00e7o de S\u00e9rgio Sette C\u00e2mara, que ultrapassou Neel Jani e chegou a anotar a melhor volta da prova. Lucas Di Grassi veio a reboque e tirou o rival da Porsche. Algumas voltas na sequ\u00eancia, tirou tamb\u00e9m Sette C\u00e2mara da frente a assumiu o oitavo lugar.<\/p>\n\n\n\n<p class=\"wp-block-paragraph\">Na corrida pelas primeiras posi\u00e7\u00f5es, S\u00e9bastien Buemi abriu m\u00e3o do segundo lugar para buscar o modo ataque, mas rapidamente limpou De Vries da frente. O modo de velocidade extra, ali\u00e1s, causava intensas mudan\u00e7as nas quatro primeiras posi\u00e7\u00f5es, embora nenhuma muito duradoura. Quem passava pelos aros eletr\u00f4nicos perdia posi\u00e7\u00f5es, mas aproveitava a velocidade para recuperar exatamente a quantidade que perdeu.<\/p>\n\n\n\n<p class=\"wp-block-paragraph\">O FanBoost foi entregue a De Vries, Daniel Abt, Ant\u00f3nio F\u00e9lix da Costa, Di Grassi e Vandoorne.<\/p>\n\n\n\n<p class=\"wp-block-paragraph\">Com pouco mais da metade, l\u00edderes da corrida j\u00e1 n\u00e3o contavam mais com modo ataque a acionar. Di Grassi era quem avan\u00e7ava: passou Edoardo Mortara, Sam Bird e Frijns, mas o holand\u00eas deu um toquinho na traseira do Audi e recuperou o quinto posto. Quem tamb\u00e9m subia bastante era Max G\u00fcnther, que j\u00e1 aparecia em nono com pouco mais de 11 minutos no rel\u00f3gio.<\/p>\n\n\n\n<p class=\"wp-block-paragraph\">Com o FanBoost, De Vries foi para cima e atacou Buemi, mas o su\u00ed\u00e7o salvou a posi\u00e7\u00e3o com defesa de manual. Pior sorte levou o companheiro dele e vencedor do dia anterior, Oliver Rowland, que deixou um peda\u00e7o de carro pela pista e abandonou &#8211; a raz\u00e3o, apesar de n\u00e3o ser mostrada pela transmiss\u00e3o, foi um toque com Sims.<\/p>\n\n\n\n<p class=\"wp-block-paragraph\">Enquanto isso, o bicampe\u00e3o aparecia em d\u00e9cimo e tomava uma bandeira preta e branca de advert\u00eancia por uma disputa com Alexander Sims no come\u00e7o da corrida.<\/p>\n\n\n\n<p class=\"wp-block-paragraph\">Com modo ataque guardado, Bird partiu para cima e ultrapassou Di Grassi &#8211; Frijns, seu companheiro, vinha na sequ\u00eancia e abriu a porta. Mas Di Grassi atropelou Frijns, com direito at\u00e9 a toque, em uma briga engarrafada de minutos antes.  O holand\u00eas foi ficando sem bateria e, ao tentar segurar suas posi\u00e7\u00f5es, acabou indo fora do tra\u00e7ado junto de Mortara. O su\u00ed\u00e7o ainda pontuou, mas Frijns nem terminou. <\/p>\n\n\n\n<p class=\"wp-block-paragraph\">L\u00e1 na frente, De Vries enfim passava Buemi e tinha duas voltas para tentar se aproximar de Vandoorne, que via sua energia se esvair. Mas De Vries foi prudente, cuidou do interesse coletivo e foi um bom escudeiro para garantir que a primeira vit\u00f3ria da Mercedes na F\u00f3rmula E viesse com dobradinha. Vandoorne, ali\u00e1s, confirmou o vice-campeonato.<\/p>\n\n\n\n<h3 class=\"wp-block-heading\">F\u00f3rmula E 2020, eP de Berlim, Alemanha, Corrida 6, Resultado Final:<\/h3>\n\n\n\n<figure class=\"wp-block-table\"><table><tbody><tr><td>1<\/td><td>S VANDOORNE<\/td><td>Mercedes<\/td><td>36 voltas<\/td><td>&nbsp;<\/td><\/tr><tr><td>2<\/td><td>N DE VRIES<\/td><td>Mercedes<\/td><td>+1.340<\/td><td>&nbsp;<\/td><\/tr><tr><td>3<\/td><td>S BUEMI<\/td><td>Nissan<\/td><td>+2.841<\/td><td>&nbsp;<\/td><\/tr><tr><td>4<\/td><td>R RAST<\/td><td>Audi<\/td><td>+3.580<\/td><td>&nbsp;<\/td><\/tr><tr><td>5<\/td><td>S BIRD<\/td><td>Virgin Audi<\/td><td>+8.710<\/td><td>&nbsp;<\/td><\/tr><tr><td>6<\/td><td>L DI GRASSI<\/td><td>Audi<\/td><td>+11.593<\/td><td>&nbsp;<\/td><\/tr><tr><td>7<\/td><td>J.E VERGNE<\/td><td>DS Techeetah<\/td><td>+12.895<\/td><td>&nbsp;<\/td><\/tr><tr><td>8<\/td><td>A LYNN<\/td><td>Mahindra<\/td><td>+14.719<\/td><td>&nbsp;<\/td><\/tr><tr><td>9<\/td><td>A.F DA COSTA<\/td><td>DS Techeetah<\/td><td>+15.304<\/td><td>&nbsp;<\/td><\/tr><tr><td>10<\/td><td>E MORTARA<\/td><td>Venturi Mercedes<\/td><td>+16.154<\/td><td>&nbsp;<\/td><\/tr><tr><td>11<\/td><td>M EVANS<\/td><td>Jaguar<\/td><td>+16.348<\/td><td>&nbsp;<\/td><\/tr><tr><td>12<\/td><td>M G\u00dcNTHER<\/td><td>BMW<\/td><td>+17.798<\/td><td>&nbsp;<\/td><\/tr><tr><td>13<\/td><td>A SIMS<\/td><td>BMW<\/td><td>+22.229<\/td><td>&nbsp;<\/td><\/tr><tr><td>14<\/td><td>A LOTTERER<\/td><td>Porsche<\/td><td>+23.893<\/td><td>&nbsp;<\/td><\/tr><tr><td>15<\/td><td>N JANI<\/td><td>Porsche<\/td><td>+24.888<\/td><td>&nbsp;<\/td><\/tr><tr><td>16<\/td><td>F MASSA<\/td><td>Venturi Mercedes<\/td><td>+25.577<\/td><td>&nbsp;<\/td><\/tr><tr><td>17<\/td><td>T BLOMQVIST<\/td><td>Jaguar<\/td><td>+25.992<\/td><td>&nbsp;<\/td><\/tr><tr><td>18<\/td><td>J D&#8217;AMBROSIO<\/td><td>Mahindra<\/td><td>+30.485<\/td><td>&nbsp;<\/td><\/tr><tr><td>19<\/td><td>S. SETTE C\u00c2MARA<\/td><td>Dragon Penske<\/td><td>+31.453<\/td><td>&nbsp;<\/td><\/tr><tr><td>20<\/td><td>D ABT<\/td><td>NIO<\/td><td>+38.071<\/td><td>&nbsp;<\/td><\/tr><tr><td>21<\/td><td>O TURVEY<\/td><td>NIO<\/td><td>+39.694<\/td><td>&nbsp;<\/td><\/tr><tr><td>22<\/td><td>N M\u00dcLLER<\/td><td>Dragon Penske<\/td><td>+1:11.178<\/td><td>&nbsp;<\/td><\/tr><tr><td>23<\/td><td>R FRIJNS<\/td><td>Virgin Audi<\/td><td>+3 voltas<\/td><td>NC<\/td><\/tr><tr><td>24<\/td><td>O ROWLAND<\/td><td>Nissan<\/td><td>+8 voltas<\/td><td>NC<\/td><\/tr><\/tbody><\/table><\/figure>\n\n\n\n<figure class=\"wp-block-embed-spotify wp-block-embed is-type-rich is-provider-spotify wp-embed-aspect-21-9 wp-has-aspect-ratio\"><div class=\"wp-block-embed__wrapper\">\n<iframe title=\"Spotify Embed: A volta da F\u00f3rmula E | Paddockast #73\" style=\"border-radius: 12px\" width=\"100%\" height=\"152\" frameborder=\"0\" allowfullscreen allow=\"autoplay; clipboard-write; encrypted-media; fullscreen; picture-in-picture\" loading=\"lazy\" src=\"https:\/\/open.spotify.com\/embed\/episode\/3lM2Yb3LG8I13YG2r7yagZ?utm_source=oembed\"><\/iframe>\n<\/div><\/figure>\n","protected":false},"excerpt":{"rendered":"<p>A temporada da F\u00f3rmula E terminou com resultado in\u00e9dito a Maratona de Berlim. Agora s\u00f3 em 2021<\/p>\n","protected":false},"author":0,"featured_media":1000406231,"comment_status":"closed","ping_status":"closed","sticky":false,"template":"","format":"standard","meta":{"42wp_featured_image_caption":"","42wp_featured_image_credits":"","42wp_featured_video":"","42wp_featured_image_hidden":false,"42wp_authors_list":[],"footnotes":""},"categories":[19],"tags":[5078,25774,970,5050,1860,852,195,504,194,196,25048,851,966,82,894,965,1593,876,1025,967,660,639],"42wp_author":[47120],"class_list":["post-128098","post","type-post","status-publish","format-standard","has-post-thumbnail","hentry","category-formula-e","tag-aeroporto-de-tempelhof","tag-antonio-felix-da-costa","tag-audi","tag-berlim","tag-dragon","tag-ds-techeetah","tag-fe-2020","tag-felipe-massa","tag-formula-e-2020","tag-horarios-da-fe","tag-horarios-da-formula-e-2","tag-jean-eric-vergne","tag-lucas-di-grassi","tag-mercedes","tag-nissan","tag-oliver-rowland","tag-robin-frijns","tag-sebastien-buemi","tag-sergio-sette-camara","tag-stoffel-vandoorne","tag-venturi","tag-virgin","42wp_author-pedro-henrique-marum"],"_links":{"self":[{"href":"https:\/\/grandepremio.com\/br\/wp-json\/wp\/v2\/posts\/128098","targetHints":{"allow":["GET"]}}],"collection":[{"href":"https:\/\/grandepremio.com\/br\/wp-json\/wp\/v2\/posts"}],"about":[{"href":"https:\/\/grandepremio.com\/br\/wp-json\/wp\/v2\/types\/post"}],"replies":[{"embeddable":true,"href":"https:\/\/grandepremio.com\/br\/wp-json\/wp\/v2\/comments?post=128098"}],"version-history":[{"count":0,"href":"https:\/\/grandepremio.com\/br\/wp-json\/wp\/v2\/posts\/128098\/revisions"}],"wp:featuredmedia":[{"embeddable":true,"href":"https:\/\/grandepremio.com\/br\/wp-json\/wp\/v2\/media\/1000406231"}],"wp:attachment":[{"href":"https:\/\/grandepremio.com\/br\/wp-json\/wp\/v2\/media?parent=128098"}],"wp:term":[{"taxonomy":"category","embeddable":true,"href":"https:\/\/grandepremio.com\/br\/wp-json\/wp\/v2\/categories?post=128098"},{"taxonomy":"post_tag","embeddable":true,"href":"https:\/\/grandepremio.com\/br\/wp-json\/wp\/v2\/tags?post=128098"},{"taxonomy":"42wp_author","embeddable":true,"href":"https:\/\/grandepremio.com\/br\/wp-json\/wp\/v2\/42wp_author?post=128098"}],"curies":[{"name":"wp","href":"https:\/\/api.w.org\/{rel}","templated":true}]}}