{"id":12810,"date":"2026-01-24T12:17:01","date_gmt":"2026-01-24T15:17:01","guid":{"rendered":"https:\/\/grandepremio.com\/br\/noticias\/williams-recorda-tempos-claire-atraso-f1-2026-analisa-gabriel-carvalho\/"},"modified":"2026-01-30T13:48:14","modified_gmt":"2026-01-30T16:48:14","slug":"williams-recorda-tempos-claire-atraso-f1-2026-analisa-gabriel-carvalho","status":"publish","type":"post","link":"https:\/\/grandepremio.com\/br\/f1\/williams-recorda-tempos-claire-atraso-f1-2026-analisa-gabriel-carvalho\/","title":{"rendered":"&#8220;Williams recorda tempos de Claire com atraso na F1 2026&#8221;, analisa Gabriel Carvalho"},"content":{"rendered":"\n<p class=\"wp-block-paragraph\">Nesta sexta-feira (23), a\u00a0<strong>Williams\u00a0<\/strong>anunciou em comunicado oficial que n\u00e3o estar\u00e1 presente nos testes coletivos de pr\u00e9-temporada da\u00a0<strong>F1\u00a0<\/strong>em\u00a0<strong>Barcelona<\/strong>, na\u00a0<strong>Espanha<\/strong>, entre os dias 26 e 30 de janeiro. A equipe creditou a aus\u00eancia das baterias privadas na\u00a0<strong>Catalunha\u00a0<\/strong>a um atraso no desenvolvimento do\u00a0<strong>FW48<\/strong>, o carro que ser\u00e1 guiado por\u00a0<strong>Alexander Albon<\/strong>\u00a0e\u00a0<strong>Carlos Sainz<\/strong>\u00a0em 2026.<\/p>\n\n\n\n<p class=\"wp-block-paragraph\">No v\u00eddeo deste s\u00e1bado (24), Gabriel Carvalho analisou o movimento e classificou como um fracasso do time de Grove.<\/p>\n\n\n\n<figure class=\"wp-block-embed is-type-video is-provider-youtube wp-block-embed-youtube wp-embed-aspect-9-16 wp-has-aspect-ratio\"><div class=\"wp-block-embed__wrapper\">\n<iframe loading=\"lazy\" title=\"\ud83e\udee3 WILLIAMS D\u00c1 VEXAME ANTES MESMO DA F1 COME\u00c7AR\" width=\"422\" height=\"750\" src=\"https:\/\/www.youtube.com\/embed\/8XzZtfeAxy4?feature=oembed\" frameborder=\"0\" allow=\"accelerometer; autoplay; clipboard-write; encrypted-media; gyroscope; picture-in-picture; web-share\" referrerpolicy=\"strict-origin-when-cross-origin\" allowfullscreen><\/iframe>\n<\/div><\/figure>\n\n\n\n<p class=\"wp-block-paragraph\">A&nbsp;<strong><a href=\"https:\/\/www.grandepremio.com\/br\/f1\/\">F\u00f3rmula 1<\/a><\/strong>&nbsp;est\u00e1 de f\u00e9rias. Os carros voltam a acelerar de&nbsp;<strong>26 a 30 de janeiro<\/strong>&nbsp;em testes privados em&nbsp;<strong>Barcelona<\/strong>. Depois, seguem para o&nbsp;<strong>Bahrein&nbsp;<\/strong>para mais duas sess\u00f5es da pr\u00e9-temporada: de&nbsp;<strong>11 a 13 de fevereiro<\/strong>&nbsp;e de&nbsp;<strong>18 a 20 de fevereiro<\/strong>. O<strong>&nbsp;GRANDE PR\u00caMIO&nbsp;<\/strong>acompanha todas as atividades de 2026.<\/p>\n\n\n\n<p class=\"wp-block-paragraph\">\u25b6\ufe0f&nbsp;<strong>Inscreva-se nos dois canais do GRANDE PR\u00caMIO no YouTube:&nbsp;<a href=\"https:\/\/www.youtube.com\/channel\/UC9OlHEgxoaY6QY6nWPoiqQg?sub_confirmation=1\" target=\"_blank\" rel=\"noreferrer noopener\">GP<\/a>&nbsp;|&nbsp;<a href=\"https:\/\/www.youtube.com\/channel\/UC9csiS6q_C3C0FYhyr1rnFA?sub_confirmation=1\" target=\"_blank\" rel=\"noreferrer noopener\">GP2<\/a><\/strong><\/p>\n\n\n\n<h2 class=\"wp-block-heading\" id=\"h-f1-hoje-saiba-aqui-as-noticias-mais-importantes-do-dia-da-formula-1\"><strong>F1 hoje: saiba aqui as not\u00edcias mais importantes do dia da F\u00f3rmula 1<\/strong><\/h2>\n\n\n\n<p class=\"wp-block-paragraph\">\u25b6\ufe0f<strong>&nbsp;<a href=\"https:\/\/www.grandepremio.com\/br\/video\/f1\/ferrari-revela-sf-26-com-mistura-detalhes-brancos-pretos-para-f1-2026\/\">Ferrari revela SF-26 com mistura de detalhes brancos e pretos para F1 2026<\/a><br>\u25b6\ufe0f<\/strong>&nbsp;<strong><a href=\"https:\/\/www.grandepremio.com\/br\/f1\/noticias\/audi-aposta-formacao-pilotos-cria-programa-desenvolvimento-formula-1\/\">Audi aposta em forma\u00e7\u00e3o de pilotos e cria programa de desenvolvimento na F1<\/a><br>\u25b6\ufe0f&nbsp;<a href=\"https:\/\/www.grandepremio.com\/br\/f1\/noticias\/cadillac-analisa-o-que-pode-controlar-estabelece-meta-temporada-2026-f1\/\">Cadillac analisa \u201co que pode controlar\u201d e estabelece meta para temporada 2026 da F1<\/a><\/strong><\/p>\n","protected":false},"excerpt":{"rendered":"<p>Aus\u00eancia da Williams na primeira semana de testes de pr\u00e9-temporada da F\u00f3rmula 1 \u00e9 vexame que lembra os piores tempos de Claire Williams no comando do time<\/p>\n","protected":false},"author":0,"featured_media":1001041335,"comment_status":"closed","ping_status":"closed","sticky":false,"template":"","format":"standard","meta":{"42wp_featured_image_caption":"","42wp_featured_image_credits":"","42wp_featured_video":"","42wp_featured_image_hidden":false,"42wp_authors_list":[],"footnotes":""},"categories":[2],"tags":[26271,527,5273,147,29516,29148,180,31425,28995,1491,28285,30840,35129,31470,215],"42wp_author":[47119],"class_list":["post-12810","post","type-post","status-publish","format-standard","has-post-thumbnail","hentry","category-f1","tag-calendario-f1","tag-claire-williams","tag-classificacao-f1","tag-f1","tag-f1-2026","tag-f1-hoje","tag-formula-1","tag-formula-1-2026","tag-formula-1-hoje","tag-grande-premio","tag-grandepremio","tag-horarios-f1","tag-onde-assistir-f1","tag-temporada-2026-f1","tag-williams","42wp_author-gabriel-carvalho"],"_links":{"self":[{"href":"https:\/\/grandepremio.com\/br\/wp-json\/wp\/v2\/posts\/12810","targetHints":{"allow":["GET"]}}],"collection":[{"href":"https:\/\/grandepremio.com\/br\/wp-json\/wp\/v2\/posts"}],"about":[{"href":"https:\/\/grandepremio.com\/br\/wp-json\/wp\/v2\/types\/post"}],"replies":[{"embeddable":true,"href":"https:\/\/grandepremio.com\/br\/wp-json\/wp\/v2\/comments?post=12810"}],"version-history":[{"count":0,"href":"https:\/\/grandepremio.com\/br\/wp-json\/wp\/v2\/posts\/12810\/revisions"}],"wp:featuredmedia":[{"embeddable":true,"href":"https:\/\/grandepremio.com\/br\/wp-json\/wp\/v2\/media\/1001041335"}],"wp:attachment":[{"href":"https:\/\/grandepremio.com\/br\/wp-json\/wp\/v2\/media?parent=12810"}],"wp:term":[{"taxonomy":"category","embeddable":true,"href":"https:\/\/grandepremio.com\/br\/wp-json\/wp\/v2\/categories?post=12810"},{"taxonomy":"post_tag","embeddable":true,"href":"https:\/\/grandepremio.com\/br\/wp-json\/wp\/v2\/tags?post=12810"},{"taxonomy":"42wp_author","embeddable":true,"href":"https:\/\/grandepremio.com\/br\/wp-json\/wp\/v2\/42wp_author?post=12810"}],"curies":[{"name":"wp","href":"https:\/\/api.w.org\/{rel}","templated":true}]}}