{"id":128115,"date":"2020-08-13T09:06:54","date_gmt":"2020-08-13T12:06:54","guid":{"rendered":"https:\/\/grandepremio.com\/br\/noticias\/audiencia-de-iannone-no-tribunal-arbitral-do-esporte-por-doping-e-adiada-para-outubro\/"},"modified":"2020-08-13T11:21:31","modified_gmt":"2020-08-13T14:21:31","slug":"audiencia-de-iannone-no-tribunal-arbitral-do-esporte-por-doping-e-adiada-para-outubro","status":"publish","type":"post","link":"https:\/\/grandepremio.com\/br\/motogp\/audiencia-de-iannone-no-tribunal-arbitral-do-esporte-por-doping-e-adiada-para-outubro\/","title":{"rendered":"Audi\u00eancia por doping de Iannone no Tribunal Arbitral do Esporte \u00e9 adiada para outubro"},"content":{"rendered":"\n<p class=\"wp-block-paragraph\">O futuro de Andrea Iannone j\u00e1 tem data para ser definido ap\u00f3s a suspens\u00e3o por doping. A audi\u00eancia do italiano no Tribunal Arbitral do Esporte foi marcada para 15 de outubro, pouco mais de dez meses ap\u00f3s o in\u00edcio da suspens\u00e3o por doping. De acordo com Massimo Rivola, diretor-executivo da Aprilia, a data tardia da audi\u00eancia \u00e9 resultado de uma manobra da Ag\u00eancia Mundial Antidoping. Inicialmente, um veredito era esperado para agosto.<\/p>\n\n\n\n<figure class=\"wp-block-image size-large\"><img decoding=\"async\" src=\"https:\/\/www.grandepremio.com\/br\/wp-content\/uploads\/2020\/01\/201911273678_b420afca-750c-408c-925e-0d594ad9015c_DMa.jpg\" alt=\"\" class=\"wp-image-353462\"\/><figcaption>Andrea Iannone segue sendo esperado pela Aprilia (Foto: Aprilia)<\/figcaption><\/figure>\n\n\n\n<p class=\"wp-block-paragraph\">\u201cA Ag\u00eancia Mundial Antidoping conseguiu adiar a audi\u00eancia para 15 de outubro, colocando a n\u00f3s e ao piloto em grandes dificuldades\u201d, disse Rivola \u00e0 emissora Sky Italia. \u201cAcreditamos na inoc\u00eancia de Andrea e queremos esperar por ele, ainda que corramos um grande risco\u201d, seguiu.<\/p>\n\n\n\n<p class=\"wp-block-paragraph\">Em novembro do ano passado, Iannone testou positivo para uma \u201csubst\u00e2ncia n\u00e3o especificada nos termos da se\u00e7\u00e3o 1.1.a) esteroides androg\u00eanicos anab\u00f3licos ex\u00f3genos (AAS)\u201d em um <a href=\"https:\/\/grandepremio.com\/br\/motogp\/noticias\/por-uso-de-anabolizante-fim-suspende-iannone-provisoriamente-por-doping\">exame feito no fim de semana do GP da Mal\u00e1sia de MotoGP<\/a>. A <a href=\"https:\/\/www.grandepremio.com\/br\/motogp\/noticias\/contraprova-confirma-doping-mas-iannone-diz-ter-consciencia-tranquila\">defesa pediu a contraprova, que confirmou o doping do italiano<\/a>.<\/p>\n\n\n\n<p class=\"wp-block-paragraph\">No exame de urina, foi detectado o esteroide anabolizante injet\u00e1vel drostanolona, que \u00e9 muito comum no fisiculturismo por ser eficaz no crescimento muscular.<\/p>\n\n\n\n<p class=\"wp-block-paragraph\">Desde o in\u00edcio, a defesa alega que a droga entrou no sistema de Iannone por meio do consumo de carne animal durante os dias em que passou na \u00c1sia, entre os GPs da Tail\u00e2ndia e da Mal\u00e1sia. Al\u00e9m dele, outros oito pilotos foram testados em Sepang \u2015 Romano Fenati, Ai Ogura, Marcos Ram\u00edrez, Remy Gardner, Joe Roberts, Xavi Vierge, Jorge Lorenzo e Marc M\u00e1rquez \u2015, todos com resultado negativo.<\/p>\n\n\n\n<p class=\"wp-block-paragraph\">A FIM (Federa\u00e7\u00e3o Internacional de Motociclismo) <a href=\"https:\/\/www.grandepremio.com\/br\/motogp\/noticias\/fim-determina-suspensao-de-iannone-por-18-meses-em-caso-de-doping\">aplicou uma suspens\u00e3o de 18 meses<\/a>, o que levou Iannone ao Tribunal Arbitral do Esporte para tentar reverter a condena\u00e7\u00e3o. A <a href=\"https:\/\/www.grandepremio.com\/br\/motogp\/noticias\/tas-registra-apelacao-da-wada-para-aumento-da-suspensao-de-iannone\/\">WADA, entretanto, tamb\u00e9m recorreu e quer um gancho de at\u00e9 quatro anos<\/a>.<\/p>\n\n\n\n<p class=\"wp-block-paragraph\">Apesar do futuro em suspenso, a Aprilia segue na espera do #29. Por enquanto, a casa da Noale tem escalado Bradley Smith, piloto de testes da marca, para substituir Andrea nos GPs da temporada 2020. <a href=\"https:\/\/www.grandepremio.com\/br\/motogp\/noticias\/aprilia-mantem-fe-na-inocencia-de-iannone-e-diz-que-wada-faz-de-tudo-para-atrapalhar\/\">Rivola, por\u00e9m, segue inconformado com a atua\u00e7\u00e3o da WADA<\/a>.<\/p>\n\n\n\n<p class=\"wp-block-paragraph\">\u201cA sensa\u00e7\u00e3o \u00e9 que a WADA, que tem um importante poder pol\u00edtico, est\u00e1 fazendo de tudo para nos fazer perder tempo e para fazer Iannone pagar algum tipo de pena. Pessoalmente, estou confiante de que ele vai vencer a apela\u00e7\u00e3o\u201d, comentou durante o fim de semana em Brno.<\/p>\n\n\n\n<p class=\"wp-block-paragraph\">No m\u00eas passado, o <strong>GRANDE PREMIUM<\/strong> abordou a situa\u00e7\u00e3o de Iannone. Especialistas ouvidos pela reportagem afirmaram que, <a href=\"https:\/\/grandepremium.com.br\/conta-giro\/motogp\/materias\/a-culpa-e-do-gado\/\">embora poss\u00edvel, \u00e9 improv\u00e1vel que Andrea tenha sido contaminado por conta de uma carne que comeu<\/a>.<\/p>\n\n\n\n<p class=\"wp-block-paragraph\">O&nbsp;<strong>GRANDE PR\u00caMIO<\/strong>&nbsp;acompanha todas as atividades do&nbsp;<a href=\"https:\/\/www.grandepremio.com\/br\/motogp\/ultimas-noticias\/?fl=true&amp;utm_source=lance\">GP da \u00c1ustria<\/a>, quinta etapa do Mundial de&nbsp;<a href=\"https:\/\/www.grandepremio.com\/br\/motogp\/\" target=\"_blank\" rel=\"noreferrer noopener\">Motovelocidade<\/a>&nbsp;2020.<\/p>\n\n\n\n<figure class=\"wp-block-embed-youtube wp-block-embed is-type-video is-provider-youtube wp-embed-aspect-16-9 wp-has-aspect-ratio\"><div class=\"wp-block-embed__wrapper\">\n<iframe loading=\"lazy\" title=\"Sem Marc M\u00c1RQUEZ na MOTOGP 20, at\u00e9 KTM brilha com Brad BINDER  | GP \u00e0s 10\" width=\"500\" height=\"281\" src=\"https:\/\/www.youtube.com\/embed\/k-Nkmv8lpxU?feature=oembed\" frameborder=\"0\" allow=\"accelerometer; autoplay; clipboard-write; encrypted-media; gyroscope; picture-in-picture; web-share\" referrerpolicy=\"strict-origin-when-cross-origin\" allowfullscreen><\/iframe>\n<\/div><\/figure>\n\n\n\n<figure class=\"wp-block-embed-spotify wp-block-embed is-type-rich is-provider-spotify wp-embed-aspect-21-9 wp-has-aspect-ratio\"><div class=\"wp-block-embed__wrapper\">\n<iframe title=\"Spotify Embed: A volta da F\u00f3rmula E | Paddockast #73\" style=\"border-radius: 12px\" width=\"100%\" height=\"152\" frameborder=\"0\" allowfullscreen allow=\"autoplay; clipboard-write; encrypted-media; fullscreen; picture-in-picture\" loading=\"lazy\" src=\"https:\/\/open.spotify.com\/embed\/episode\/3lM2Yb3LG8I13YG2r7yagZ?utm_source=oembed\"><\/iframe>\n<\/div><figcaption><strong><strong>Paddockast #73 |&nbsp;<\/strong>A maratona da F\u00f3rmula E em Berlim<br>Ou\u00e7a tamb\u00e9m:&nbsp;<a href=\"http:\/\/podcasts.apple.com\/br\/podcast\/paddockast\/id1371540198\">PODCASTS APPLE<\/a>&nbsp;|&nbsp;<a href=\"https:\/\/www.subscribeonandroid.com\/www.central3.com.br\/category\/podcasts\/paddockast\/feed\/podcast\/\">ANDROID<\/a>&nbsp;|&nbsp;<a href=\"https:\/\/player.fm\/series\/paddockast\">PLAYERFM<\/a><\/strong><\/figcaption><\/figure>\n\n\n","protected":false},"excerpt":{"rendered":"<p>De acordo com Massimo Rivola, diretor-executivo da Aprilia, a data da audi\u00eancia \u00e9 fruto de uma a\u00e7\u00e3o da Ag\u00eancia Mundial Antidoping. Escuderia de Noale segue contando com a volta de piloto<\/p>\n","protected":false},"author":0,"featured_media":0,"comment_status":"closed","ping_status":"closed","sticky":false,"template":"","format":"standard","meta":{"42wp_featured_image_caption":"","42wp_featured_image_credits":"","42wp_featured_video":"","42wp_featured_image_hidden":false,"42wp_authors_list":[],"footnotes":""},"categories":[8],"tags":[313,79,174,78,173,25821,25819,847],"42wp_author":[47109],"class_list":["post-128115","post","type-post","status-publish","format-standard","hentry","category-motogp","tag-doping","tag-moto-gp","tag-moto-gp-2020","tag-motogp","tag-motogp-2020","tag-motogp-2020-transmissao-brasil","tag-motogp-hoje","tag-mundial-de-motovelocidade","42wp_author-redacao-gp"],"_links":{"self":[{"href":"https:\/\/grandepremio.com\/br\/wp-json\/wp\/v2\/posts\/128115","targetHints":{"allow":["GET"]}}],"collection":[{"href":"https:\/\/grandepremio.com\/br\/wp-json\/wp\/v2\/posts"}],"about":[{"href":"https:\/\/grandepremio.com\/br\/wp-json\/wp\/v2\/types\/post"}],"replies":[{"embeddable":true,"href":"https:\/\/grandepremio.com\/br\/wp-json\/wp\/v2\/comments?post=128115"}],"version-history":[{"count":0,"href":"https:\/\/grandepremio.com\/br\/wp-json\/wp\/v2\/posts\/128115\/revisions"}],"wp:attachment":[{"href":"https:\/\/grandepremio.com\/br\/wp-json\/wp\/v2\/media?parent=128115"}],"wp:term":[{"taxonomy":"category","embeddable":true,"href":"https:\/\/grandepremio.com\/br\/wp-json\/wp\/v2\/categories?post=128115"},{"taxonomy":"post_tag","embeddable":true,"href":"https:\/\/grandepremio.com\/br\/wp-json\/wp\/v2\/tags?post=128115"},{"taxonomy":"42wp_author","embeddable":true,"href":"https:\/\/grandepremio.com\/br\/wp-json\/wp\/v2\/42wp_author?post=128115"}],"curies":[{"name":"wp","href":"https:\/\/api.w.org\/{rel}","templated":true}]}}