{"id":128116,"date":"2020-08-13T09:00:00","date_gmt":"2020-08-13T12:00:00","guid":{"rendered":"https:\/\/grandepremio.com\/br\/noticias\/kaz-destrincha-bioma-da-floresta-do-camboata-que-pode-abrigar-autodromo-no-rj\/"},"modified":"2020-08-12T12:15:58","modified_gmt":"2020-08-12T15:15:58","slug":"kaz-destrincha-bioma-da-floresta-do-camboata-que-pode-abrigar-autodromo-no-rj","status":"publish","type":"post","link":"https:\/\/grandepremio.com\/br\/f1\/kaz-destrincha-bioma-da-floresta-do-camboata-que-pode-abrigar-autodromo-no-rj\/","title":{"rendered":"Kaz destrincha bioma da Floresta do Camboat\u00e1, que pode abrigar aut\u00f3dromo no RJ"},"content":{"rendered":"\n<p class=\"wp-block-paragraph\">No Cadeira Cativa #18, Roberto Kaz deu detalhes minuciosos sobre o bioma da Floresta do Camboat\u00e1, local que pode ser transformar no novo aut\u00f3dromo do Rio de Janeiro, na regi\u00e3o de Deodoro. O jornalista explicou sobre a fauna e a flora encontradas na \u00e1rea militar.<\/p>\n\n\n\n<p class=\"wp-block-paragraph\">O Cadeira Cativa \u00e9 o programa do&nbsp;<strong>GRANDE PR\u00caMIO<\/strong>&nbsp;<a href=\"https:\/\/www.youtube.com\/playlist?list=PLULYLQYUzB5quTd-TVZPMhYwfGBYPTVy7\">que recebe jornalistas e personalidades marcantes da cobertura de esporte a motor do Brasil<\/a>.<\/p>\n\n\n\n<p class=\"wp-block-paragraph\"><strong>Assista ao trecho completo abaixo:<\/strong><\/p>\n\n\n\n<figure class=\"wp-block-embed-youtube wp-block-embed is-type-video is-provider-youtube wp-embed-aspect-16-9 wp-has-aspect-ratio\"><div class=\"wp-block-embed__wrapper\">\n<iframe loading=\"lazy\" title=\"O que envolve o PROJETO do AUT\u00d3DROMO de DEODORO para a F1 | Cadeira Cativa #18\" width=\"500\" height=\"281\" src=\"https:\/\/www.youtube.com\/embed\/ZsCZWGuUxg4?start=1312&amp;feature=oembed\" frameborder=\"0\" allow=\"accelerometer; autoplay; clipboard-write; encrypted-media; gyroscope; picture-in-picture; web-share\" referrerpolicy=\"strict-origin-when-cross-origin\" allowfullscreen><\/iframe>\n<\/div><\/figure>\n\n\n","protected":false},"excerpt":{"rendered":"<p>A Floresta do Camboat\u00e1 \u00e9 uma das \u00faltimas \u00e1reas de Mata Atl\u00e2ntica na cidade do Rio de Janeiro. Rica em fauna e flora, ela foi mostrada em detalhes por Roberto Kaz no Cadeira Cativa #18<\/p>\n","protected":false},"author":0,"featured_media":0,"comment_status":"closed","ping_status":"closed","sticky":false,"template":"","format":"standard","meta":{"42wp_featured_image_caption":"","42wp_featured_image_credits":"","42wp_featured_video":"","42wp_featured_image_hidden":false,"42wp_authors_list":[],"footnotes":""},"categories":[2],"tags":[24900,1749,147,122,24837,24836,1943],"42wp_author":[47109],"class_list":["post-128116","post","type-post","status-publish","format-standard","hentry","category-f1","tag-cadeira-cativa","tag-deodoro","tag-f1","tag-flavio-gomes","tag-formula-1-2","tag-grande-premio-2","tag-rio-de-janeiro","42wp_author-redacao-gp"],"_links":{"self":[{"href":"https:\/\/grandepremio.com\/br\/wp-json\/wp\/v2\/posts\/128116","targetHints":{"allow":["GET"]}}],"collection":[{"href":"https:\/\/grandepremio.com\/br\/wp-json\/wp\/v2\/posts"}],"about":[{"href":"https:\/\/grandepremio.com\/br\/wp-json\/wp\/v2\/types\/post"}],"replies":[{"embeddable":true,"href":"https:\/\/grandepremio.com\/br\/wp-json\/wp\/v2\/comments?post=128116"}],"version-history":[{"count":0,"href":"https:\/\/grandepremio.com\/br\/wp-json\/wp\/v2\/posts\/128116\/revisions"}],"wp:attachment":[{"href":"https:\/\/grandepremio.com\/br\/wp-json\/wp\/v2\/media?parent=128116"}],"wp:term":[{"taxonomy":"category","embeddable":true,"href":"https:\/\/grandepremio.com\/br\/wp-json\/wp\/v2\/categories?post=128116"},{"taxonomy":"post_tag","embeddable":true,"href":"https:\/\/grandepremio.com\/br\/wp-json\/wp\/v2\/tags?post=128116"},{"taxonomy":"42wp_author","embeddable":true,"href":"https:\/\/grandepremio.com\/br\/wp-json\/wp\/v2\/42wp_author?post=128116"}],"curies":[{"name":"wp","href":"https:\/\/api.w.org\/{rel}","templated":true}]}}