{"id":128119,"date":"2020-08-13T08:00:00","date_gmt":"2020-08-13T11:00:00","guid":{"rendered":"https:\/\/grandepremio.com\/br\/noticias\/ktm-impressiona-por-potencia-e-fracasso-da-ducati-liga-sinal-laranja-apos-brno\/"},"modified":"2020-08-12T23:37:34","modified_gmt":"2020-08-13T02:37:34","slug":"ktm-impressiona-por-potencia-e-fracasso-da-ducati-liga-sinal-laranja-apos-brno","status":"publish","type":"post","link":"https:\/\/grandepremio.com\/br\/motogp\/ktm-impressiona-por-potencia-e-fracasso-da-ducati-liga-sinal-laranja-apos-brno\/","title":{"rendered":"KTM impressiona por pot\u00eancia, e fracasso da Ducati liga sinal laranja ap\u00f3s Brno"},"content":{"rendered":"\n<p class=\"wp-block-paragraph\">No Paddock GP #209, Gabriel Curty analisou o desempenho das montadoras da MotoGP em Brno. Para o jornalista, a KTM foi uma surpresa, mas a Ducati uma total decep\u00e7\u00e3o ap\u00f3s desempenhos ruins de todos os seus pilotos.<\/p>\n\n\n\n<p class=\"wp-block-paragraph\"><strong>Assista ao trecho completo abaixo:<\/strong><\/p>\n\n\n\n<figure class=\"wp-block-embed-youtube wp-block-embed is-type-video is-provider-youtube wp-embed-aspect-16-9 wp-has-aspect-ratio\"><div class=\"wp-block-embed__wrapper\">\n<iframe loading=\"lazy\" title=\"EVERALDO MARQUES NA F1 + VERSTAPPEN, BRAD BINDER na MOTOGP e DA COSTA | Paddock #209\" width=\"500\" height=\"281\" src=\"https:\/\/www.youtube.com\/embed\/Jh7VWZ2Aqsc?feature=oembed\" frameborder=\"0\" allow=\"accelerometer; autoplay; clipboard-write; encrypted-media; gyroscope; picture-in-picture; web-share\" referrerpolicy=\"strict-origin-when-cross-origin\" allowfullscreen><\/iframe>\n<\/div><\/figure>\n\n\n","protected":false},"excerpt":{"rendered":"<p>A Ducati tinha favoritismo em Brno, mas decepcionou. A KTM surpreendeu pela pot\u00eancia e saiu com Brad Binder vencedor. O Paddock GP #209 analisou o desempenho das montadoras<\/p>\n","protected":false},"author":0,"featured_media":1000404007,"comment_status":"closed","ping_status":"closed","sticky":false,"template":"","format":"standard","meta":{"42wp_featured_image_caption":"","42wp_featured_image_credits":"","42wp_featured_video":"","42wp_featured_image_hidden":false,"42wp_authors_list":[],"footnotes":""},"categories":[8],"tags":[151,131,132,78,1537,25852],"42wp_author":[47109],"class_list":["post-128119","post","type-post","status-publish","format-standard","has-post-thumbnail","hentry","category-motogp","tag-brad-binder","tag-ducati","tag-ktm","tag-motogp","tag-paddock-gp","tag-paddock-gp-209","42wp_author-redacao-gp"],"_links":{"self":[{"href":"https:\/\/grandepremio.com\/br\/wp-json\/wp\/v2\/posts\/128119","targetHints":{"allow":["GET"]}}],"collection":[{"href":"https:\/\/grandepremio.com\/br\/wp-json\/wp\/v2\/posts"}],"about":[{"href":"https:\/\/grandepremio.com\/br\/wp-json\/wp\/v2\/types\/post"}],"replies":[{"embeddable":true,"href":"https:\/\/grandepremio.com\/br\/wp-json\/wp\/v2\/comments?post=128119"}],"version-history":[{"count":0,"href":"https:\/\/grandepremio.com\/br\/wp-json\/wp\/v2\/posts\/128119\/revisions"}],"wp:featuredmedia":[{"embeddable":true,"href":"https:\/\/grandepremio.com\/br\/wp-json\/wp\/v2\/media\/1000404007"}],"wp:attachment":[{"href":"https:\/\/grandepremio.com\/br\/wp-json\/wp\/v2\/media?parent=128119"}],"wp:term":[{"taxonomy":"category","embeddable":true,"href":"https:\/\/grandepremio.com\/br\/wp-json\/wp\/v2\/categories?post=128119"},{"taxonomy":"post_tag","embeddable":true,"href":"https:\/\/grandepremio.com\/br\/wp-json\/wp\/v2\/tags?post=128119"},{"taxonomy":"42wp_author","embeddable":true,"href":"https:\/\/grandepremio.com\/br\/wp-json\/wp\/v2\/42wp_author?post=128119"}],"curies":[{"name":"wp","href":"https:\/\/api.w.org\/{rel}","templated":true}]}}