{"id":128126,"date":"2020-08-13T05:15:00","date_gmt":"2020-08-13T08:15:00","guid":{"rendered":"https:\/\/grandepremio.com\/br\/noticias\/volta-de-autodromo-para-jacarepagua-e-a-solucao-para-o-rio-de-janeiro-vecchioli-opina\/"},"modified":"2020-08-12T15:21:59","modified_gmt":"2020-08-12T18:21:59","slug":"volta-de-autodromo-para-jacarepagua-e-a-solucao-para-o-rio-de-janeiro-vecchioli-opina","status":"publish","type":"post","link":"https:\/\/grandepremio.com\/br\/f1\/volta-de-autodromo-para-jacarepagua-e-a-solucao-para-o-rio-de-janeiro-vecchioli-opina\/","title":{"rendered":"Volta de aut\u00f3dromo para Jacarepagu\u00e1 \u00e9 a solu\u00e7\u00e3o para o Rio de Janeiro? Vecchioli opina"},"content":{"rendered":"\n<p class=\"wp-block-paragraph\">No Cadeira Cativa #18, Dem\u00e9trio Vecchioli levanta uma quest\u00e3o: por que n\u00e3o retornar o aut\u00f3dromo do Rio de Janeiro para Jacarepagu\u00e1? O jornalista cita o descaso p\u00fablico e privado com a regi\u00e3o que recebeu o Parque Ol\u00edmpico da Rio-2016 e que a mudan\u00e7a de planos pode ser ben\u00e9fica para todos os lados envolvidos.<\/p>\n\n\n\n<p class=\"wp-block-paragraph\">O Cadeira Cativa \u00e9 o programa do&nbsp;<strong>GRANDE PR\u00caMIO<\/strong>&nbsp;<a href=\"https:\/\/www.youtube.com\/playlist?list=PLULYLQYUzB5quTd-TVZPMhYwfGBYPTVy7\">que recebe jornalistas e personalidades marcantes da cobertura de esporte a motor do Brasil<\/a>.<\/p>\n\n\n\n<p class=\"wp-block-paragraph\"><strong>Assista ao trecho completo abaixo:<\/strong><\/p>\n\n\n\n<figure class=\"wp-block-embed-youtube wp-block-embed is-type-video is-provider-youtube wp-embed-aspect-16-9 wp-has-aspect-ratio\"><div class=\"wp-block-embed__wrapper\">\n<iframe loading=\"lazy\" title=\"O que envolve o PROJETO do AUT\u00d3DROMO de DEODORO para a F1 | Cadeira Cativa #18\" width=\"500\" height=\"281\" src=\"https:\/\/www.youtube.com\/embed\/ZsCZWGuUxg4?start=3977&amp;feature=oembed\" frameborder=\"0\" allow=\"accelerometer; autoplay; clipboard-write; encrypted-media; gyroscope; picture-in-picture; web-share\" referrerpolicy=\"strict-origin-when-cross-origin\" allowfullscreen><\/iframe>\n<\/div><\/figure>\n\n\n","protected":false},"excerpt":{"rendered":"<p>Fazer um novo aut\u00f3dromo em Jacarepagu\u00e1, aproveitando o Parque Ol\u00edmpico? A ideia, semelhante \u00e0 de S\u00f3chi, foi defendida por Dem\u00e9trio Vecchioli no Cadeira Cativa #18, citando o abandono da regi\u00e3o ap\u00f3s a Rio-2016<\/p>\n","protected":false},"author":0,"featured_media":0,"comment_status":"closed","ping_status":"closed","sticky":false,"template":"","format":"standard","meta":{"42wp_featured_image_caption":"","42wp_featured_image_credits":"","42wp_featured_video":"","42wp_featured_image_hidden":false,"42wp_authors_list":[],"footnotes":""},"categories":[2],"tags":[24900,1749,147,122,24837,24836,25313,1943],"42wp_author":[47109],"class_list":["post-128126","post","type-post","status-publish","format-standard","hentry","category-f1","tag-cadeira-cativa","tag-deodoro","tag-f1","tag-flavio-gomes","tag-formula-1-2","tag-grande-premio-2","tag-jacarepagua","tag-rio-de-janeiro","42wp_author-redacao-gp"],"_links":{"self":[{"href":"https:\/\/grandepremio.com\/br\/wp-json\/wp\/v2\/posts\/128126","targetHints":{"allow":["GET"]}}],"collection":[{"href":"https:\/\/grandepremio.com\/br\/wp-json\/wp\/v2\/posts"}],"about":[{"href":"https:\/\/grandepremio.com\/br\/wp-json\/wp\/v2\/types\/post"}],"replies":[{"embeddable":true,"href":"https:\/\/grandepremio.com\/br\/wp-json\/wp\/v2\/comments?post=128126"}],"version-history":[{"count":0,"href":"https:\/\/grandepremio.com\/br\/wp-json\/wp\/v2\/posts\/128126\/revisions"}],"wp:attachment":[{"href":"https:\/\/grandepremio.com\/br\/wp-json\/wp\/v2\/media?parent=128126"}],"wp:term":[{"taxonomy":"category","embeddable":true,"href":"https:\/\/grandepremio.com\/br\/wp-json\/wp\/v2\/categories?post=128126"},{"taxonomy":"post_tag","embeddable":true,"href":"https:\/\/grandepremio.com\/br\/wp-json\/wp\/v2\/tags?post=128126"},{"taxonomy":"42wp_author","embeddable":true,"href":"https:\/\/grandepremio.com\/br\/wp-json\/wp\/v2\/42wp_author?post=128126"}],"curies":[{"name":"wp","href":"https:\/\/api.w.org\/{rel}","templated":true}]}}