{"id":128128,"date":"2020-08-12T20:09:48","date_gmt":"2020-08-12T23:09:48","guid":{"rendered":"https:\/\/grandepremio.com\/br\/noticias\/red-bull-da-fe-nissan-e-terror-do-fim-de-festa-agora-precisa-acordar-mais-cedo\/"},"modified":"2020-08-12T20:09:51","modified_gmt":"2020-08-12T23:09:51","slug":"red-bull-da-fe-nissan-e-terror-do-fim-de-festa-agora-precisa-acordar-mais-cedo","status":"publish","type":"post","link":"https:\/\/grandepremio.com\/br\/formula-e\/red-bull-da-fe-nissan-e-terror-do-fim-de-festa-agora-precisa-acordar-mais-cedo\/","title":{"rendered":"Red Bull da FE, Nissan \u00e9 terror do fim de festa. Agora precisa acordar mais cedo"},"content":{"rendered":"\n<p class=\"wp-block-paragraph\">Desde que deixou o dom\u00ednio da F\u00f3rmula 1 e viu a Mercedes assumir as correntes em seu lugar, a Red Bull tem se notabilizado por come\u00e7os lentos e crescimento durante a temporada. Coincid\u00eancia ou n\u00e3o, foi assim no \u00faltimo fim de semana, ao bater o que parecia uma imbat\u00edvel Mercedes, conseguiu a primeira vit\u00f3ria da temporada com Max Verstappen. A F\u00f3rmula E tem uma vers\u00e3o disso. Uma mais dram\u00e1tica.<\/p>\n\n\n\n<p class=\"wp-block-paragraph\">Sim, mais dram\u00e1tica. Pelo segundo ano seguido, a Nissan come\u00e7ou a temporada da F\u00f3rmula E com a bandeira a meio mastro. Na hora em que anoitece, entretanto, \u00e9 que o time franco-japon\u00eas entra no baile e dan\u00e7a p\u00f5e frevo na valsa.<\/p>\n\n\n\n<p class=\"wp-block-paragraph\">Na temporada 2018\/19, a Nissan &#8211; que \u00e9, lembremos, operada pela francesa DAMS, campe\u00e3 com a Renault nos tr\u00eas primeiros anos da categoria &#8211; n\u00e3o aparecia entre as cinco equipes melhor classificadas no campeonato. N\u00e3o que o carro deixasse de ser r\u00e1pido. Pelo contr\u00e1rio, at\u00e9. Nas nove primeiras etapas, at\u00e9 o eP de M\u00f4naco, quatro poles da Nissan: tr\u00eas de Oliver Rowland e uma de S\u00e9bastien Buemi. Dois p\u00f3dios, tamb\u00e9m, com Rowland: segundos lugares em Sanya e M\u00f4naco.<\/p>\n\n\n\n<p class=\"wp-block-paragraph\">Faltava, contudo, consist\u00eancia de corrida. Tirando os p\u00f3dios, o ingl\u00eas pontuara somente em outras duas corridas e, claro, ficaram zerado em cinco. At\u00e9 que chegou, como agora, o eP de Berlim no Aeroporto de Tempelhof. Dali em diante, quatro corridas. Buemi fez duas poles, venceu uma, a primeira em Nova York, fez um segundo lugar e dois terceiros. Terminou vice-campe\u00e3o.<\/p>\n\n\n\n<p class=\"wp-block-paragraph\">A Nissan ficou em quarto no Campeonato de Equipes, mas bem pr\u00f3xima: fez 190 pontos contra 191 da Virgin, 203 da Audi e 222 da DS Techeetah. Nas quatro \u00faltimas etapas? A DS Techeetah fez 35 pontos, enquanto a Nissan atingiu a marca de 79 tentos.<\/p>\n\n\n\n<p class=\"wp-block-paragraph\">Pulamos para essa temporada, porque \u00e9 ela quem termina amanh\u00e3. A Nissan deixou Marrakech, em mar\u00e7o, na quarta coloca\u00e7\u00e3o do campeonato. Tinha 57 pontos, 33 a menos que a segunda (BMW), nove a baixo da terceira (Jaguar) e somente um \u00e0 frente da quinta (Mercedes).<\/p>\n\n\n\n<p class=\"wp-block-paragraph\">Apenas um \u00fanico p\u00f3dio at\u00e9 ali, nas primeiras cinco corridas: Buemi, no M\u00e9xico. At\u00e9 que a longa parada trouxe os times para Berlim. At\u00e9 agora, nas cinco corridas da \u00faltima semana, tr\u00eas p\u00f3dios: um segundo e um terceiro lugares para Buemi e <a href=\"https:\/\/www.grandepremio.com\/br\/formula-e\/noticias\/rowland-passeia-em-berlim-e-vence-pela-primeira-vez-na-formula-e\/?fl=true&amp;utm_source=lance\">a vit\u00f3ria de Rowland<\/a>. Dos 151 pontos da Nissan no campeonato, 94 vieram ap\u00f3s a interrup\u00e7\u00e3o. S\u00e3o cinco corridas antes e cinco depois. Compara\u00e7\u00e3o justa, portanto.<\/p>\n\n\n\n<p class=\"wp-block-paragraph\">N\u00e3o ficou impressionado? Leve em considera\u00e7\u00e3o a compara\u00e7\u00e3o com as rivais pr\u00f3ximas. A BMW anotou 28, a Jaguar fez apenas 15, ao passo que a Mercedes marcou 45. Sim, a DS Techeetah disparou e est\u00e1 em outra classe, mas a Nissan se aproxima.<\/p>\n\n\n\n<p class=\"wp-block-paragraph\">\u00c9 claramente <a href=\"https:\/\/www.grandepremio.com\/br\/formula-e\/noticias\/rowland-assume-vice-lideranca-da-fe-com-vitoria-em-berlim-5-confira-classificacao\/?fl=true&amp;utm_source=lance\">a segunda for\u00e7a em desempenho<\/a> neste fim de festa. O que falta para brigar pelo t\u00edtulo, ent\u00e3o? Para come\u00e7ar, acordar com o galo. Deus ajuda quem cedo madruga.<\/p>\n\n\n\n<figure class=\"wp-block-image size-large\"><img decoding=\"async\" src=\"https:\/\/www.grandepremio.com\/br\/wp-content\/uploads\/2020\/08\/3-EPS610_185107_FER6442-1024x683.jpg\" alt=\"\" class=\"wp-image-406051\"\/><figcaption>Oliver Rowland recebeu a quadriculada (Foto: F\u00f3rmula E)<\/figcaption><\/figure>\n\n\n\n<h3 class=\"wp-block-heading\">OLIVER ROWLAND<\/h3>\n\n\n\n<p class=\"wp-block-paragraph\">Nas nuvens, Rowland tirou um peso das costas por conquistar a primeira vit\u00f3ria dele na categoria.<\/p>\n\n\n\n<p class=\"wp-block-paragraph\">&#8220;N\u00e3o esperava isso hoje. Ainda n\u00e3o acredito!&#8221;, vibrou o novo vitorioso.<\/p>\n\n\n\n<p class=\"wp-block-paragraph\">&#8220;\u00c9 uma sensa\u00e7\u00e3o incr\u00edvel. Consegui controlar a energia da bateria muito bem, ent\u00e3o, no fim, consegui tamb\u00e9m controlar a diferen\u00e7a para Robin e usar um pouco mais de energia. Fui ajudado de um jeito gigantesco por ter um carro t\u00e3o bom junto comigo, a equipe estava bem preparada&#8221;, falou.<\/p>\n\n\n\n<p class=\"wp-block-paragraph\">&#8220;Espero que todos eles estejam felizes, merecem demais. N\u00e3o tenho nada menos que positivo para falar sobre eles. \u00c9 incr\u00edvel estar aqui&#8221;, finalizou.<\/p>\n\n\n\n<figure class=\"wp-block-image size-large\"><img decoding=\"async\" src=\"https:\/\/www.grandepremio.com\/br\/wp-content\/uploads\/2020\/08\/5-EPS610_180538_W6I2231-683x1024.jpg\" alt=\"\" class=\"wp-image-406053\"\/><figcaption>Robin Frijns voltou ao p\u00f3dio (Foto: F\u00f3rmula E)<\/figcaption><\/figure>\n\n\n\n<h3 class=\"wp-block-heading\">ROBIN FRIJNS<\/h3>\n\n\n\n<p class=\"wp-block-paragraph\">O holand\u00eas se disse feliz com o segundo p\u00f3dio da rodada dupla, mas transpareceu mesmo uma certa decep\u00e7\u00e3o por ter se visto t\u00e3o distante do vencedor.<\/p>\n\n\n\n<p class=\"wp-block-paragraph\">&#8220;N\u00e3o foi nada relaxante. Eu estava definitivamente tendo dificuldades para me segurar na pista. Rowland abriu a vantagem e fiquei lutando para me recuperar, e foi isso&#8221;, disse.<\/p>\n\n\n\n<p class=\"wp-block-paragraph\">&#8220;Estou muito feliz com o P2, mas estamos aqui para vencer&#8221;, exclamou.<\/p>\n\n\n\n<figure class=\"wp-block-image size-large\"><img decoding=\"async\" src=\"https:\/\/www.grandepremio.com\/br\/wp-content\/uploads\/2020\/08\/4-EPS610_180529_W6I2222-682x1024.jpg\" alt=\"\" class=\"wp-image-406052\"\/><figcaption>O primeiro p\u00f3dio de Ren\u00e9 Rast (Foto: F\u00f3rmula E)<\/figcaption><\/figure>\n\n\n\n<h3 class=\"wp-block-heading\">REN\u00c9 RAST<\/h3>\n\n\n\n<p class=\"wp-block-paragraph\">O novato da Audi vai construindo seu caso para permanecer por uma temporada completa. O p\u00f3dio veio ap\u00f3s uma verdadeira briga de rua vers\u00e3o automobil\u00edstica com Andre Lotterer &#8211; que Rast s\u00f3 venceu na \u00faltima volta.<\/p>\n\n\n\n<p class=\"wp-block-paragraph\">&#8220;A equipe me disse que eu tinha 0.5% de energia a mais que Andr\u00e9. Tentei mergulhar para cima dele, acabamos fazendo contato e ficando lado a lado&#8221;, explicou sobre a ultrapassagem do fim.<\/p>\n\n\n\n<p class=\"wp-block-paragraph\">&#8220;Sobrou um pouco de pneu\u2026 Sobrar pneu \u00e9 sin\u00f4nimo de corrida na F\u00f3rmula E&#8221;, fechou.<\/p>\n\n\n\n<figure class=\"wp-block-image size-large\"><img decoding=\"async\" src=\"https:\/\/www.grandepremio.com\/br\/wp-content\/uploads\/2020\/08\/1-EPS610_181232_FER6176-1024x683.jpg\" alt=\"\" class=\"wp-image-406050\"\/><figcaption>Lucas Di Grassi em Berlim (Foto: F\u00f3rmula E)<\/figcaption><\/figure>\n\n\n\n<h3 class=\"wp-block-heading\">LUCAS DI GRASSI, 21\u00ba<\/h3>\n\n\n\n<p class=\"wp-block-paragraph\">O piloto da Audi justificou o problema do treino de classifica\u00e7\u00e3o, quando, junto dos outros campe\u00f5es da FE atualmente no grid, sequer abriu volta r\u00e1pida. O objetivo agora \u00e9 ser vice-campe\u00e3o.<\/p>\n\n\n\n<p class=\"wp-block-paragraph\">&#8220;Eu estava no primeiro grupo, que sempre pega a pista com menos ader\u00eancia, e se voc\u00ea quer ter uma chance de passar para o Q2 precisa ir para a pista o mais perto do final do Q1 poss\u00edvel. Mas quando iniciei a minha volta r\u00e1pida os carros \u00e0 frente estavam andando t\u00e3o devagar que todos n\u00f3s cruzamos a linha de chegada muito tarde&#8221;, completa.<\/p>\n\n\n\n<p class=\"wp-block-paragraph\">&#8220;Certamente esse n\u00e3o era o resultado que nossa equipe sonhava. T\u00ednhamos potencial para brigar pelo p\u00f3dio e estar mais pr\u00f3ximos da disputa pelo vice-campeonato. Mas as corridas s\u00e3o assim. Especialmente na F\u00f3rmula E, tudo pode acontecer. Amanh\u00e3 teremos a \u00faltima etapa do Campeonato e espero que possamos encerrar a temporada com um bom resultado. Vamos brigar at\u00e9 a \u00faltima volta&#8221;, declarou.<\/p>\n\n\n\n<figure class=\"wp-block-image size-large\"><img decoding=\"async\" src=\"https:\/\/www.grandepremio.com\/br\/wp-content\/uploads\/2020\/08\/4-EPS609_140526_FER2531-1024x683.jpg\" alt=\"\" class=\"wp-image-405341\"\/><figcaption>Felipe Massa em Berlim (Foto: F\u00f3rmula E)<\/figcaption><\/figure>\n\n\n\n<h3 class=\"wp-block-heading\">FELIPE MASSA, 13\u00ba<\/h3>\n\n\n\n<p class=\"wp-block-paragraph\">J\u00e1 Massa, que vinha nos pontos no come\u00e7o da corrida, deu a vers\u00e3o dele sobre o que aconteceu para errar a entrada do modo ataque e perder uma s\u00e9rie de posi\u00e7\u00f5es.<\/p>\n\n\n\n<p class=\"wp-block-paragraph\">&#8220;Foi outra corrida frustrante. Larguei bem e o ritmo do come\u00e7o era encorajador. O foco estava em abrir uma vantagem para quem vinha atr\u00e1s, e consegui. Tudo ia bem at\u00e9 que decidimos acionar o modo ataque: [Blomqvist] foi junto comigo e n\u00e3o consegui ver os aros, ent\u00e3o n\u00e3o ativei&#8221;, contou.<\/p>\n\n\n\n<p class=\"wp-block-paragraph\">&#8220;Depois disso, ficou terr\u00edvel. Perdi toda a margem que eu tinha estabelecido. Estou decepcionado, mas agora temos de concentrar e voltar amanh\u00e3 para, espero, terminar a temporada positivamente&#8221;, finalizou.<\/p>\n\n\n\n<figure class=\"wp-block-image size-large\"><img decoding=\"async\" src=\"https:\/\/www.grandepremio.com\/br\/wp-content\/uploads\/2020\/08\/1-EPS610_125003_ALS7549-1024x683.jpg\" alt=\"\" class=\"wp-image-406057\"\/><figcaption>S\u00e9rgio Sette C\u00e2mara teve a melhor corrida na FE (Foto: F\u00f3rmula E)<\/figcaption><\/figure>\n\n\n\n<h3 class=\"wp-block-heading\">S\u00c9RGIO SETTE C\u00c2MARA, 15\u00ba<\/h3>\n\n\n\n<p class=\"wp-block-paragraph\">Ap\u00f3s a melhor classifica\u00e7\u00e3o na categoria, onde ficou no oitavo lugar, o estreante andou pouco mais de metade da corrida dentro dos pontos. No fim, como se imaginaria, faltou ritmo para manter. Mesmo assim, o mineiro terminou em 15\u00ba e na frente do companheiro Nico M\u00fcller: 15\u00ba contra 17\u00ba.<\/p>\n\n\n\n<figure class=\"wp-block-embed-spotify wp-block-embed is-type-rich is-provider-spotify wp-embed-aspect-21-9 wp-has-aspect-ratio\"><div class=\"wp-block-embed__wrapper\">\n<iframe title=\"Spotify Embed: A volta da F\u00f3rmula E | Paddockast #73\" style=\"border-radius: 12px\" width=\"100%\" height=\"152\" frameborder=\"0\" allowfullscreen allow=\"autoplay; clipboard-write; encrypted-media; fullscreen; picture-in-picture\" loading=\"lazy\" src=\"https:\/\/open.spotify.com\/embed\/episode\/3lM2Yb3LG8I13YG2r7yagZ?utm_source=oembed\"><\/iframe>\n<\/div><\/figure>\n","protected":false},"excerpt":{"rendered":"<p>Assim como no ano passado, equipe franco-japonesa dispara no fim do campeonato, vence e se aproxima do vice. Ainda deve ano completo, por\u00e9m<\/p>\n","protected":false},"author":0,"featured_media":1000406054,"comment_status":"closed","ping_status":"closed","sticky":false,"template":"","format":"standard","meta":{"42wp_featured_image_caption":"","42wp_featured_image_credits":"","42wp_featured_video":"","42wp_featured_image_hidden":false,"42wp_authors_list":[],"footnotes":""},"categories":[19],"tags":[983,970,1860,4981,195,504,194,196,25048,966,894,965,25001,1593,25527,4982,660,639],"42wp_author":[47120],"class_list":["post-128128","post","type-post","status-publish","format-standard","has-post-thumbnail","hentry","category-formula-e","tag-alemanha","tag-audi","tag-dragon","tag-ep-de-berlim","tag-fe-2020","tag-felipe-massa","tag-formula-e-2020","tag-horarios-da-fe","tag-horarios-da-formula-e-2","tag-lucas-di-grassi","tag-nissan","tag-oliver-rowland","tag-rene-rast-2","tag-robin-frijns","tag-sergio-sette-camara-2","tag-tempelhof","tag-venturi","tag-virgin","42wp_author-pedro-henrique-marum"],"_links":{"self":[{"href":"https:\/\/grandepremio.com\/br\/wp-json\/wp\/v2\/posts\/128128","targetHints":{"allow":["GET"]}}],"collection":[{"href":"https:\/\/grandepremio.com\/br\/wp-json\/wp\/v2\/posts"}],"about":[{"href":"https:\/\/grandepremio.com\/br\/wp-json\/wp\/v2\/types\/post"}],"replies":[{"embeddable":true,"href":"https:\/\/grandepremio.com\/br\/wp-json\/wp\/v2\/comments?post=128128"}],"version-history":[{"count":0,"href":"https:\/\/grandepremio.com\/br\/wp-json\/wp\/v2\/posts\/128128\/revisions"}],"wp:featuredmedia":[{"embeddable":true,"href":"https:\/\/grandepremio.com\/br\/wp-json\/wp\/v2\/media\/1000406054"}],"wp:attachment":[{"href":"https:\/\/grandepremio.com\/br\/wp-json\/wp\/v2\/media?parent=128128"}],"wp:term":[{"taxonomy":"category","embeddable":true,"href":"https:\/\/grandepremio.com\/br\/wp-json\/wp\/v2\/categories?post=128128"},{"taxonomy":"post_tag","embeddable":true,"href":"https:\/\/grandepremio.com\/br\/wp-json\/wp\/v2\/tags?post=128128"},{"taxonomy":"42wp_author","embeddable":true,"href":"https:\/\/grandepremio.com\/br\/wp-json\/wp\/v2\/42wp_author?post=128128"}],"curies":[{"name":"wp","href":"https:\/\/api.w.org\/{rel}","templated":true}]}}