{"id":128136,"date":"2020-08-12T14:52:00","date_gmt":"2020-08-12T17:52:00","guid":{"rendered":"https:\/\/grandepremio.com\/br\/noticias\/rowland-passeia-em-berlim-e-vence-pela-primeira-vez-na-formula-e\/"},"modified":"2020-08-12T15:30:03","modified_gmt":"2020-08-12T18:30:03","slug":"rowland-passeia-em-berlim-e-vence-pela-primeira-vez-na-formula-e","status":"publish","type":"post","link":"https:\/\/grandepremio.com\/br\/formula-e\/rowland-passeia-em-berlim-e-vence-pela-primeira-vez-na-formula-e\/","title":{"rendered":"Rowland passeia em Berlim e vence pela primeira vez na F\u00f3rmula E"},"content":{"rendered":"\n<figure class=\"wp-block-embed-spotify wp-block-embed is-type-rich is-provider-spotify wp-embed-aspect-21-9 wp-has-aspect-ratio\"><div class=\"wp-block-embed__wrapper\">\n<iframe title=\"Spotify Embed: A volta da F\u00f3rmula E | Paddockast #73\" style=\"border-radius: 12px\" width=\"100%\" height=\"152\" frameborder=\"0\" allowfullscreen allow=\"autoplay; clipboard-write; encrypted-media; fullscreen; picture-in-picture\" loading=\"lazy\" src=\"https:\/\/open.spotify.com\/embed\/episode\/3lM2Yb3LG8I13YG2r7yagZ?utm_source=oembed\"><\/iframe>\n<\/div><\/figure>\n\n\n\n<p class=\"wp-block-paragraph\">Um novo vencedor! Ap\u00f3s Ant\u00f3nio F\u00e9lix da Costa confirmar o t\u00edtulo da temporada 2019\/20, ainda no \u00faltimo fim de semana, esta quarta-feira (12) foi dia de consagrar um novo nome no rol dos vencedores do campeonato: Oliver Rowland.<\/p>\n\n\n\n<p class=\"wp-block-paragraph\">O piloto da Nissan fez a pole-position e dominou a prova sem jamais ser realmente incomodado pelo segundo colocado Robin Frijns. Vit\u00f3ria dominante que d\u00e1 um g\u00e1s ainda maior para a Nissan na briga para terminar o Campeonato de Equipes na segunda coloca\u00e7\u00e3o.<\/p>\n\n\n\n<p class=\"wp-block-paragraph\">At\u00e9 hoje, Rowland tinha apenas dois segundos lugares como os melhores resultados. Agora, n\u00e3o mais. Frijns foi segundo e Ren\u00e9 Rast, vencedor de um duelo de verdade com Andr\u00e9 Lotterer, completou o p\u00f3dio no terceiro posto.<\/p>\n\n\n\n<p class=\"wp-block-paragraph\">Lotterer ficou com a quarta coloca\u00e7\u00e3o e teve a companhia de Alex Lynn, Neel Jani, Mitch Evans, Edoardo Mortara, Stoffel Vandoorne e S\u00e9bastien Buemi fecharam o top-10. Apesar da volta mais r\u00e1pida ter sido de Di Grassi, \u00e9 Rowland quem leva o ponto: afinal, o brasileiro ficou fora do top-10. Todos os pontos foram para o ingl\u00eas.<\/p>\n\n\n\n<p class=\"wp-block-paragraph\">Por falar em Di Grassi, a corrida dele foi bastante problem\u00e1tica. Logo no come\u00e7o, toque com Maximilian G\u00fcnther; depois, colis\u00e3o com Ant\u00f3nio F\u00e9lix da Costa pela qual foi punido em 5s e ainda rendeu furo de pneu.<\/p>\n\n\n\n<p class=\"wp-block-paragraph\">Felipe Massa vinha nos pontos at\u00e9 errar a zona de ativa\u00e7\u00e3o do modo ataque: jamais recuperou o lugar. J\u00e1 S\u00e9rgio Sette C\u00e2mara se manteve por metade da corrida entre os pontos, mas n\u00e3o teve como ficar por mais tempo. Da Costa, com problemas no fim da corrida, n\u00e3o terminou.<\/p>\n\n\n\n<p class=\"wp-block-paragraph\">A temporada da F\u00f3rmula E termina com a sexta prova, marcada para a quinta-feira.<\/p>\n\n\n\n<figure class=\"wp-block-image size-large\"><img decoding=\"async\" src=\"https:\/\/www.grandepremio.com\/br\/wp-content\/uploads\/2020\/08\/4-EPS610_130703_ALS7637-1024x683.jpg\" alt=\"\" class=\"wp-image-406017\"\/><figcaption>Oliver Rowland (Foto: F\u00f3rmula E)<\/figcaption><\/figure>\n\n\n\n<h3 class=\"wp-block-heading\">Confira como foi a corrida:<\/h3>\n\n\n\n<p class=\"wp-block-paragraph\">J\u00e1 sem qualquer briga por t\u00edtulo na F\u00f3rmula E, Equipes ou Pilotos, a \u00faltima rodada dupla em Berlim teve a largada autorizada j\u00e1 quando o as longas sombradas de come\u00e7o de noite cobriam totalmente a reta dos boxes do Tempelhof.<\/p>\n\n\n\n<p class=\"wp-block-paragraph\">Oliver Rowland largou bem e escapou na dianteira, enquanto a confus\u00e3o mesmo viria na segunda parte do pelot\u00e3o. Um toque entre Lucas Di Grassi, Maximilian G\u00fcnther e J\u00e9r\u00f4me D&#8217;Ambrosio. G\u00fcnther acabou com pneu furado e levou a BMW para abandonar nos boxes. Sam Bird tamb\u00e9m rodou logo na sa\u00edda.<\/p>\n\n\n\n<p class=\"wp-block-paragraph\">Quem come\u00e7ava bem nas primeiras posi\u00e7\u00f5es era Andr\u00e9 Lotterer, que rapidamente ganhava as posi\u00e7\u00f5es de Tom Blomqvist, Ren\u00e9 Rast e Alex Lynn, assumindo o quarto lugar. L\u00e1 atr\u00e1s, Jean-\u00c9ric Vergne recebia puni\u00e7\u00e3o por refrigera\u00e7\u00e3o al\u00e9m do permitido na bateria.<\/p>\n\n\n\n<p class=\"wp-block-paragraph\">A corrida de Di Grassi tamb\u00e9m acabou rapidamente. Um toque de Ant\u00f3nio F\u00e9lix da Costa fez a Audi rodar quando o brasileiro fechou demais para contornar a curva e tamb\u00e9m causou um furo de pneu &#8211; ainda seria punido em 5s por conta disso. O campe\u00e3o confirmado, ali\u00e1s, assumia a 15\u00aa posi\u00e7\u00e3o.<\/p>\n\n\n\n<figure class=\"wp-block-image size-large\"><img decoding=\"async\" src=\"https:\/\/www.grandepremio.com\/br\/wp-content\/uploads\/2020\/08\/Screenshot-134-1024x576.png\" alt=\"\" class=\"wp-image-406014\"\/><figcaption>Lucas Di Grassi e Ant\u00f3nio F\u00e9lix da Costa se enroscaram (Foto: Reprodu\u00e7\u00e3o\/TV)<\/figcaption><\/figure>\n\n\n\n<p class=\"wp-block-paragraph\">O FanBoost foi anunciado para Stoffel Vandoorne, Da Costa, Daniel Abt, Lotterer e Mitch Evans.<\/p>\n\n\n\n<p class=\"wp-block-paragraph\">Felipe Massa vinha na oitava coloca\u00e7\u00e3o, mas acabou errando a zona de ativa\u00e7\u00e3o do modo ataque e, assim, perdeu tr\u00eas posi\u00e7\u00f5es. Quando enfim pegou, estava em 16\u00ba. Situa\u00e7\u00e3o complicada para uma prova que se ensaiava promissora. S\u00e9rgio Sette C\u00e2mara, por sua vez, se mantinha no top-10 ap\u00f3s 19 voltas.<\/p>\n\n\n\n<p class=\"wp-block-paragraph\">Somente depois da 20\u00aa volta \u00e9 que Robin Frijns come\u00e7ou a encostar em Rowland, mas ensejando uma disputa real pela vit\u00f3ria. Ren\u00e9 Rast recuperara a posi\u00e7\u00e3o de Lotterer e ainda sacara Neel Jani da frente. Era o terceiro.<\/p>\n\n\n\n<p class=\"wp-block-paragraph\">Apesar de aguentar na zona de pontos durante muito tempo, Sette C\u00e2mara come\u00e7ara a cair a partir do momento que foi alcan\u00e7ado pela sequ\u00eancia formada por Vandoorne, S\u00e9bastien Buemi e Da Costa. Mitch Evans, enquanto isso, confirmava a s\u00e9tima coloca\u00e7\u00e3o para, enfim, marcar pontos em Berlim.<\/p>\n\n\n\n<p class=\"wp-block-paragraph\">A briga de verdade entre os primeiros era n\u00e3o pela vit\u00f3ria, mas pelo terceiro lugar: Lotterer ultrapassou Rast, que seguiu em cima. Os dois passaram a duelar a valer dali em diante. Rast, de maneira espetacular, conseguiu retomar a posi\u00e7\u00e3o na volta final para fechar o p\u00f3dio. <\/p>\n\n\n\n<p class=\"wp-block-paragraph\">Da Costa, com problemas, afastou-se da briga por pontos e sequer completou as duas \u00faltimas voltas. J\u00e1 G\u00fcnther, fora desde a primeira volta, tentou retomar a participa\u00e7\u00e3o no fim e ficou parado na pista, exigindo bandeira amarela. Por fim, vit\u00f3ria dominante de Rowland. <\/p>\n\n\n\n<h4 class=\"wp-block-heading\">F\u00f3rmula E 2020, eP de Berlim, Tempelhof, Corrida 5, Resultado Final:<\/h4>\n\n\n\n<figure class=\"wp-block-table\"><table><tbody><tr><td>1<\/td><td>O ROWLAND<\/td><td>Nissan<\/td><td>36 voltas<\/td><td>&nbsp;<\/td><\/tr><tr><td>2<\/td><td>R FRIJNS<\/td><td>Virgin Audi<\/td><td>+1.903<\/td><td>&nbsp;<\/td><\/tr><tr><td>3<\/td><td>R RAST<\/td><td>Audi<\/td><td>+7.490<\/td><td>&nbsp;<\/td><\/tr><tr><td>4<\/td><td>A LOTTERER<\/td><td>Porsche<\/td><td>+7.863<\/td><td>&nbsp;<\/td><\/tr><tr><td>5<\/td><td>A LYNN<\/td><td>Mahindra<\/td><td>+11.441<\/td><td>&nbsp;<\/td><\/tr><tr><td>6<\/td><td>N JANI<\/td><td>Porsche<\/td><td>+12.922<\/td><td>&nbsp;<\/td><\/tr><tr><td>7<\/td><td>M EVANS<\/td><td>Jaguar<\/td><td>+14.106<\/td><td>&nbsp;<\/td><\/tr><tr><td>9<\/td><td>S VANDOORNE<\/td><td>Mercedes<\/td><td>+17.134<\/td><td>&nbsp;<\/td><\/tr><tr><td>10<\/td><td>S BUEMI<\/td><td>Nissan<\/td><td>+18.949<\/td><td>&nbsp;<\/td><\/tr><tr><td>11<\/td><td>A SIMS<\/td><td>BMW<\/td><td>+19.731<\/td><td>&nbsp;<\/td><\/tr><tr><td>12<\/td><td>E MORTARA<\/td><td>Venturi Mercedes<\/td><td>+23.331<\/td><td>&nbsp;<\/td><\/tr><tr><td>12<\/td><td>T BLOMQVIST<\/td><td>Jaguar<\/td><td>+24.807<\/td><td>&nbsp;<\/td><\/tr><tr><td>13<\/td><td>F MASSA<\/td><td>Venturi Mercedes<\/td><td>+27.775<\/td><td>&nbsp;<\/td><\/tr><tr><td>14<\/td><td>N DE VRIES<\/td><td>Mercedes<\/td><td>+28.723<\/td><td>&nbsp;<\/td><\/tr><tr><td>15<\/td><td>S. SETTE C\u00c2MARA<\/td><td>Dragon Penske<\/td><td>+31.132<\/td><td>&nbsp;<\/td><\/tr><tr><td>16<\/td><td>J D&#8217;AMBROSIO<\/td><td>Mahindra<\/td><td>+31.524<\/td><td>&nbsp;<\/td><\/tr><tr><td>17<\/td><td>N M\u00dcLLER<\/td><td>Dragon Penske<\/td><td>+34.140<\/td><td>&nbsp;<\/td><\/tr><tr><td>18<\/td><td>J.E VERGNE<\/td><td>DS Techeetah<\/td><td>+34.986<\/td><td>&nbsp;<\/td><\/tr><tr><td>19<\/td><td>O TURVEY<\/td><td>NIO<\/td><td>+44.377<\/td><td>&nbsp;<\/td><\/tr><tr><td>20<\/td><td>S BIRD<\/td><td>Virgin Audi<\/td><td>+46.591<\/td><td>&nbsp;<\/td><\/tr><tr><td>21<\/td><td>L DI GRASSI<\/td><td>Audi<\/td><td>+1:15.119<\/td><td>&nbsp;<\/td><\/tr><tr><td>22<\/td><td>A.F DA COSTA<\/td><td>DS Techeetah<\/td><td>+1 volta<\/td><td>NC<\/td><\/tr><tr><td>23<\/td><td>D ABT<\/td><td>NIO<\/td><td>+3 voltas<\/td><td>NC<\/td><\/tr><tr><td>24<\/td><td>M G\u00dcNTHER<\/td><td>BMW<\/td><td>+33 voltas<\/td><td>NC<\/td><\/tr><\/tbody><\/table><\/figure>\n\n\n\n<figure class=\"wp-block-embed-youtube wp-block-embed is-type-video is-provider-youtube wp-embed-aspect-16-9 wp-has-aspect-ratio\"><div class=\"wp-block-embed__wrapper\">\n<iframe loading=\"lazy\" title=\"EVERALDO MARQUES NA F1 + VERSTAPPEN, BRAD BINDER na MOTOGP e DA COSTA | Paddock #209\" width=\"500\" height=\"281\" src=\"https:\/\/www.youtube.com\/embed\/Jh7VWZ2Aqsc?feature=oembed\" frameborder=\"0\" allow=\"accelerometer; autoplay; clipboard-write; encrypted-media; gyroscope; picture-in-picture; web-share\" referrerpolicy=\"strict-origin-when-cross-origin\" allowfullscreen><\/iframe>\n<\/div><\/figure>\n","protected":false},"excerpt":{"rendered":"<p>Mesmo sem maiores emo\u00e7\u00f5es em termos de disputa por campeonato, a quinta corrida da maratona de Berlim teve novidade na figura do vencedor<\/p>\n","protected":false},"author":0,"featured_media":1000406015,"comment_status":"closed","ping_status":"closed","sticky":false,"template":"","format":"standard","meta":{"42wp_featured_image_caption":"","42wp_featured_image_credits":"","42wp_featured_video":"","42wp_featured_image_hidden":false,"42wp_authors_list":[],"footnotes":""},"categories":[19],"tags":[5078,25774,970,5050,1860,852,195,504,194,196,25048,851,966,894,965,1593,876,1025,660,639],"42wp_author":[47120],"class_list":["post-128136","post","type-post","status-publish","format-standard","has-post-thumbnail","hentry","category-formula-e","tag-aeroporto-de-tempelhof","tag-antonio-felix-da-costa","tag-audi","tag-berlim","tag-dragon","tag-ds-techeetah","tag-fe-2020","tag-felipe-massa","tag-formula-e-2020","tag-horarios-da-fe","tag-horarios-da-formula-e-2","tag-jean-eric-vergne","tag-lucas-di-grassi","tag-nissan","tag-oliver-rowland","tag-robin-frijns","tag-sebastien-buemi","tag-sergio-sette-camara","tag-venturi","tag-virgin","42wp_author-pedro-henrique-marum"],"_links":{"self":[{"href":"https:\/\/grandepremio.com\/br\/wp-json\/wp\/v2\/posts\/128136","targetHints":{"allow":["GET"]}}],"collection":[{"href":"https:\/\/grandepremio.com\/br\/wp-json\/wp\/v2\/posts"}],"about":[{"href":"https:\/\/grandepremio.com\/br\/wp-json\/wp\/v2\/types\/post"}],"replies":[{"embeddable":true,"href":"https:\/\/grandepremio.com\/br\/wp-json\/wp\/v2\/comments?post=128136"}],"version-history":[{"count":0,"href":"https:\/\/grandepremio.com\/br\/wp-json\/wp\/v2\/posts\/128136\/revisions"}],"wp:featuredmedia":[{"embeddable":true,"href":"https:\/\/grandepremio.com\/br\/wp-json\/wp\/v2\/media\/1000406015"}],"wp:attachment":[{"href":"https:\/\/grandepremio.com\/br\/wp-json\/wp\/v2\/media?parent=128136"}],"wp:term":[{"taxonomy":"category","embeddable":true,"href":"https:\/\/grandepremio.com\/br\/wp-json\/wp\/v2\/categories?post=128136"},{"taxonomy":"post_tag","embeddable":true,"href":"https:\/\/grandepremio.com\/br\/wp-json\/wp\/v2\/tags?post=128136"},{"taxonomy":"42wp_author","embeddable":true,"href":"https:\/\/grandepremio.com\/br\/wp-json\/wp\/v2\/42wp_author?post=128136"}],"curies":[{"name":"wp","href":"https:\/\/api.w.org\/{rel}","templated":true}]}}