{"id":128151,"date":"2020-08-12T09:25:04","date_gmt":"2020-08-12T12:25:04","guid":{"rendered":"https:\/\/grandepremio.com\/br\/noticias\/em-meio-a-pandemia-russia-preve-gp-com-30-mil-espectadores-em-setembro\/"},"modified":"2020-08-12T09:50:11","modified_gmt":"2020-08-12T12:50:11","slug":"em-meio-a-pandemia-russia-preve-gp-com-30-mil-espectadores-em-setembro","status":"publish","type":"post","link":"https:\/\/grandepremio.com\/br\/f1\/em-meio-a-pandemia-russia-preve-gp-com-30-mil-espectadores-em-setembro\/","title":{"rendered":"Em meio \u00e0 pandemia, R\u00fassia prev\u00ea GP com 30 mil espectadores em setembro"},"content":{"rendered":"\n<figure class=\"wp-block-embed-youtube wp-block-embed is-type-video is-provider-youtube wp-embed-aspect-16-9 wp-has-aspect-ratio\"><div class=\"wp-block-embed__wrapper\">\n<iframe loading=\"lazy\" title=\"EVERALDO MARQUES NA F1 + VERSTAPPEN, BRAD BINDER na MOTOGP e DA COSTA | Paddock #209\" width=\"500\" height=\"281\" src=\"https:\/\/www.youtube.com\/embed\/Jh7VWZ2Aqsc?feature=oembed\" frameborder=\"0\" allow=\"accelerometer; autoplay; clipboard-write; encrypted-media; gyroscope; picture-in-picture; web-share\" referrerpolicy=\"strict-origin-when-cross-origin\" allowfullscreen><\/iframe>\n<\/div><\/figure>\n\n\n\n<p class=\"wp-block-paragraph\">As primeiras corridas da temporada 2020 da F\u00f3rmula 1 foram realizadas com port\u00f5es fechados por conta da pandemia de Covid-19. Para evitar cont\u00e1gio entre f\u00e3s, pilotos, membros das equipes e demais profissionais envolvidos com os eventos, a categoria optou por n\u00e3o permitir a entrada de espectadores nos aut\u00f3dromos, mas j\u00e1 cogita colocar um n\u00famero limitado de f\u00e3s nas arquibancadas dos circuitos a partir de setembro.<\/p>\n\n\n\n<p class=\"wp-block-paragraph\">O GP da R\u00fassia, marcado para o dia 27 do nono m\u00eas, em S\u00f3chi, tem uma ambi\u00e7\u00e3o maior. Os organizadores da prova querem liberar 50% das arquibancadas, o equivalente a 30 mil f\u00e3s presentes no evento. Na ter\u00e7a-feira (11), o presidente russo, Vladimir Putin, divulgou que a vacina desenvolvida no pa\u00eds contra Covid-19, chamada Sputnik V, foi a primeira registrada no mundo, apesar de ter a efic\u00e1cia questionada pela comunidade m\u00e9dica internacional.<\/p>\n\n\n\n<p class=\"wp-block-paragraph\">&#8220;Por tr\u00eas meses n\u00e3o estivemos engajados na venda de ingressos. Agora eles est\u00e3o retornando aos poucos, ap\u00f3s o governo anunciar a volta da corrida e com nosso recente an\u00fancio do programa de entretenimento. \u00c9 prematuro falar sobre o n\u00famero de ingressos vendidos, mas o cen\u00e1rio \u00e9 mais claro a respeito das restri\u00e7\u00f5es devido \u00e0 pandemia do novo coronav\u00edrus&#8221;, disse Alexey Titov, diretor-executivo do GP da R\u00fassia, em entrevista \u00e0 revista brit\u00e2nica Autosport.<\/p>\n\n\n\n<figure class=\"wp-block-image size-large\"><img decoding=\"async\" src=\"https:\/\/www.grandepremio.com\/br\/wp-content\/uploads\/2019\/09\/2019927425615_SochiSexta1_DMa.jpg\" alt=\"\" class=\"wp-image-358815\"\/><figcaption>S\u00f3chi recebe a F\u00f3rmula 1 desde 2014 (Foto: F1)<\/figcaption><\/figure>\n\n\n\n<p class=\"wp-block-paragraph\">&#8220;No momento, discutimos a possibilidade de 50% do total da capacidade do Parque Ol\u00edmpico de S\u00f3chi. Isso significa que o n\u00famero m\u00e1ximo de f\u00e3s n\u00e3o vai passar de 30 a 32 mil. Sim, teremos espectadores, mas n\u00e3o vai ter presen\u00e7a de pessoas passeando pelos boxes ou sess\u00f5es de aut\u00f3grafos&#8221;, completou.<\/p>\n\n\n\n<p class=\"wp-block-paragraph\">A F\u00f3rmula 1 tem adotado medidas sanit\u00e1rias severas para evitar casos de Covid-19 no paddock. At\u00e9 o momento, apenas tr\u00eas pessoas testaram positivo, incluindo Sergio P\u00e9rez, piloto da Racing Point. Titov diz estar ciente do protocolo obrigat\u00f3rio da categoria e n\u00e3o pretende descumprir.<\/p>\n\n\n\n<p class=\"wp-block-paragraph\">&#8220;N\u00e3o teremos as tradicionais entrevistas pelo paddock, pois ele continua fechado. O protocolo tamb\u00e9m se aplica aqui. Deste ponto de vista, a corrida na R\u00fassia n\u00e3o vai ser diferente das demais provas. A \u00fanica diferen\u00e7a \u00e9 que os f\u00e3s v\u00e3o estar nas arquibancadas torcendo por seus pilotos preferidos&#8221;, afirmou o dirigente.<\/p>\n\n\n\n<p class=\"wp-block-paragraph\">A R\u00fassia foi um dos poucos pa\u00edses na Europa a liberar espectadores nos eventos esportivos. No futebol, o Campeonato Russo liberou 10% da capacidade dos est\u00e1dios para torcedores. A falta de uso de m\u00e1scara e as aglomera\u00e7\u00f5es, atitudes n\u00e3o recomendadas por organiza\u00e7\u00f5es de sa\u00fade, s\u00e3o vistas com frequ\u00eancia.<\/p>\n\n\n\n<figure class=\"wp-block-embed-youtube wp-block-embed is-type-video is-provider-youtube wp-embed-aspect-16-9 wp-has-aspect-ratio\"><div class=\"wp-block-embed__wrapper\">\n<iframe loading=\"lazy\" title=\"F1: VERSTAPPEN magn\u00edfico e VETTEL melanc\u00f3lico no GP dos 70 ANOS | GP \u00e0s 10\" width=\"500\" height=\"281\" src=\"https:\/\/www.youtube.com\/embed\/PcZOn4wWZqc?feature=oembed\" frameborder=\"0\" allow=\"accelerometer; autoplay; clipboard-write; encrypted-media; gyroscope; picture-in-picture; web-share\" referrerpolicy=\"strict-origin-when-cross-origin\" allowfullscreen><\/iframe>\n<\/div><\/figure>\n","protected":false},"excerpt":{"rendered":"<p>Enquanto o presidente russo Vladimir Putin anuncia o registro da primeira vacina contra Covid-19, os organizadores do GP da R\u00fassia de F\u00f3rmula 1 se empolgam e j\u00e1 pensam em liberar metade dos assentos nas arquibancadas em setembro, quando a categoria visita o Parque Ol\u00edmpico de S\u00f3chi<\/p>\n","protected":false},"author":0,"featured_media":0,"comment_status":"closed","ping_status":"closed","sticky":false,"template":"","format":"standard","meta":{"42wp_featured_image_caption":"","42wp_featured_image_credits":"","42wp_featured_video":"","42wp_featured_image_hidden":false,"42wp_authors_list":[],"footnotes":""},"categories":[2],"tags":[24858,118,24837,24860,24975,25442],"42wp_author":[47109],"class_list":["post-128151","post","type-post","status-publish","format-standard","hentry","category-f1","tag-covid-19","tag-f1-2020","tag-formula-1-2","tag-formula-1-2020-2","tag-gp-da-russia-2","tag-sochi-2","42wp_author-redacao-gp"],"_links":{"self":[{"href":"https:\/\/grandepremio.com\/br\/wp-json\/wp\/v2\/posts\/128151","targetHints":{"allow":["GET"]}}],"collection":[{"href":"https:\/\/grandepremio.com\/br\/wp-json\/wp\/v2\/posts"}],"about":[{"href":"https:\/\/grandepremio.com\/br\/wp-json\/wp\/v2\/types\/post"}],"replies":[{"embeddable":true,"href":"https:\/\/grandepremio.com\/br\/wp-json\/wp\/v2\/comments?post=128151"}],"version-history":[{"count":0,"href":"https:\/\/grandepremio.com\/br\/wp-json\/wp\/v2\/posts\/128151\/revisions"}],"wp:attachment":[{"href":"https:\/\/grandepremio.com\/br\/wp-json\/wp\/v2\/media?parent=128151"}],"wp:term":[{"taxonomy":"category","embeddable":true,"href":"https:\/\/grandepremio.com\/br\/wp-json\/wp\/v2\/categories?post=128151"},{"taxonomy":"post_tag","embeddable":true,"href":"https:\/\/grandepremio.com\/br\/wp-json\/wp\/v2\/tags?post=128151"},{"taxonomy":"42wp_author","embeddable":true,"href":"https:\/\/grandepremio.com\/br\/wp-json\/wp\/v2\/42wp_author?post=128151"}],"curies":[{"name":"wp","href":"https:\/\/api.w.org\/{rel}","templated":true}]}}