{"id":128166,"date":"2020-08-11T17:00:00","date_gmt":"2020-08-11T20:00:00","guid":{"rendered":"https:\/\/grandepremio.com\/br\/noticias\/passivo-quartararo-desperdica-chance-de-bons-pontos-em-brno-e-ajuda-marquez\/"},"modified":"2020-08-11T13:11:55","modified_gmt":"2020-08-11T16:11:55","slug":"passivo-quartararo-desperdica-chance-de-bons-pontos-em-brno-e-ajuda-marquez","status":"publish","type":"post","link":"https:\/\/grandepremio.com\/br\/motogp\/passivo-quartararo-desperdica-chance-de-bons-pontos-em-brno-e-ajuda-marquez\/","title":{"rendered":"Passivo, Quartararo desperdi\u00e7a chance de bons pontos em Brno e ajuda M\u00e1rquez"},"content":{"rendered":"\n<p class=\"wp-block-paragraph\">No Paddock GP #209, Gabriel Curty comentou sobre como Fabio Quartararo desperdi\u00e7ou uma grande chance ao ficar apenas em s\u00e9timo no GP da Tch\u00e9quia. Para o jornalista, o franc\u00eas precisa aproveitar todas as oportunidades sem o rival na pista.<\/p>\n\n\n\n<p class=\"wp-block-paragraph\"><strong>Assista ao trecho completo abaixo:<\/strong><\/p>\n\n\n\n<figure class=\"wp-block-embed-youtube wp-block-embed is-type-video is-provider-youtube wp-embed-aspect-16-9 wp-has-aspect-ratio\"><div class=\"wp-block-embed__wrapper\">\n<iframe loading=\"lazy\" title=\"EVERALDO MARQUES NA F1 + VERSTAPPEN, BRAD BINDER na MOTOGP e DA COSTA | Paddock #209\" width=\"500\" height=\"281\" src=\"https:\/\/www.youtube.com\/embed\/Jh7VWZ2Aqsc?feature=oembed\" frameborder=\"0\" allow=\"accelerometer; autoplay; clipboard-write; encrypted-media; gyroscope; picture-in-picture; web-share\" referrerpolicy=\"strict-origin-when-cross-origin\" allowfullscreen><\/iframe>\n<\/div><\/figure>\n\n\n","protected":false},"excerpt":{"rendered":"<p>Fabio Quartararo \u00e9 l\u00edder da temporada da MotoGP, mas foi apenas s\u00e9timo na Tch\u00e9quia. O Paddock GP #209 falou sobre a oportunidade desperdi\u00e7ada pelo piloto<\/p>\n","protected":false},"author":0,"featured_media":1000405197,"comment_status":"closed","ping_status":"closed","sticky":false,"template":"","format":"standard","meta":{"42wp_featured_image_caption":"","42wp_featured_image_credits":"","42wp_featured_video":"","42wp_featured_image_hidden":false,"42wp_authors_list":[],"footnotes":""},"categories":[8],"tags":[110,78,1537,25852,25441,172],"42wp_author":[47109],"class_list":["post-128166","post","type-post","status-publish","format-standard","has-post-thumbnail","hentry","category-motogp","tag-fabio-quartararo","tag-motogp","tag-paddock-gp","tag-paddock-gp-209","tag-srt","tag-yamaha","42wp_author-redacao-gp"],"_links":{"self":[{"href":"https:\/\/grandepremio.com\/br\/wp-json\/wp\/v2\/posts\/128166","targetHints":{"allow":["GET"]}}],"collection":[{"href":"https:\/\/grandepremio.com\/br\/wp-json\/wp\/v2\/posts"}],"about":[{"href":"https:\/\/grandepremio.com\/br\/wp-json\/wp\/v2\/types\/post"}],"replies":[{"embeddable":true,"href":"https:\/\/grandepremio.com\/br\/wp-json\/wp\/v2\/comments?post=128166"}],"version-history":[{"count":0,"href":"https:\/\/grandepremio.com\/br\/wp-json\/wp\/v2\/posts\/128166\/revisions"}],"wp:featuredmedia":[{"embeddable":true,"href":"https:\/\/grandepremio.com\/br\/wp-json\/wp\/v2\/media\/1000405197"}],"wp:attachment":[{"href":"https:\/\/grandepremio.com\/br\/wp-json\/wp\/v2\/media?parent=128166"}],"wp:term":[{"taxonomy":"category","embeddable":true,"href":"https:\/\/grandepremio.com\/br\/wp-json\/wp\/v2\/categories?post=128166"},{"taxonomy":"post_tag","embeddable":true,"href":"https:\/\/grandepremio.com\/br\/wp-json\/wp\/v2\/tags?post=128166"},{"taxonomy":"42wp_author","embeddable":true,"href":"https:\/\/grandepremio.com\/br\/wp-json\/wp\/v2\/42wp_author?post=128166"}],"curies":[{"name":"wp","href":"https:\/\/api.w.org\/{rel}","templated":true}]}}