{"id":128172,"date":"2020-08-11T14:34:04","date_gmt":"2020-08-11T17:34:04","guid":{"rendered":"https:\/\/grandepremio.com\/br\/noticias\/ktm-diz-que-comprometido-pol-espargaro-merecia-primeira-vitoria-lutou-como-leao\/"},"modified":"2020-08-11T14:39:41","modified_gmt":"2020-08-11T17:39:41","slug":"ktm-diz-que-comprometido-pol-espargaro-merecia-primeira-vitoria-lutou-como-leao","status":"publish","type":"post","link":"https:\/\/grandepremio.com\/br\/motogp\/ktm-diz-que-comprometido-pol-espargaro-merecia-primeira-vitoria-lutou-como-leao\/","title":{"rendered":"KTM diz que comprometido Pol Espargar\u00f3 merecia primeira vit\u00f3ria: \u201cLutou como le\u00e3o\u201d"},"content":{"rendered":"\n<p class=\"wp-block-paragraph\">Pol Espargar\u00f3 era t\u00e3o merecedor da <a href=\"https:\/\/www.grandepremio.com\/br\/motogp\/noticias\/binder-escala-pelotao-caca-morbidelli-e-da-a-ktm-primeira-vitoria-na-motogp\/\">primeira vit\u00f3ria da KTM<\/a> quanto Brad Binder. Dono de tal afirma\u00e7\u00e3o \u00e9 Pit Beirer, chefe da equipe, que tomou como base o comprometido e extenso trabalho feito pelo espanhol nos \u00faltimos anos.<\/p>\n\n\n\n<p class=\"wp-block-paragraph\">A chegada da f\u00e1brica \u00e0 classe rainha do Mundial acontece em 2017, e veio junto com a assinatura do #44 com o time. Inclusive, foi com o irm\u00e3o de Aleix que a marca austr\u00edaca subiu pela primeira vez no p\u00f3dio, com uma terceira coloca\u00e7\u00e3o no GP de Val\u00eancia de 2018.<\/p>\n\n\n\n<p class=\"wp-block-paragraph\">Mas a vit\u00f3ria inaugural ficou a cargo de Binder. Em sua terceira corrida na MotoGP, o sul-africano conseguiu bater os favoritos para garantir o triunfo da KTM \u2013 ainda, foi tamb\u00e9m a primeira vez que um piloto da \u00c1frica do Sul venceu na classe.<\/p>\n\n\n\n<p class=\"wp-block-paragraph\">Pol vinha em bom ritmo no GP da Tch\u00e9quia e tamb\u00e9m figurava nas posi\u00e7\u00f5es do p\u00f3dio, mas um toque de Johann Zarco o fez cair e abandonar. \u201cPol merecia essa primeira vit\u00f3ria porque brigou como um le\u00e3o durante todo esse tempo. Caso n\u00e3o tivesse se dedicado e n\u00e3o tivesse se mantido comprometido, n\u00e3o ter\u00edamos conseguido. Por isso, esse triunfo tamb\u00e9m \u00e9 seu\u201d, disse Beirer.<\/p>\n\n\n\n<figure class=\"wp-block-image size-large\"><img decoding=\"async\" src=\"https:\/\/www.grandepremio.com\/br\/wp-content\/uploads\/2020\/08\/351875_Pol-Espargaro_KTM-RC16_MotoGP_Automotodrom-Brno-_CZE_2020-08-07-3-1024x683.jpg\" alt=\"\" class=\"wp-image-404007\"\/><figcaption>Pol Espargar\u00f3 era merecedor da primeira vit\u00f3ria (Foto: KTM)<\/figcaption><\/figure>\n\n\n\n<p class=\"wp-block-paragraph\">\u201cPol fez todo o trabalho sujo e Brad chegou na hora certa. Voc\u00ea tem de dar a um novato uma moto em que se sinta confort\u00e1vel. Pol conseguiu coisas com nossa moto que foram quase milagres. Muitas vezes a levou muito mais al\u00e9m, e por isso que \u00e0s vezes t\u00ednhamos de tranquiliz\u00e1-lo\u201d, completou o dirigente ex-piloto de motocross.<\/p>\n\n\n\n<p class=\"wp-block-paragraph\">Mas a parceria entre piloto e equipe encerra ao final do ano. O motivo \u00e9 que <a href=\"https:\/\/www.grandepremio.com\/br\/motogp\/noticias\/antes-mesmo-de-estreia-alex-marquez-perde-vaga-na-honda-para-2021-pol-espargaro-e-substituto\/\">Pol vai par a Honda no pr\u00f3ximo ano<\/a> substituir \u00c1lex M\u00e1rquez, <a href=\"https:\/\/www.grandepremio.com\/br\/motogp\/noticias\/honda-agradece-crutchlow-por-trabalho-incansavel-e-deseja-sorte-no-futuros\/\">que desce para a LCR<\/a>. Quem substitui o #44 na KTM \u00e9 <a href=\"https:\/\/www.grandepremio.com\/br\/motogp\/noticias\/ktm-reduz-perda-da-saida-de-pol-espargaro-com-petrucci-e-corrige-injustica-com-oliveira\/\">Miguel Oliveira<\/a>, atualmente na Tech3.<\/p>\n\n\n\n<p class=\"wp-block-paragraph\">Atualmente, <a href=\"https:\/\/www.grandepremio.com\/br\/motogp\/classificacao\/?fl=true&amp;utm_source=lance\">Pol aparece em 11\u00ba na classifica\u00e7\u00e3o<\/a> com 19 pontos, enquanto Brad \u00e9 o quinto, nove tentos \u00e0 frente. Oliveira \u00e9 o 12\u00ba, apenas um ponto atr\u00e1s do espanhol.<\/p>\n\n\n\n<p class=\"wp-block-paragraph\">A pr\u00f3xima etapa acontece neste final de semana, o GP da \u00c1ustria, primeira da rodada dupla no Red Bull Ring.<\/p>\n\n\n\n<figure class=\"wp-block-embed-dailymotion wp-block-embed is-type-video is-provider-dailymotion wp-embed-aspect-16-9 wp-has-aspect-ratio\"><div class=\"wp-block-embed__wrapper\">\n<iframe loading=\"lazy\" title=\"Binder p\u00f5e CEREJA NO BOLO da KTM com VIT\u00d3RIA em Brno | GP \u00e0s 10\" frameborder=\"0\" width=\"500\" height=\"281\" src=\"https:\/\/geo.dailymotion.com\/player.html?video=x7vhxgd&#038;\" allowfullscreen allow=\"autoplay; fullscreen; picture-in-picture; web-share\"><\/iframe>\n<\/div><\/figure>\n\n\n","protected":false},"excerpt":{"rendered":"<p>Pit Beirer, chefe da equipe, destacou todo o trabalho &#8220;sujo&#8221; que o espanhol tem feito com a f\u00e1brica desde o in\u00edcio da parceria em 2017<\/p>\n","protected":false},"author":0,"featured_media":1000400181,"comment_status":"closed","ping_status":"closed","sticky":false,"template":"","format":"standard","meta":{"42wp_featured_image_caption":"","42wp_featured_image_credits":"","42wp_featured_video":"","42wp_featured_image_hidden":false,"42wp_authors_list":[],"footnotes":""},"categories":[8],"tags":[4087,25775,132,79,174,78,173,2431,24995,889],"42wp_author":[47109],"class_list":["post-128172","post","type-post","status-publish","format-standard","has-post-thumbnail","hentry","category-motogp","tag-brno","tag-gp-da-tchequia","tag-ktm","tag-moto-gp","tag-moto-gp-2020","tag-motogp","tag-motogp-2020","tag-pit-beirer","tag-pol-espargaro-2","tag-temporada-2020-motogp","42wp_author-redacao-gp"],"_links":{"self":[{"href":"https:\/\/grandepremio.com\/br\/wp-json\/wp\/v2\/posts\/128172","targetHints":{"allow":["GET"]}}],"collection":[{"href":"https:\/\/grandepremio.com\/br\/wp-json\/wp\/v2\/posts"}],"about":[{"href":"https:\/\/grandepremio.com\/br\/wp-json\/wp\/v2\/types\/post"}],"replies":[{"embeddable":true,"href":"https:\/\/grandepremio.com\/br\/wp-json\/wp\/v2\/comments?post=128172"}],"version-history":[{"count":0,"href":"https:\/\/grandepremio.com\/br\/wp-json\/wp\/v2\/posts\/128172\/revisions"}],"wp:featuredmedia":[{"embeddable":true,"href":"https:\/\/grandepremio.com\/br\/wp-json\/wp\/v2\/media\/1000400181"}],"wp:attachment":[{"href":"https:\/\/grandepremio.com\/br\/wp-json\/wp\/v2\/media?parent=128172"}],"wp:term":[{"taxonomy":"category","embeddable":true,"href":"https:\/\/grandepremio.com\/br\/wp-json\/wp\/v2\/categories?post=128172"},{"taxonomy":"post_tag","embeddable":true,"href":"https:\/\/grandepremio.com\/br\/wp-json\/wp\/v2\/tags?post=128172"},{"taxonomy":"42wp_author","embeddable":true,"href":"https:\/\/grandepremio.com\/br\/wp-json\/wp\/v2\/42wp_author?post=128172"}],"curies":[{"name":"wp","href":"https:\/\/api.w.org\/{rel}","templated":true}]}}