{"id":12818,"date":"2026-01-24T04:30:00","date_gmt":"2026-01-24T07:30:00","guid":{"rendered":"https:\/\/grandepremio.com\/br\/noticias\/alpine-se-antecipa-estipula-data-para-testar-a526-na-pista\/"},"modified":"2026-01-23T22:26:33","modified_gmt":"2026-01-24T01:26:33","slug":"alpine-se-antecipa-estipula-data-para-testar-a526-na-pista","status":"publish","type":"post","link":"https:\/\/grandepremio.com\/br\/f1\/alpine-se-antecipa-estipula-data-para-testar-a526-na-pista\/","title":{"rendered":"Alpine se antecipa e estipula data para testar A526 na pista"},"content":{"rendered":"\n<p class=\"wp-block-paragraph\">A <strong>Alpine <\/strong>se mostrou preparada para a temporada de 2026 durante a apresenta\u00e7\u00e3o realizada nesta sexta-feira (23). No lan\u00e7amento da <strong>A526<\/strong>, o novo carro da equipe francesa, o diretor-t\u00e9cnico David S\u00e1nchez afirmou que o time pretende ir \u00e0 pista j\u00e1 no primeiro dia de testes em Barcelona, garantindo que todos est\u00e3o prontos.<\/p>\n\n\n\n<p class=\"wp-block-paragraph\">Os testes come\u00e7am na pr\u00f3xima segunda-feira (26) e v\u00e3o at\u00e9 sexta (30); no entanto, cada equipe s\u00f3 poder\u00e1 participar de tr\u00eas dos cinco dias dispon\u00edveis. Enquanto <strong>McLaren e Ferrari<\/strong> confirmaram que n\u00e3o ir\u00e3o \u00e0 pista logo no in\u00edcio para priorizar ajustes nos carros, a Alpine quer acelerar o quanto antes.<\/p>\n\n\n\n<p class=\"wp-block-paragraph\">Entretanto, ainda existe um poss\u00edvel e reincidente contratempo. Como explicou S\u00e1nchez, o teste pr\u00e9vio de dois dias da Alpine correu bem, mas a quilometragem m\u00e1xima n\u00e3o foi atingida devido \u00e0 chuva, que pode voltar a ser um empecilho nesta segunda-feira.<\/p>\n\n\n\n<p class=\"wp-block-paragraph\">&#8220;Temos um plano e, at\u00e9 agora, estamos no cronograma. Na pr\u00f3xima semana, a inten\u00e7\u00e3o \u00e9 entrar na pista na segunda-feira e ver como ser\u00e1 o resto da semana. Olhando a previs\u00e3o do tempo, parece que no meio da semana haver\u00e1 alguma varia\u00e7\u00e3o, pode chover, ent\u00e3o decidiremos durante a manh\u00e3, entre as cinco e as nove horas, avaliando o tempo, se faz sentido entrar na pista ou n\u00e3o\u201d, disse S\u00e1nchez.<\/p>\n\n\n\n<figure class=\"wp-block-image size-full\"><img decoding=\"async\" src=\"https:\/\/www.grandepremio.com\/br\/wp-content\/uploads\/2026\/01\/G_ME7TjXAAA19vR.webp\" alt=\"\" class=\"wp-image-1051649\"\/><figcaption class=\"wp-element-caption\">(Foto: Reprodu\u00e7\u00e3o)<\/figcaption><\/figure>\n\n\n\n<p class=\"wp-block-paragraph\">&#8220;Sentimos que estamos prontos para come\u00e7ar. O teste de dois dias atr\u00e1s correu muito bem. Gostar\u00edamos de ter percorrido mais quil\u00f4metros, mas o tempo estava realmente p\u00e9ssimo, e acho que chegaremos a Barcelona com muito trabalho a fazer, come\u00e7ando na segunda-feira&#8221;, acrescentou o diretor t\u00e9cnico.<\/p>\n\n\n\n<p class=\"wp-block-paragraph\">\u201cO carro que voc\u00eas ver\u00e3o na segunda-feira j\u00e1 est\u00e1 bastante avan\u00e7ado, e j\u00e1 temos um bom plano para o in\u00edcio da temporada\u201d, finalizou S\u00e1nchez.<\/p>\n\n\n\n<p class=\"wp-block-paragraph\">A&nbsp;<strong><a href=\"https:\/\/www.grandepremio.com\/br\/f1\/\">F\u00f3rmula 1<\/a><\/strong>&nbsp;est\u00e1 de f\u00e9rias. Os carros voltam a acelerar de&nbsp;<strong>26 a 30 de janeiro<\/strong>&nbsp;em testes privados em&nbsp;<strong>Barcelona<\/strong>. Depois, seguem para o&nbsp;<strong>Bahrein&nbsp;<\/strong>para mais duas sess\u00f5es da pr\u00e9-temporada: de&nbsp;<strong>11 a 13 de fevereiro<\/strong>&nbsp;e de&nbsp;<strong>18 a 20 de fevereiro<\/strong>. O<strong>&nbsp;GRANDE PR\u00caMIO&nbsp;<\/strong>acompanha todas as atividades de 2026.<\/p>\n\n\n\n<p class=\"wp-block-paragraph\">\u25b6\ufe0f&nbsp;<strong>Inscreva-se nos dois canais do GRANDE PR\u00caMIO no YouTube:&nbsp;<a href=\"https:\/\/www.youtube.com\/channel\/UC9OlHEgxoaY6QY6nWPoiqQg?sub_confirmation=1\" target=\"_blank\" rel=\"noreferrer noopener\">GP<\/a>&nbsp;|&nbsp;<a href=\"https:\/\/www.youtube.com\/channel\/UC9csiS6q_C3C0FYhyr1rnFA?sub_confirmation=1\" target=\"_blank\" rel=\"noreferrer noopener\">GP2<\/a><\/strong><\/p>\n\n\n\n<h2 class=\"wp-block-heading\" id=\"h-f1-hoje-saiba-aqui-as-noticias-mais-importantes-do-dia-da-formula-1\"><strong>F1 hoje: saiba aqui as not\u00edcias mais importantes do dia da F\u00f3rmula 1<\/strong><\/h2>\n\n\n\n<p class=\"wp-block-paragraph\">\u25b6\ufe0f<strong>&nbsp;<a href=\"https:\/\/www.grandepremio.com\/br\/video\/f1\/ferrari-revela-sf-26-com-mistura-detalhes-brancos-pretos-para-f1-2026\/\">Ferrari revela SF-26 com mistura de detalhes brancos e pretos para F1 2026<\/a><br>\u25b6\ufe0f<\/strong>&nbsp;<strong><a href=\"https:\/\/www.grandepremio.com\/br\/f1\/noticias\/audi-aposta-formacao-pilotos-cria-programa-desenvolvimento-formula-1\/\">Audi aposta em forma\u00e7\u00e3o de pilotos e cria programa de desenvolvimento na F1<\/a><br>\u25b6\ufe0f&nbsp;<a href=\"https:\/\/www.grandepremio.com\/br\/f1\/noticias\/cadillac-analisa-o-que-pode-controlar-estabelece-meta-temporada-2026-f1\/\">Cadillac analisa \u201co que pode controlar\u201d e estabelece meta para temporada 2026 da F1<\/a><\/strong><\/p>\n\n\n\n<figure class=\"wp-block-embed is-type-video is-provider-youtube wp-block-embed-youtube wp-embed-aspect-16-9 wp-has-aspect-ratio\"><div class=\"wp-block-embed__wrapper\">\n<iframe loading=\"lazy\" title=\"ALPINE APRESENTA A526, CARRO PARA A F1 2026 | React\" width=\"500\" height=\"281\" src=\"https:\/\/www.youtube.com\/embed\/RGOch6DfrN0?feature=oembed\" frameborder=\"0\" allow=\"accelerometer; autoplay; clipboard-write; encrypted-media; gyroscope; picture-in-picture; web-share\" referrerpolicy=\"strict-origin-when-cross-origin\" allowfullscreen><\/iframe>\n<\/div><figcaption class=\"wp-element-caption\">ALPINE APRESENTA A526, CARRO PARA A F1 2026 | React<br><a href=\"https:\/\/www.youtube.com\/@grandepremio\"><\/a><br><\/figcaption><\/figure>\n","protected":false},"excerpt":{"rendered":"<p>Diretor t\u00e9cnico da Alpine na F\u00f3rmula 1, David Sanch\u00e9z, disse que a equipe espera ir \u00e0 pista j\u00e1 na pr\u00f3xima segunda-feira<\/p>\n","protected":false},"author":0,"featured_media":1001052142,"comment_status":"closed","ping_status":"closed","sticky":false,"template":"","format":"standard","meta":{"42wp_featured_image_caption":"","42wp_featured_image_credits":"","42wp_featured_video":"","42wp_featured_image_hidden":false,"42wp_authors_list":[],"footnotes":""},"categories":[2],"tags":[20491,26271,5273,34025,147,29516,29148,180,31425,28995,1491,28285,30840,35129,31470],"42wp_author":[47167],"class_list":["post-12818","post","type-post","status-publish","format-standard","has-post-thumbnail","hentry","category-f1","tag-alpine","tag-calendario-f1","tag-classificacao-f1","tag-david-sanchez","tag-f1","tag-f1-2026","tag-f1-hoje","tag-formula-1","tag-formula-1-2026","tag-formula-1-hoje","tag-grande-premio","tag-grandepremio","tag-horarios-f1","tag-onde-assistir-f1","tag-temporada-2026-f1","42wp_author-julia-palomares-aro"],"_links":{"self":[{"href":"https:\/\/grandepremio.com\/br\/wp-json\/wp\/v2\/posts\/12818","targetHints":{"allow":["GET"]}}],"collection":[{"href":"https:\/\/grandepremio.com\/br\/wp-json\/wp\/v2\/posts"}],"about":[{"href":"https:\/\/grandepremio.com\/br\/wp-json\/wp\/v2\/types\/post"}],"replies":[{"embeddable":true,"href":"https:\/\/grandepremio.com\/br\/wp-json\/wp\/v2\/comments?post=12818"}],"version-history":[{"count":0,"href":"https:\/\/grandepremio.com\/br\/wp-json\/wp\/v2\/posts\/12818\/revisions"}],"wp:featuredmedia":[{"embeddable":true,"href":"https:\/\/grandepremio.com\/br\/wp-json\/wp\/v2\/media\/1001052142"}],"wp:attachment":[{"href":"https:\/\/grandepremio.com\/br\/wp-json\/wp\/v2\/media?parent=12818"}],"wp:term":[{"taxonomy":"category","embeddable":true,"href":"https:\/\/grandepremio.com\/br\/wp-json\/wp\/v2\/categories?post=12818"},{"taxonomy":"post_tag","embeddable":true,"href":"https:\/\/grandepremio.com\/br\/wp-json\/wp\/v2\/tags?post=12818"},{"taxonomy":"42wp_author","embeddable":true,"href":"https:\/\/grandepremio.com\/br\/wp-json\/wp\/v2\/42wp_author?post=12818"}],"curies":[{"name":"wp","href":"https:\/\/api.w.org\/{rel}","templated":true}]}}