{"id":128193,"date":"2020-08-10T17:18:57","date_gmt":"2020-08-10T20:18:57","guid":{"rendered":"https:\/\/grandepremio.com\/br\/noticias\/formula-1-revela-planos-de-ter-22-corridas-em-calendario-mais-normal-em-2021\/"},"modified":"2020-08-10T17:19:01","modified_gmt":"2020-08-10T20:19:01","slug":"formula-1-revela-planos-de-ter-22-corridas-em-calendario-mais-normal-em-2021","status":"publish","type":"post","link":"https:\/\/grandepremio.com\/br\/f1\/formula-1-revela-planos-de-ter-22-corridas-em-calendario-mais-normal-em-2021\/","title":{"rendered":"F\u00f3rmula 1 revela planos de ter 22 corridas em calend\u00e1rio &#8220;mais normal&#8221; em 2021"},"content":{"rendered":"\n<p class=\"wp-block-paragraph\">Em anos normais, agosto representaria o per\u00edodo de f\u00e9rias da F\u00f3rmula 1 e o an\u00fancio do primeiro calend\u00e1rio da pr\u00f3xima temporada. Como 2020 \u00e9 algo at\u00edpico, os f\u00e3s ainda n\u00e3o sabem onde a categoria vai correr no ano que vem, mas Chase Carey tratou de tranquilizar a situa\u00e7\u00e3o.<\/p>\n\n\n\n<p class=\"wp-block-paragraph\">O mandat\u00e1rio revelou que a prioridade \u00e9 finalizar o calend\u00e1rio atual que ainda n\u00e3o tem corridas marcadas depois de 1 de novembro, quando a F1 realiza o GP da Em\u00edlia-Romanha, mas ele garantiu que o panorama de 2021 tende a ser semelhante com o planejado para 2020 antes da pandemia.<\/p>\n\n\n\n<p class=\"wp-block-paragraph\">&#8220;Ainda n\u00e3o anunciamos 2021 apenas porque nosso foco \u00e9 em 2020, mas estamos perto de finalizar. Temos alguns acordos para completar, com os termos j\u00e1 acertados, mas precisamos p\u00f4r no papel&#8221;, declarou Carey \u00e0 analistas de Wall Street, sem citar pra\u00e7as.<\/p>\n\n\n\n<figure class=\"wp-block-image size-large\"><img decoding=\"async\" src=\"https:\/\/www.grandepremio.com\/br\/wp-content\/uploads\/2020\/08\/000_1WE1QO-1024x551.jpg\" alt=\"\" class=\"wp-image-405228\"\/><figcaption>Largada do GP dos 70 Anos da F\u00f3rmula 1 (Foto: AFP)<\/figcaption><\/figure>\n\n\n\n<p class=\"wp-block-paragraph\">&#8220;Estamos planejando um 2021 que parece muito com o que esper\u00e1vamos ter no come\u00e7o do ano. E ent\u00e3o, obviamente, qualificamos que n\u00e3o temos melhor visibilidade do que ningu\u00e9m sobre como esse v\u00edrus vai se parecer \u00e0 medida que avan\u00e7amos&#8221;, completou.<\/p>\n\n\n\n<p class=\"wp-block-paragraph\">Quatro pra\u00e7as ainda aguardam renova\u00e7\u00e3o de contrato para realizarem corridas em 2021. Uma delas \u00e9 o Brasil, junto de Espanha, China e \u00c1ustria. Carey n\u00e3o mencionou diretamente, mas confirmou que planeja uma agenda de 22 eventos.<\/p>\n\n\n\n<p class=\"wp-block-paragraph\">&#8220;Eu acho que \u00e9 importante perceber que estamos h\u00e1 cerca de cinco meses no v\u00edrus, e ainda faltam sete meses para nossa temporada em mar\u00e7o. Portanto, h\u00e1 muito tempo, as conversas para vacinas, tratamentos, testes e coisas do g\u00eanero seguir\u00e3o evoluindo. Vamos correr em 22 pa\u00edses, ent\u00e3o lidamos com uma variedade de quest\u00f5es, mas estamos planejando 2021 com o que se parecia, provavelmente ser\u00e1 um calend\u00e1rio de 22 corridas&#8221;, concluiu.<\/p>\n\n\n\n<p class=\"wp-block-paragraph\">A F\u00f3rmula 1 n\u00e3o realizar\u00e1 corridas nas Am\u00e9ricas em 2020, cancelando as etapas do Brasil, Estados Unidos e M\u00e9xico. A \u00c1sia \u00e9 esperada para receber provas apenas no Oriente M\u00e9dio, no Bahrein e em Abu Dhabi, mas ainda aguarda confirma\u00e7\u00e3o.<\/p>\n\n\n\n<figure class=\"wp-block-image size-large\"><img decoding=\"async\" src=\"https:\/\/www.grandepremio.com\/br\/wp-content\/uploads\/2020\/05\/GPBrasil-e1595878496251-1024x575.jpg\" alt=\"\" class=\"wp-image-400818\"\/><figcaption>Hamilton anda com o W10 em Interlagos nos treinos livres do GP do Brasil (Foto: Mercedes)<\/figcaption><\/figure>\n\n\n\n<p class=\"wp-block-paragraph\">O GP do Brasil ainda aguarda um contrato para que a prova siga no aut\u00f3dromo de Interlagos, em S\u00e3o Paulo. Um projeto do cons\u00f3rcio Rio Motorsport apoiado pelo governo federal pretende levar a prova ao Rio de Janeiro, no inexistente aut\u00f3dromo de Deodoro.<\/p>\n\n\n\n<p class=\"wp-block-paragraph\">A F1 realizou cinco corridas em 2020, a mais recente delas foi o GP dos 70 Anos, no \u00faltimo domingo (9), em Silverstone. A pr\u00f3xima etapa acontece no dia 16, em Barcelona, na Espanha.<\/p>\n\n\n\n<figure class=\"wp-block-embed-youtube wp-block-embed is-type-video is-provider-youtube wp-embed-aspect-16-9 wp-has-aspect-ratio\"><div class=\"wp-block-embed__wrapper\">\n<iframe loading=\"lazy\" title=\"O que envolve o PROJETO do AUT\u00d3DROMO de DEODORO para a F1 | Cadeira Cativa #18\" width=\"500\" height=\"281\" src=\"https:\/\/www.youtube.com\/embed\/ZsCZWGuUxg4?feature=oembed\" frameborder=\"0\" allow=\"accelerometer; autoplay; clipboard-write; encrypted-media; gyroscope; picture-in-picture; web-share\" referrerpolicy=\"strict-origin-when-cross-origin\" allowfullscreen><\/iframe>\n<\/div><\/figure>\n","protected":false},"excerpt":{"rendered":"<p>Diretor-executivo da F\u00f3rmula 1, Chase Carey comentou que os planos para o calend\u00e1rio de 2021 s\u00e3o semelhantes ao original de 2020, mas n\u00e3o comentou sobre a indefini\u00e7\u00e3o de algumas pra\u00e7as, como o Brasil<\/p>\n","protected":false},"author":0,"featured_media":1000405231,"comment_status":"closed","ping_status":"closed","sticky":false,"template":"","format":"standard","meta":{"42wp_featured_image_caption":"","42wp_featured_image_credits":"","42wp_featured_video":"","42wp_featured_image_hidden":false,"42wp_authors_list":[],"footnotes":""},"categories":[2],"tags":[771,147,156,24837,24860,502],"42wp_author":[47109],"class_list":["post-128193","post","type-post","status-publish","format-standard","has-post-thumbnail","hentry","category-f1","tag-chase-carey","tag-f1","tag-f1-2021","tag-formula-1-2","tag-formula-1-2020-2","tag-gp-do-brasil","42wp_author-redacao-gp"],"_links":{"self":[{"href":"https:\/\/grandepremio.com\/br\/wp-json\/wp\/v2\/posts\/128193","targetHints":{"allow":["GET"]}}],"collection":[{"href":"https:\/\/grandepremio.com\/br\/wp-json\/wp\/v2\/posts"}],"about":[{"href":"https:\/\/grandepremio.com\/br\/wp-json\/wp\/v2\/types\/post"}],"replies":[{"embeddable":true,"href":"https:\/\/grandepremio.com\/br\/wp-json\/wp\/v2\/comments?post=128193"}],"version-history":[{"count":0,"href":"https:\/\/grandepremio.com\/br\/wp-json\/wp\/v2\/posts\/128193\/revisions"}],"wp:featuredmedia":[{"embeddable":true,"href":"https:\/\/grandepremio.com\/br\/wp-json\/wp\/v2\/media\/1000405231"}],"wp:attachment":[{"href":"https:\/\/grandepremio.com\/br\/wp-json\/wp\/v2\/media?parent=128193"}],"wp:term":[{"taxonomy":"category","embeddable":true,"href":"https:\/\/grandepremio.com\/br\/wp-json\/wp\/v2\/categories?post=128193"},{"taxonomy":"post_tag","embeddable":true,"href":"https:\/\/grandepremio.com\/br\/wp-json\/wp\/v2\/tags?post=128193"},{"taxonomy":"42wp_author","embeddable":true,"href":"https:\/\/grandepremio.com\/br\/wp-json\/wp\/v2\/42wp_author?post=128193"}],"curies":[{"name":"wp","href":"https:\/\/api.w.org\/{rel}","templated":true}]}}