{"id":128194,"date":"2020-08-10T16:47:19","date_gmt":"2020-08-10T19:47:19","guid":{"rendered":"https:\/\/grandepremio.com\/br\/noticias\/apos-vexame-audiencia-sobre-projeto-de-autodromo-do-rj-e-remarcada-para-dia-12\/"},"modified":"2020-08-10T18:51:06","modified_gmt":"2020-08-10T21:51:06","slug":"apos-vexame-audiencia-sobre-projeto-de-autodromo-do-rj-e-remarcada-para-dia-12","status":"publish","type":"post","link":"https:\/\/grandepremio.com\/br\/f1\/apos-vexame-audiencia-sobre-projeto-de-autodromo-do-rj-e-remarcada-para-dia-12\/","title":{"rendered":"Ap\u00f3s vexame, audi\u00eancia sobre projeto de aut\u00f3dromo do RJ \u00e9 remarcada para dia 12"},"content":{"rendered":"\n<figure class=\"wp-block-embed-youtube wp-block-embed is-type-video is-provider-youtube wp-embed-aspect-16-9 wp-has-aspect-ratio\"><div class=\"wp-block-embed__wrapper\">\n<iframe loading=\"lazy\" title=\"O que envolve o PROJETO do AUT\u00d3DROMO de DEODORO para a F1 | Cadeira Cativa #18\" width=\"500\" height=\"281\" src=\"https:\/\/www.youtube.com\/embed\/ZsCZWGuUxg4?feature=oembed\" frameborder=\"0\" allow=\"accelerometer; autoplay; clipboard-write; encrypted-media; gyroscope; picture-in-picture; web-share\" referrerpolicy=\"strict-origin-when-cross-origin\" allowfullscreen><\/iframe>\n<\/div><\/figure>\n\n\n\n<p class=\"wp-block-paragraph\">A Audi\u00eancia P\u00fablica virtual que discutir\u00e1 o Estudo de Impacto Ambiental da destrui\u00e7\u00e3o da Floresta do Camboat\u00e1 para favorecer o projeto de novo aut\u00f3dromo do Rio de Janeiro, em Deodoro, foi remarcada para a pr\u00f3xima quarta-feira, dia 12 de agosto, ap\u00f3s o fracasso na realiza\u00e7\u00e3o na data original.<\/p>\n\n\n\n<p class=\"wp-block-paragraph\">A reuni\u00e3o foi inicialmente marcada para a sexta-feira, dia 7 de agosto, e confirmada somente cerca de 24 horas antes do hor\u00e1rio marcado. A luz verde veio ap\u00f3s o desembargador F\u00e1bio Dutra <a href=\"https:\/\/www.grandepremio.com\/br\/f1\/noticias\/justica-suspende-liminar-e-libera-audiencia-para-projeto-do-autodromo-de-deodoro\/?fl=true&amp;utm_source=lance\">cassar a liminar expedida dias antes pela Justi\u00e7a do Rio<\/a> que <a href=\"https:\/\/www.grandepremio.com\/br\/f1\/noticias\/por-irregularidades-justica-suspende-audiencia-publica-virtual-sobre-autodromo-de-deodoro\/?fl=true&amp;utm_source=lance\">embargara a audi\u00eancia<\/a> por entender que o Conselho Estadual do Meio Ambiente (Conema) n\u00e3o seguiu o princ\u00edpio da legalidade administrativa e, portanto, \u00e9 irregular.<\/p>\n\n\n\n<p class=\"wp-block-paragraph\">Entretanto, na noite da sexta-feira, a confus\u00e3o. O primeiro link disponibilizado para que o p\u00fablico acompanhasse, via YouTube, foi modificado sem que aqueles que esperavam a reuni\u00e3o no endere\u00e7o virtual original fossem avisados. Cerca de 500 pessoas chegaram a esperar o desenrolar da audi\u00eancia enquanto ela acontecia em outro endere\u00e7o. Na sequ\u00eancia, o segundo link tamb\u00e9m caiu.<\/p>\n\n\n\n<p class=\"wp-block-paragraph\">Quanto \u00e0 participa\u00e7\u00e3o de quem gostaria de fazer perguntas, a entrada era pela plataforma Zoom. Apesar de 200 pessoas se inscreverem para participar, a plataforma comportava somente 100 participantes e, por isso, bloqueou a entrada de diversas pessoas.<\/p>\n\n\n\n<p class=\"wp-block-paragraph\">Os problemas iam al\u00e9m. At\u00e9 quem conseguia assistir pelo YouTube ou entrar no Zoom, tinha dificuldade de escutar a reuni\u00e3o e enxergar os slides que deveriam elucidar diversas quest\u00f5es.<\/p>\n\n\n\n<p class=\"wp-block-paragraph\">Minutos ap\u00f3s o \u00faltimo link cair e o evidenciamento da incapacidade t\u00e9cnica de ir at\u00e9 o fim com a reuni\u00e3o de forma limpa, a audi\u00eancia foi remarcada para a quarta-feira.<\/p>\n\n\n\n<p class=\"wp-block-paragraph\">O Movimento SOS Floresta, um dos grandes respons\u00e1veis pela defesa do local onde se pretende construir o aut\u00f3dromo, manifestou-se sobre o caso.<\/p>\n\n\n\n<p class=\"wp-block-paragraph\"><em>&#8220;A suspens\u00e3o da audi\u00eancia p\u00fablica virtual onde seria debatido o projeto de aut\u00f3dromo do Rio de Janeiro, na noite de ontem (7\/8\/2020), ap\u00f3s pouco mais de 30 minutos de iniciada, sob a alega\u00e7\u00e3o de &#8220;motivos de for\u00e7a maior&#8221;, poderia causar perplexidade. Poderia, n\u00e3o fosse este apenas mais um ato de trag\u00e9dia anunciada. Como diria o Bar\u00e3o de Itarar\u00e9, &#8216;onde menos se espera, da\u00ed \u00e9 que n\u00e3o vem nada mesmo.<\/em><\/p>\n\n\n\n<p class=\"wp-block-paragraph\"><em>O fiasco da noite passada \u00e9 apenas mais uma mostra do desrespeito para com o interesse p\u00fablico, que tem sido o tom dos principais interessados no empreendimento. A forma como v\u00eam conduzindo o processo, de maneira a\u00e7odada &#8211; ou &#8216;pisando fundo&#8217;, como eles mesmos gostam de dizer &#8211; e o festival de irregularidades e ilegalidades nas decis\u00f5es e preparativas para esta audi\u00eancia, n\u00e3o poderia ter tido outro resultado.<\/em><\/p>\n\n\n\n<p class=\"wp-block-paragraph\"><em>Desde a utiliza\u00e7\u00e3o de uma ferramenta de formul\u00e1rios eletr\u00f4nicos simpl\u00f3ria &#8211; que se mostrou inadequada logo nos primeiros dias de inscri\u00e7\u00e3o &#8211; at\u00e9 a disponibiliza\u00e7\u00e3o de uma plataforma de videoconfer\u00eancias com limite m\u00e1ximo de 100 pessoas quando sabia que havia mais de 200 inscritos para fazer uso da palavra, tudo parecia preparado para n\u00e3o dar certo. E n\u00e3o deu. Sem falar na inexist\u00eancia de informa\u00e7\u00f5es sobre o projeto e os estudos de impacto ambiental no site &#8211; &#8216;falha&#8217; s\u00f3 corrigida nos \u00faltimos dias, gra\u00e7as \u00e0 interven\u00e7\u00e3o do Minist\u00e9rio P\u00fablico &#8211; e na mudan\u00e7a repentina do canal de transmiss\u00e3o da audi\u00eancia, sem aviso algum \u00e0s centenas de pessoas que aguardavam no link divulgado durante 15 dias.<\/em><\/p>\n\n\n\n<p class=\"wp-block-paragraph\"><em>Necess\u00e1rio registrar que tais fatos n\u00e3o poderiam ocorrer sem a anu\u00eancia, coniv\u00eancia ou desleixo dos agentes p\u00fablicos respons\u00e1veis pelo licenciamento ambiental. Ao se portarem como promotores do empreendimento, perdem a imparcialidade e a credibilidade para exercerem as fun\u00e7\u00f5es inerentes aos seus cargos. O secret\u00e1rio do estado do Ambiente e Sustentabilidade, Altineu C\u00f4rtes, o diretor de licenciamento de Controle Ambiental, Maur\u00edcio Couto, t\u00eam dado sucessivas demonstra\u00e7\u00f5es de n\u00e3o estarem \u00e0 altura das atribui\u00e7\u00f5es pelas quais respondem.<\/em><\/p>\n\n\n\n<p class=\"wp-block-paragraph\"><em>A despeito da guerra de liminares que j\u00e1 se instaurou na seara judicial, o Movimento SOS Floresta do Camboat\u00e1 permanecer\u00e1 atento, diligente e a postos para defender os patrim\u00f4nios natural e p\u00fablico da cidade do Rio de Janeiro. Reiteramos o que \u00e9 evidente pelo nosso lema: N\u00e3o somos contra o empreendimento! Por\u00e9m, \u00e9 inaceit\u00e1vel que ele seja constru\u00eddo a partir da destrui\u00e7\u00e3o de uma \u00e1rea de Mata Atl\u00e2ntica com centenas de esp\u00e9cies, algumas delas tendo ali talvez o seu \u00faltimo ref\u00fagio na cidade.<\/em><\/p>\n\n\n\n<p class=\"wp-block-paragraph\"><em>O aut\u00f3dromo tem alternativas. A FLORESTA N\u00c3O!&#8221;<\/em>, finalizou.<\/p>\n\n\n\n<p class=\"wp-block-paragraph\">Al\u00e9m da audi\u00eancia p\u00fablica, a semana guarda ainda um novo desdobramento importante sobre o caso. Na quinta-feira, dia 13, a Assembleia Legislativa do Rio de Janeiro (ALERJ) vota o Projeto de Lei N\u00ba 4438\/2018, que, caso aprovado, incluir\u00e1 a Floresta do Camboat\u00e1 no que hoje \u00e9 o Parque Estadual do Mendanha.<\/p>\n\n\n\n<p class=\"wp-block-paragraph\">&#8220;A amplia\u00e7\u00e3o do Parque Estadual do Mendanha tem por objetivo proteger e conservar a qualidade ambiental e os atributos naturais existentes no fragmento florestal conhecido como Floresta de Deodoro [o Camboat\u00e1], um dos \u00faltimos remanescentes de Floresta Ombr\u00f3fila de Terras Baixas existentes no munic\u00edpio do Rio de Janeiro&#8221;, diz um dos artigos da PL.<\/p>\n\n\n\n<p class=\"wp-block-paragraph\">O projeto \u00e9 de autoria dos deputados federais Carlos Minc (PSB-RJ) e Andr\u00e9 Lazaroni (MDB-RJ) e foi apresentado em 2018. Contudo, passou quase dois anos sem que entrasse na pauta da assembleia.<\/p>\n","protected":false},"excerpt":{"rendered":"<p>Incapacidade de realizar reuni\u00e3o virtual de maneira que interessados pudessem acompanhar e questionar acabou inviabilizando primeira tentativa de audi\u00eancia, na \u00faltima sexta-feira. Em paralelo a isso, na pr\u00f3xima quinta-feira, ALERJ vota Projeto de Lei para transformar Camboat\u00e1 em Parque Estadual<\/p>\n","protected":false},"author":0,"featured_media":0,"comment_status":"closed","ping_status":"closed","sticky":false,"template":"","format":"standard","meta":{"42wp_featured_image_caption":"","42wp_featured_image_credits":"","42wp_featured_video":"","42wp_featured_image_hidden":false,"42wp_authors_list":[],"footnotes":""},"categories":[2],"tags":[],"42wp_author":[47109],"class_list":["post-128194","post","type-post","status-publish","format-standard","hentry","category-f1","42wp_author-redacao-gp"],"_links":{"self":[{"href":"https:\/\/grandepremio.com\/br\/wp-json\/wp\/v2\/posts\/128194","targetHints":{"allow":["GET"]}}],"collection":[{"href":"https:\/\/grandepremio.com\/br\/wp-json\/wp\/v2\/posts"}],"about":[{"href":"https:\/\/grandepremio.com\/br\/wp-json\/wp\/v2\/types\/post"}],"replies":[{"embeddable":true,"href":"https:\/\/grandepremio.com\/br\/wp-json\/wp\/v2\/comments?post=128194"}],"version-history":[{"count":0,"href":"https:\/\/grandepremio.com\/br\/wp-json\/wp\/v2\/posts\/128194\/revisions"}],"wp:attachment":[{"href":"https:\/\/grandepremio.com\/br\/wp-json\/wp\/v2\/media?parent=128194"}],"wp:term":[{"taxonomy":"category","embeddable":true,"href":"https:\/\/grandepremio.com\/br\/wp-json\/wp\/v2\/categories?post=128194"},{"taxonomy":"post_tag","embeddable":true,"href":"https:\/\/grandepremio.com\/br\/wp-json\/wp\/v2\/tags?post=128194"},{"taxonomy":"42wp_author","embeddable":true,"href":"https:\/\/grandepremio.com\/br\/wp-json\/wp\/v2\/42wp_author?post=128194"}],"curies":[{"name":"wp","href":"https:\/\/api.w.org\/{rel}","templated":true}]}}