{"id":128256,"date":"2020-08-09T08:20:00","date_gmt":"2020-08-09T11:20:00","guid":{"rendered":"https:\/\/grandepremio.com\/br\/noticias\/viscaal-passa-zendeli-na-ultima-volta-e-vence-corrida-2-da-2a-etapa-em-silverstone\/"},"modified":"2020-08-09T08:32:19","modified_gmt":"2020-08-09T11:32:19","slug":"viscaal-passa-zendeli-na-ultima-volta-e-vence-corrida-2-da-2a-etapa-em-silverstone","status":"publish","type":"post","link":"https:\/\/grandepremio.com\/br\/f3\/viscaal-passa-zendeli-na-ultima-volta-e-vence-corrida-2-da-2a-etapa-em-silverstone\/","title":{"rendered":"Viscaal passa Zendeli na \u00faltima volta e vence corrida 2 da 2\u00aa etapa em Silverstone"},"content":{"rendered":"\n<figure class=\"wp-block-embed-youtube wp-block-embed is-type-video is-provider-youtube wp-embed-aspect-16-9 wp-has-aspect-ratio\"><div class=\"wp-block-embed__wrapper\">\n<iframe loading=\"lazy\" title=\"O que envolve o PROJETO do AUT\u00d3DROMO de DEODORO para a F1 | Cadeira Cativa #18\" width=\"500\" height=\"281\" src=\"https:\/\/www.youtube.com\/embed\/ZsCZWGuUxg4?feature=oembed\" frameborder=\"0\" allow=\"accelerometer; autoplay; clipboard-write; encrypted-media; gyroscope; picture-in-picture; web-share\" referrerpolicy=\"strict-origin-when-cross-origin\" allowfullscreen><\/iframe>\n<\/div><\/figure>\n\n\n\n<p class=\"wp-block-paragraph\">A primeira vit\u00f3ria de Bent Viscaal na F\u00f3rmula 3 finalmente saiu. Neste domingo (9), o holand\u00eas da equipe MP levou a melhor em um \u00f3timo duelo de \u00faltima volta da corrida 2 da segunda etapa de Silverstone com o alem\u00e3o Lirim Zendeli e, assim, deixou para tr\u00e1s a frustra\u00e7\u00e3o da corrida 2 da Hungria, em que acabou perdendo o triunfo por puni\u00e7\u00f5es p\u00f3s-prova.<\/p>\n\n\n\n<p class=\"wp-block-paragraph\">A disputa entre os dois foi desenhada desde a largada, quando o pole Ben Barnicoat saiu de forma lenta e perdeu terreno. Zendeli tomou a ponta e por ali ficou at\u00e9 a \u00faltima volta, quando Viscaal, que o cercava, resolveu atacar. Os dois trocaram posi\u00e7\u00e3o por algumas curvas e, no fim, o holand\u00eas cruzou a linha de chegada com 0s189 de vantagem.<\/p>\n\n\n\n<p class=\"wp-block-paragraph\">Th\u00e9o Pourchaire voltou a aparecer bem e completou a corrida na terceira coloca\u00e7\u00e3o, somando mais um p\u00f3dio e bons pontos em sua temporada de novato. David Beckmann e Liam Lawson completaram o grupo dos cinco primeiros colocados e tiraram um pouco da dist\u00e2ncia para os l\u00edderes do campeonato.<\/p>\n\n\n\n<figure class=\"wp-block-image size-large\"><img decoding=\"async\" src=\"https:\/\/www.grandepremio.com\/br\/wp-content\/uploads\/2020\/08\/Bent-Viscaal-2.jpg\" alt=\"\" class=\"wp-image-405009\"\/><figcaption>Bent Viscaal venceu a corrida 2 da F3 em Silverstone (Foto: Dutch Photo Agency)<\/figcaption><\/figure>\n\n\n\n<p class=\"wp-block-paragraph\">Em sexto, Oscar Piastri n\u00e3o teve um grande dia, por mais que tenha chegado colado no grupo que vinha na frente, puxado por Pourchaire. De todo modo, o australiano chegou aos 105 pontos, 1 a menos que Logan Sargeant, que abandonou ap\u00f3s ter vencido a corrida 1.<\/p>\n\n\n\n<p class=\"wp-block-paragraph\">Frederik Vesti ficou na oitava coloca\u00e7\u00e3o, seguido por Cl\u00e9ment Novalak e pelo brasileiro Enzo Fittipaldi, que chegou aos 5 pontos na temporada ap\u00f3s ganhar boas posi\u00e7\u00f5es na prova. Igor Fraga foi o 11\u00ba em mais uma corrida de recupera\u00e7\u00e3o e \u00e9 21\u00ba no campeonato, enquanto Enzo vem em 18\u00ba.<\/p>\n\n\n\n<p class=\"wp-block-paragraph\">A F\u00f3rmula 3 volta na pr\u00f3xima semana com a rodada dupla da Catalunha, a sexta de nove etapas previstas no calend\u00e1rio.<\/p>\n\n\n\n<p class=\"wp-block-paragraph\">A largada do GP dos 70 Anos da&nbsp;<a href=\"https:\/\/www.grandepremio.com\/br\/f1\/\" target=\"_blank\" rel=\"noreferrer noopener\">F\u00f3rmula 1<\/a>&nbsp;est\u00e1 marcada para 10h10 (de Bras\u00edlia) deste domingo. O&nbsp;<strong>GRANDE PR\u00caMIO<\/strong>&nbsp;acompanha&nbsp;<strong>AO VIVO e em TEMPO REAL<\/strong>.<\/p>\n","protected":false},"excerpt":{"rendered":"<p>Bent Viscaal levou a melhor em um duelo animado com Lirim Zendeli na \u00faltima volta e conquistou o primeiro triunfo da carreira na F\u00f3rmula 3 na Inglaterra. Enzo Fittipaldi pontuou<\/p>\n","protected":false},"author":0,"featured_media":1000405010,"comment_status":"closed","ping_status":"closed","sticky":false,"template":"","format":"standard","meta":{"42wp_featured_image_caption":"","42wp_featured_image_credits":"","42wp_featured_video":"","42wp_featured_image_hidden":false,"42wp_authors_list":[],"footnotes":""},"categories":[10],"tags":[5449,409,1008,24945,1318,289,897,595,3632,25479],"42wp_author":[47109],"class_list":["post-128256","post","type-post","status-publish","format-standard","has-post-thumbnail","hentry","category-f3","tag-david-beckmann","tag-enzo-fittipaldi","tag-f3","tag-formula-3-2","tag-frederik-vesti","tag-igor-fraga","tag-inglaterra","tag-liam-lawson","tag-silverstone","tag-theo-pourchaire","42wp_author-redacao-gp"],"_links":{"self":[{"href":"https:\/\/grandepremio.com\/br\/wp-json\/wp\/v2\/posts\/128256","targetHints":{"allow":["GET"]}}],"collection":[{"href":"https:\/\/grandepremio.com\/br\/wp-json\/wp\/v2\/posts"}],"about":[{"href":"https:\/\/grandepremio.com\/br\/wp-json\/wp\/v2\/types\/post"}],"replies":[{"embeddable":true,"href":"https:\/\/grandepremio.com\/br\/wp-json\/wp\/v2\/comments?post=128256"}],"version-history":[{"count":0,"href":"https:\/\/grandepremio.com\/br\/wp-json\/wp\/v2\/posts\/128256\/revisions"}],"wp:featuredmedia":[{"embeddable":true,"href":"https:\/\/grandepremio.com\/br\/wp-json\/wp\/v2\/media\/1000405010"}],"wp:attachment":[{"href":"https:\/\/grandepremio.com\/br\/wp-json\/wp\/v2\/media?parent=128256"}],"wp:term":[{"taxonomy":"category","embeddable":true,"href":"https:\/\/grandepremio.com\/br\/wp-json\/wp\/v2\/categories?post=128256"},{"taxonomy":"post_tag","embeddable":true,"href":"https:\/\/grandepremio.com\/br\/wp-json\/wp\/v2\/tags?post=128256"},{"taxonomy":"42wp_author","embeddable":true,"href":"https:\/\/grandepremio.com\/br\/wp-json\/wp\/v2\/42wp_author?post=128256"}],"curies":[{"name":"wp","href":"https:\/\/api.w.org\/{rel}","templated":true}]}}