{"id":128284,"date":"2020-08-08T12:20:00","date_gmt":"2020-08-08T15:20:00","guid":{"rendered":"https:\/\/grandepremio.com\/br\/noticias\/ocon-e-punido-por-atrapalhar-russell-e-perde-3-posicoes-no-grid-do-gp-dos-70-anos\/"},"modified":"2020-08-08T12:23:31","modified_gmt":"2020-08-08T15:23:31","slug":"ocon-e-punido-por-atrapalhar-russell-e-perde-3-posicoes-no-grid-do-gp-dos-70-anos","status":"publish","type":"post","link":"https:\/\/grandepremio.com\/br\/f1\/ocon-e-punido-por-atrapalhar-russell-e-perde-3-posicoes-no-grid-do-gp-dos-70-anos\/","title":{"rendered":"Ocon \u00e9 punido por atrapalhar Russell e perde 3 posi\u00e7\u00f5es no grid do GP dos 70 anos"},"content":{"rendered":"\n<figure class=\"wp-block-embed-youtube wp-block-embed is-type-video is-provider-youtube wp-embed-aspect-16-9 wp-has-aspect-ratio\"><div class=\"wp-block-embed__wrapper\">\n<iframe loading=\"lazy\" title=\"O que envolve o PROJETO do AUT\u00d3DROMO de DEODORO para a F1 | Cadeira Cativa #18\" width=\"500\" height=\"281\" src=\"https:\/\/www.youtube.com\/embed\/ZsCZWGuUxg4?feature=oembed\" frameborder=\"0\" allow=\"accelerometer; autoplay; clipboard-write; encrypted-media; gyroscope; picture-in-picture; web-share\" referrerpolicy=\"strict-origin-when-cross-origin\" allowfullscreen><\/iframe>\n<\/div><\/figure>\n\n\n\n<p class=\"wp-block-paragraph\">Esteban Ocon n\u00e3o escapou de uma puni\u00e7\u00e3o por ter atrapalhado George Russell no<a href=\"https:\/\/www.grandepremio.com\/br\/f1\/noticias\/bottas-estraga-festa-de-hamilton-em-casa-e-e-pole-do-gp-dos-70-anos-da-formula-1\/?fl=true&amp;utm_source=lance\"> Q1 do GP dos 70 Anos <\/a>neste s\u00e1bado (8). Mesmo com o rival avan\u00e7ando de fase, o franc\u00eas perdeu tr\u00eas posi\u00e7\u00f5es no grid e, assim, vai largar em 14\u00ba, exatamente uma posi\u00e7\u00e3o na frente de Russell.<\/p>\n\n\n\n<p class=\"wp-block-paragraph\">Logo ap\u00f3s o incidente, George se queixou bastante no r\u00e1dio, dizendo que o incidente havia sido muito perigoso. Ocon, assim que voltou para os boxes, reconheceu para a equipe que estava em situa\u00e7\u00e3o complicada pelo enrosco. \u00c9 que a Renault avisou o franc\u00eas da presen\u00e7a do piloto da Williams muito tarde e, por pouco, os dois n\u00e3o colidiram.<\/p>\n\n\n\n<figure class=\"wp-block-image size-large\"><img decoding=\"async\" src=\"https:\/\/www.grandepremio.com\/br\/wp-content\/uploads\/2020\/08\/renault-estebanocon-02-2-1024x683.jpg\" alt=\"\" class=\"wp-image-404095\"\/><figcaption>Esteban Ocon caiu para 14\u00ba com a puni\u00e7\u00e3o (Foto: Renault)<\/figcaption><\/figure>\n\n\n\n<p class=\"wp-block-paragraph\">Ocon vinha em uma volta de aquecimento, mas mais r\u00e1pido que Antonio Giovinazzi, que estava na sua frente e ia voltando aos boxes. A\u00ed, quando foi ultrapassar o piloto da Alfa Romeo, acabou entrando perigosamente na frente de Russell, que vinha bem mais veloz, em volta de classifica\u00e7\u00e3o.<\/p>\n\n\n\n<p class=\"wp-block-paragraph\">No documento da puni\u00e7\u00e3o, os comiss\u00e1rios explicaram que a Renault n\u00e3o avisou Ocon da presen\u00e7a de Russell, s\u00f3 da de Giovinazzi, na frente. A Renault reconheceu o erro, n\u00e3o auxiliando Esteban em sua posi\u00e7\u00e3o na pista. Com Ocon caindo para 14\u00ba, Sebastian Vettel, Carlos Sainz Jr. e Romain Grosjean ganham uma posi\u00e7\u00e3o no grid.<\/p>\n\n\n\n<p class=\"wp-block-paragraph\">A largada do GP dos 70 Anos da\u00a0<a href=\"https:\/\/www.grandepremio.com\/br\/f1\/\" target=\"_blank\" rel=\"noreferrer noopener\">F\u00f3rmula 1<\/a>\u00a0est\u00e1 marcada para 10h10 (de Bras\u00edlia) deste domingo. O\u00a0<strong>GRANDE PR\u00caMIO<\/strong>\u00a0acompanha\u00a0<strong>AO VIVO e em TEMPO REAL<\/strong>.<\/p>\n","protected":false},"excerpt":{"rendered":"<p>Esteban Ocon bloqueou George Russell ainda no Q1 e, mesmo com o rival avan\u00e7ando ao Q2, acabou punido e vai largar de 14\u00ba na corrida deste domingo<\/p>\n","protected":false},"author":0,"featured_media":1000404094,"comment_status":"closed","ping_status":"closed","sticky":false,"template":"","format":"standard","meta":{"42wp_featured_image_caption":"","42wp_featured_image_credits":"","42wp_featured_video":"","42wp_featured_image_hidden":false,"42wp_authors_list":[],"footnotes":""},"categories":[2],"tags":[302,147,118,24837,24860,800,25720,229,3632,215],"42wp_author":[47117],"class_list":["post-128284","post","type-post","status-publish","format-standard","has-post-thumbnail","hentry","category-f1","tag-esteban-ocon","tag-f1","tag-f1-2020","tag-formula-1-2","tag-formula-1-2020-2","tag-george-russell","tag-gp-dos-70-anos","tag-renault","tag-silverstone","tag-williams","42wp_author-gabriel-curty"],"_links":{"self":[{"href":"https:\/\/grandepremio.com\/br\/wp-json\/wp\/v2\/posts\/128284","targetHints":{"allow":["GET"]}}],"collection":[{"href":"https:\/\/grandepremio.com\/br\/wp-json\/wp\/v2\/posts"}],"about":[{"href":"https:\/\/grandepremio.com\/br\/wp-json\/wp\/v2\/types\/post"}],"replies":[{"embeddable":true,"href":"https:\/\/grandepremio.com\/br\/wp-json\/wp\/v2\/comments?post=128284"}],"version-history":[{"count":0,"href":"https:\/\/grandepremio.com\/br\/wp-json\/wp\/v2\/posts\/128284\/revisions"}],"wp:featuredmedia":[{"embeddable":true,"href":"https:\/\/grandepremio.com\/br\/wp-json\/wp\/v2\/media\/1000404094"}],"wp:attachment":[{"href":"https:\/\/grandepremio.com\/br\/wp-json\/wp\/v2\/media?parent=128284"}],"wp:term":[{"taxonomy":"category","embeddable":true,"href":"https:\/\/grandepremio.com\/br\/wp-json\/wp\/v2\/categories?post=128284"},{"taxonomy":"post_tag","embeddable":true,"href":"https:\/\/grandepremio.com\/br\/wp-json\/wp\/v2\/tags?post=128284"},{"taxonomy":"42wp_author","embeddable":true,"href":"https:\/\/grandepremio.com\/br\/wp-json\/wp\/v2\/42wp_author?post=128284"}],"curies":[{"name":"wp","href":"https:\/\/api.w.org\/{rel}","templated":true}]}}