{"id":128288,"date":"2020-08-08T11:39:31","date_gmt":"2020-08-08T14:39:31","guid":{"rendered":"https:\/\/grandepremio.com\/br\/noticias\/hamilton-lamenta-volta-nao-tao-boa-e-se-rende-a-otimo-trabalho-de-bottas\/"},"modified":"2020-08-08T11:39:36","modified_gmt":"2020-08-08T14:39:36","slug":"hamilton-lamenta-volta-nao-tao-boa-e-se-rende-a-otimo-trabalho-de-bottas","status":"publish","type":"post","link":"https:\/\/grandepremio.com\/br\/f1\/hamilton-lamenta-volta-nao-tao-boa-e-se-rende-a-otimo-trabalho-de-bottas\/","title":{"rendered":"Hamilton lamenta volta &#8220;n\u00e3o t\u00e3o boa&#8221; e se rende a &#8220;\u00f3timo trabalho&#8221; de Bottas"},"content":{"rendered":"\n<figure class=\"wp-block-embed-youtube wp-block-embed is-type-video is-provider-youtube wp-embed-aspect-16-9 wp-has-aspect-ratio\"><div class=\"wp-block-embed__wrapper\">\n<iframe loading=\"lazy\" title=\"O que envolve o PROJETO do AUT\u00d3DROMO de DEODORO para a F1 | Cadeira Cativa #18\" width=\"500\" height=\"281\" src=\"https:\/\/www.youtube.com\/embed\/ZsCZWGuUxg4?start=59&amp;feature=oembed\" frameborder=\"0\" allow=\"accelerometer; autoplay; clipboard-write; encrypted-media; gyroscope; picture-in-picture; web-share\" referrerpolicy=\"strict-origin-when-cross-origin\" allowfullscreen><\/iframe>\n<\/div><\/figure>\n\n\n\n<p class=\"wp-block-paragraph\">Lewis Hamilton parecia com a pole position assegurada para o GP dos 70 Anos da F\u00f3rmula 1 quando melhorou o tempo nos segundos finais do Q3 e marcou 1min25s217. Instantes depois, no entanto, o companheiro de equipe Valtteri Bottas <a href=\"https:\/\/www.grandepremio.com\/br\/f1\/noticias\/bottas-estraga-festa-de-hamilton-em-casa-e-e-pole-do-gp-dos-70-anos-da-formula-1\/\">tomou o primeiro posto da classifica\u00e7\u00e3o<\/a>.<\/p>\n\n\n\n<p class=\"wp-block-paragraph\">Apesar de ainda largar na primeira fila, ocupando a segunda posi\u00e7\u00e3o, o brit\u00e2nico n\u00e3o mostrou-se satisfeito com a \u00faltima tentativa no treino classificat\u00f3rio e lamentou n\u00e3o conquistar mais uma pole position.<\/p>\n\n\n\n<p class=\"wp-block-paragraph\">&#8220;N\u00e3o foi t\u00e3o bom. Valtteri fez um \u00f3timo trabalho e merece a pole, mas n\u00e3o encontrei uma volta perfeita&#8221;, afirmou o piloto da Mercedes.<\/p>\n\n\n\n<figure class=\"wp-block-image size-large\"><img decoding=\"async\" src=\"https:\/\/www.grandepremio.com\/br\/wp-content\/uploads\/2020\/08\/mercedes-lewishamilton-01-1-1024x683.jpg\" alt=\"\" class=\"wp-image-404076\"\/><figcaption>Lewis Hamilton n\u00e3o gostou da \u00faltima tentativa no Q3 em Silverstone (Foto: Mercedes)<\/figcaption><\/figure>\n\n\n\n<p class=\"wp-block-paragraph\">O hexacampe\u00e3o mundial tamb\u00e9m j\u00e1 comentou sobre as poss\u00edveis estrat\u00e9gias para a corrida. Hamilton acredita que os pneus mais macios disponibilizados pela Pirelli para este fim de semana devem dificultar a situa\u00e7\u00e3o de muitos pilotos na corrida.<\/p>\n\n\n\n<p class=\"wp-block-paragraph\">&#8220;N\u00e3o acredito que muitas equipes v\u00e3o conseguir fazer apenas uma parada amanh\u00e3, ent\u00e3o vamos ver como as coisas se desenrolam&#8221;, finalizou.<\/p>\n\n\n\n<p class=\"wp-block-paragraph\">O <strong>GRANDE PR\u00caMIO<\/strong> acompanha <a href=\"https:\/\/www.grandepremio.com\/br\/ao-vivo\/f1\/\">AO VIVO e em TEMPO REAL<\/a> todas as atividades do GP dos 70 Anos, quinta etapa da temporada 2020 da F\u00f3rmula 1.<\/p>\n","protected":false},"excerpt":{"rendered":"<p>Ap\u00f3s perder a pole position para o companheiro de equipe nos segundos finais da classifica\u00e7\u00e3o para o GP dos 70 Anos, Lewis Hamilton elogiou Valtteri Bottas e analisou a estrat\u00e9gia para a corrida: poucos devem fazer apenas uma parada nos boxes<\/p>\n","protected":false},"author":0,"featured_media":1000404578,"comment_status":"closed","ping_status":"closed","sticky":false,"template":"","format":"standard","meta":{"42wp_featured_image_caption":"","42wp_featured_image_credits":"","42wp_featured_video":"","42wp_featured_image_hidden":false,"42wp_authors_list":[],"footnotes":""},"categories":[2],"tags":[118,24837,24860,25720,2810,87,82],"42wp_author":[47135],"class_list":["post-128288","post","type-post","status-publish","format-standard","has-post-thumbnail","hentry","category-f1","tag-f1-2020","tag-formula-1-2","tag-formula-1-2020-2","tag-gp-dos-70-anos","tag-hamilton","tag-lewis-hamilton","tag-mercedes","42wp_author-pedro-luis-cuenca"],"_links":{"self":[{"href":"https:\/\/grandepremio.com\/br\/wp-json\/wp\/v2\/posts\/128288","targetHints":{"allow":["GET"]}}],"collection":[{"href":"https:\/\/grandepremio.com\/br\/wp-json\/wp\/v2\/posts"}],"about":[{"href":"https:\/\/grandepremio.com\/br\/wp-json\/wp\/v2\/types\/post"}],"replies":[{"embeddable":true,"href":"https:\/\/grandepremio.com\/br\/wp-json\/wp\/v2\/comments?post=128288"}],"version-history":[{"count":0,"href":"https:\/\/grandepremio.com\/br\/wp-json\/wp\/v2\/posts\/128288\/revisions"}],"wp:featuredmedia":[{"embeddable":true,"href":"https:\/\/grandepremio.com\/br\/wp-json\/wp\/v2\/media\/1000404578"}],"wp:attachment":[{"href":"https:\/\/grandepremio.com\/br\/wp-json\/wp\/v2\/media?parent=128288"}],"wp:term":[{"taxonomy":"category","embeddable":true,"href":"https:\/\/grandepremio.com\/br\/wp-json\/wp\/v2\/categories?post=128288"},{"taxonomy":"post_tag","embeddable":true,"href":"https:\/\/grandepremio.com\/br\/wp-json\/wp\/v2\/tags?post=128288"},{"taxonomy":"42wp_author","embeddable":true,"href":"https:\/\/grandepremio.com\/br\/wp-json\/wp\/v2\/42wp_author?post=128288"}],"curies":[{"name":"wp","href":"https:\/\/api.w.org\/{rel}","templated":true}]}}