{"id":128298,"date":"2020-08-08T09:57:00","date_gmt":"2020-08-08T12:57:00","guid":{"rendered":"https:\/\/grandepremio.com\/br\/noticias\/zarco-surpreende-bate-favoritos-e-larga-na-pole-em-brno-quartararo-sai-em-2o\/"},"modified":"2020-08-08T16:34:11","modified_gmt":"2020-08-08T19:34:11","slug":"zarco-surpreende-bate-favoritos-e-larga-na-pole-em-brno-quartararo-sai-em-2o","status":"publish","type":"post","link":"https:\/\/grandepremio.com\/br\/motogp\/zarco-surpreende-bate-favoritos-e-larga-na-pole-em-brno-quartararo-sai-em-2o\/","title":{"rendered":"Zarco surpreende, bate favoritos e larga na pole em Brno. Quartararo sai em 2\u00ba"},"content":{"rendered":"\n<p class=\"wp-block-paragraph\"><strong>LEIA TAMB\u00c9M<br><a href=\"https:\/\/www.grandepremio.com\/br\/motogp\/noticias\/testes-mascaras-marmitas-e-entrevistas-a-distancia-motogp-tem-nova-rotina-na-pandemia\/\">M\u00e1scaras, marmitas, dist\u00e2ncia e confinamento: a nova rotina da pandemia na&nbsp;<\/a><a href=\"https:\/\/www.grandepremio.com\/br\/motogp\/\" target=\"_blank\" rel=\"noreferrer noopener\">MotoGP<\/a><\/strong><br><strong><a href=\"https:\/\/grandepremium.com.br\/lado-a-lado\/materias\/le-jour-de-gloire-est-arrive\/\">Le jour de gloire est arriv\u00e9!: Quartararo reescreve hist\u00f3ria da Fran\u00e7a na MotoGP<\/a><\/strong><\/p>\n\n\n\n<p class=\"wp-block-paragraph\">Johann Zarco foi a surpresa da classifica\u00e7\u00e3o da MotoGP neste s\u00e1bado (8). Mesmo com uma Ducati ultrapassada, o piloto da Avintia deixou para tr\u00e1s os favoritos e cravou a pole com 1min55s687. \u00c9 a quinta vez que o franc\u00eas larga na posi\u00e7\u00e3o de honra na classe rainha, a primeira com a Desmosedici GP19.<\/p>\n\n\n\n<p class=\"wp-block-paragraph\">Fabio Quartararo ainda tentou brigar, mas caiu nos metros finais do tra\u00e7ado Masaryk e ficou a 0s303 do conterr\u00e2neo. S\u00f3 0s008 mais lento que o l\u00edder do Mundial, Franco Morbidelli fechou a primeira fila. O \u00edtalo-brasileiro caiu no TL4 e perdeu um pouco da sensibilidade com a YZR-M1.<\/p>\n\n\n\n<figure class=\"wp-block-image size-large\"><img decoding=\"async\" src=\"https:\/\/www.grandepremio.com\/br\/wp-content\/uploads\/2020\/08\/Ee1TcELWAAAO8pp.jpg\" alt=\"\" class=\"wp-image-404469\"\/><figcaption>Johann Zarco faz sua primeira temporada com uma Ducati (Foto: Reprodu\u00e7\u00e3o)<\/figcaption><\/figure>\n\n\n\n<p class=\"wp-block-paragraph\">Mais lento 0s387, Aleix vai abrir a segunda linha do grid, seguido por Maverick Vi\u00f1ales. Pol Espargar\u00f3 aparece em sexto, s\u00f3 0s157 mais r\u00e1pido que Brad Binder, o s\u00e9timo.<\/p>\n\n\n\n<p class=\"wp-block-paragraph\">Danilo Petrucci ficou com o oitavo tempo, seguido por Joan Mir. Com 1s56s515, Valentino Rossi acabou apenas em d\u00e9cimo, \u00e0 frente do lesionado \u00c1lex Rins, que fez s\u00f3 metade final da sess\u00e3o. Crutchlow foi 12\u00ba.<\/p>\n\n\n\n<p class=\"wp-block-paragraph\">Por 0s037, Miguel Oliveira foi eliminado no Q1 e vai largar em 13\u00ba, \u00e0 frente de Jack Miller, Tito Rabat e Iker Lecuona. Longe de impressionar como no segundo fim de semana em Jerez, Takaaki Nakagami teve sua melhor volta cancelada por exceder os limites da pista na curva 12 e, com 1min56s290, vai sair em 17\u00ba.<\/p>\n\n\n\n<p class=\"wp-block-paragraph\">Andrea Dovizioso, por sua vez, teve um s\u00e1bado para esquecer. O italiano foi 0s804 mais lento que o melhor tempo de \u00c1lex Rins no Q1 e vai largar apenas em 18\u00ba, \u00e0 frente de Bradley Smith.<\/p>\n\n\n\n<p class=\"wp-block-paragraph\">A situa\u00e7\u00e3o da Ducati s\u00f3 n\u00e3o \u00e9 pior que a da Honda, que ficou com as duas \u00faltimas coloca\u00e7\u00f5es do grid com a equipe oficial. Substituto de Marc M\u00e1rquez, Stefan Bradl anotou 1min57s573 e vai largar em pen\u00faltimo, com um \u00c1lex M\u00e1rquez 0s033 mais lento para ficar com o \u00faltimo posto.<\/p>\n\n\n\n<p class=\"wp-block-paragraph\">O&nbsp;<strong>GRANDE PR\u00caMIO<\/strong>&nbsp;acompanha todas as atividades do&nbsp;<a href=\"https:\/\/www.grandepremio.com\/br\/motogp\/ultimas-noticias\">GP da Tch\u00e9quia<\/a>, quarta etapa do Mundial de&nbsp;<a href=\"https:\/\/www.grandepremio.com\/br\/motogp\/\" target=\"_blank\" rel=\"noreferrer noopener\">Motovelocidade<\/a>&nbsp;2020.<\/p>\n\n\n\n<h4 class=\"wp-block-heading\"><strong>Quartararo lidera quarto treino da MotoGP em Brno<\/strong><\/h4>\n\n\n\n<p class=\"wp-block-paragraph\">Ap\u00f3s a Moto3, chegou a vez da MotoGP ir ao tra\u00e7ado tcheco. No momento do quarto treino livre, o tempo estava firme, com o term\u00f4metro chegando a 31\u00baC e o asfalto j\u00e1 batendo 47\u00baC. A umidade estava em 34% e o vento soprava a 6 km\/h.<\/p>\n\n\n\n<p class=\"wp-block-paragraph\">Na escolha de pneus, Fabio Quartararo, Pol Espargar\u00f3, Cal Crutchlow, \u00c1lex M\u00e1rquez, \u00c1lex Rins, Iker Lecuona, Danilo Petrucci, Miguel Oliveira e Brad Binder foram de duro dianteiro e macio traseiro. Takaaki Nakagami, Franco Morbidelli, Jack Miller, Johann Zarco, Bradley Smith, Andrea Dovizioso, Tito Rabat e Stefan Bradl foram de duro e m\u00e9dio. Valentino Rossi e Maverick Vi\u00f1ales apostaram em um par de m\u00e9dios, com Joan Mir escolhendo m\u00e9dio e macio.<\/p>\n\n\n\n<p class=\"wp-block-paragraph\">Com cinco minutos de sess\u00e3o j\u00e1 completados em Brno, Quartararo vinha na primeira coloca\u00e7\u00e3o com 1min57s134. O franc\u00eas era o \u00fanico que virava 1min57s baixo e puxava uma trinca da Yamaha com Morbidelli e Rossi na sequ\u00eancia.<\/p>\n\n\n\n<p class=\"wp-block-paragraph\">Entretanto, Pol Espargar\u00f3 decidiu acabar com a festa da casa de Iwata e com uma marca apenas 0s109 inferior ao do #20, se colocou na segunda posi\u00e7\u00e3o. Nakagami tamb\u00e9m se intrometeu e era o terceiro.<\/p>\n\n\n\n<p class=\"wp-block-paragraph\">\u00danico M\u00e1rquez na pista no GP da Tch\u00e9quia, \u00c1lex foi a primeira v\u00edtima da sess\u00e3o. Com pouco mais de seis minutos fechados no cron\u00f4metro, o espanhol foi ao ch\u00e3o na curva 8. Logo se levantou e contou com ajuda dos fiscais para retomar a atividade.<\/p>\n\n\n\n<figure class=\"wp-block-embed-twitter wp-block-embed is-type-rich is-provider-twitter\"><div class=\"wp-block-embed__wrapper\">\n<blockquote class=\"twitter-tweet\" data-width=\"500\" data-dnt=\"true\"><p lang=\"en\" dir=\"ltr\">That&#39;s far from ideal! \ud83d\udca5<a href=\"https:\/\/x.com\/alexmarquez73?ref_src=twsrc%5Etfw\">@alexmarquez73<\/a> takes a tumble early in FP4! \ud83d\ude2e<a href=\"https:\/\/x.com\/hashtag\/CzechGP?src=hash&amp;ref_src=twsrc%5Etfw\">#CzechGP<\/a> \ud83c\udde8\ud83c\uddff <a href=\"https:\/\/t.co\/rXxRLZJSBW\">pic.twitter.com\/rXxRLZJSBW<\/a><\/p>&mdash; MotoGP\u2122\ud83c\udfc1 (@MotoGP) <a href=\"https:\/\/x.com\/MotoGP\/status\/1292062917244915714?ref_src=twsrc%5Etfw\">August 8, 2020<\/a><\/blockquote><script async src=\"https:\/\/platform.x.com\/widgets.js\" charset=\"utf-8\"><\/script>\n<\/div><\/figure>\n\n\n\n<p class=\"wp-block-paragraph\">N\u00e3o demorou muito e o italiano da Yamaha SRT cometeu o primeiro erro do fim de semana. O \u00edtalo-brasileiro, quando estava na quarta coloca\u00e7\u00e3o da tabela, acabou caindo na curva 11, mas saiu ileso do incidente.<\/p>\n\n\n\n<figure class=\"wp-block-embed-twitter wp-block-embed is-type-rich is-provider-twitter\"><div class=\"wp-block-embed__wrapper\">\n<blockquote class=\"twitter-tweet\" data-width=\"500\" data-dnt=\"true\"><p lang=\"en\" dir=\"ltr\">We shouldn&#39;t have said anything!!! \ud83d\ude2e<a href=\"https:\/\/x.com\/FrankyMorbido12?ref_src=twsrc%5Etfw\">@FrankyMorbido12<\/a> sends himself into the gravel at Turn 11! \ud83d\udca5<a href=\"https:\/\/x.com\/hashtag\/CzechGP?src=hash&amp;ref_src=twsrc%5Etfw\">#CzechGP<\/a> \ud83c\udde8\ud83c\uddff <a href=\"https:\/\/t.co\/LAa5DgG2BI\">pic.twitter.com\/LAa5DgG2BI<\/a><\/p>&mdash; MotoGP\u2122\ud83c\udfc1 (@MotoGP) <a href=\"https:\/\/x.com\/MotoGP\/status\/1292063865707134977?ref_src=twsrc%5Etfw\">August 8, 2020<\/a><\/blockquote><script async src=\"https:\/\/platform.x.com\/widgets.js\" charset=\"utf-8\"><\/script>\n<\/div><\/figure>\n\n\n\n<p class=\"wp-block-paragraph\">Dovizioso vinha em desempenho bastante discreto ao longo da etapa tcheca. Mostrando dificuldade com a Desmosedici, s\u00f3 entrou no top-10 com menos de dois minutos para o fim, colocando-se em sexto. O italiano teria de passar pelo Q1 da classifica\u00e7\u00e3o.<\/p>\n\n\n\n<p class=\"wp-block-paragraph\">A ordem ficou com Quartararo e o tempo de 1min56s959, Pol Espargar\u00f3 apenas 0s008 atr\u00e1s do franc\u00eas, Morbidelli, Rins e Rossi completando os cinco primeiros colocados e reafirmando a for\u00e7a da Yamaha.<\/p>\n\n\n\n<h4 class=\"wp-block-heading\"><strong>Rins e Binder conseguem avan\u00e7ar ao Q2; \u00c1lex M\u00e1rquez larga em \u00faltimo<\/strong><\/h4>\n\n\n\n<p class=\"wp-block-paragraph\">Na primeira fase da classifica\u00e7\u00e3o os pilotos que teriam de brigar pelas duas \u00faltimas vagas pelo Q2 eram Rins, Nakagami, Dovizioso, Oliveira, Miller, Binder, Rabat, Smith, M\u00e1rquez, Bradl e Lecuona.<\/p>\n\n\n\n<p class=\"wp-block-paragraph\">A maior parte dos pilotos optou por pneu duro dianteiro e macio traseiro, com Rins e Miller fugindo da maioria e indo de m\u00e9dio e macio.<\/p>\n\n\n\n<p class=\"wp-block-paragraph\">Com 1min56s890, o #42 da Suzuki foi o primeiro a liderar a sess\u00e3o e a virar na casa de 1min56s. Quem vinha na sequ\u00eancia era Tito, 0s372 mais lento que o ponteiro.<\/p>\n\n\n\n<p class=\"wp-block-paragraph\">Entretanto, as posi\u00e7\u00f5es pouco duraram, pois a medida que os giros r\u00e1pidos iam sendo conclu\u00eddos, as coisas mudaram na tabela. Binder saltou para a ponta com a KTM e era o mais r\u00e1pido, 0s061 mais veloz que Miller, o segundo.<\/p>\n\n\n\n<p class=\"wp-block-paragraph\">O sul-africano n\u00e3o aliviava o ritmo e virava como o mais r\u00e1pido de todos os setores em sua terceira volta. Quem mais se aproximava do desempenho do #33 era Nakagami, que perdeu no trecho final e saltou para terceiro, 0s531 atr\u00e1s do ponteiro.<\/p>\n\n\n\n<p class=\"wp-block-paragraph\">Com pouco mais de cinco minutos para o fim, Smith protagonizou uma queda na sess\u00e3o. Na curva 8, o piloto acabou derrapando e caindo, com sua moto atravessando a caixa de brita e acertando com for\u00e7a o muro de prote\u00e7\u00e3o.<\/p>\n\n\n\n<p class=\"wp-block-paragraph\">Restando pouco tempo no cron\u00f4metro, Dovizioso chegou a marcar volta r\u00e1pida, mas por infringir uma bandeira amarela, teve seu tempo deletado. O italiano estava na 10\u00aa coloca\u00e7\u00e3o da sess\u00e3o e, portanto, na 20\u00aa coloca\u00e7\u00e3o virtual. Quando completou o quinto giro, pulou para sexto.<\/p>\n\n\n\n<p class=\"wp-block-paragraph\">Nos \u00faltimos segundos, Rins tratou de melhorar seu tempo para 1min56s230 e saltar para primeiro. O espanhol foi acompanhado por Nakagami, mas Binder apareceu na bandeira quadriculada para avan\u00e7ar ao Q2 com o piloto da Suzuki.<\/p>\n\n\n\n<p class=\"wp-block-paragraph\">A classifica\u00e7\u00e3o foi complicada para pilotos de f\u00e1brica como Dovizioso, que fechou em \u00faltimo e larga em 18\u00ba, Stefan Bradl, que \u00e9 o 20\u00ba, e \u00c1lex M\u00e1rquez, que sai apenas da \u00faltima coloca\u00e7\u00e3o do pelot\u00e3o.<\/p>\n\n\n\n<h4 class=\"wp-block-heading\"><strong>Zarco bate favoritos e consegue quinta pole na MotoGP<\/strong><\/h4>\n\n\n\n<p class=\"wp-block-paragraph\">Come\u00e7ada a \u00faltima parte da classifica\u00e7\u00e3o e a dupla se juntou a Morbidelli, Quartararo, Pol Espargar\u00f3, Rossi, Aleix Espargar\u00f3, Mir, Crutchlow, Vi\u00f1ales, Petrucci e Zarco para tentar brigar pela posi\u00e7\u00e3o de honra do grid.<\/p>\n\n\n\n<p class=\"wp-block-paragraph\">O irm\u00e3o Espargar\u00f3 da KTM foi o primeiro a anotar marca veloz ao anotar 1min56s142. Entretanto, o reinado do espanhol pouco durou, pois Quartararo deu volta voadora para cravar 1min55s990, ser o primeiro do fim de semana a rodar em 1min55s e saltar para primeiro.<\/p>\n\n\n\n<p class=\"wp-block-paragraph\">Mais uma vez, a dupla da equipe de f\u00e1brica da Yamaha era quem destoava da escolha de pneus. Tanto Rossi, o sexto colocado, quanto Vi\u00f1ales, o quarto, estavam com m\u00e9dio dianteiro e macio traseiro. Todo o resto do pelot\u00e3o estava de duro e macio.<\/p>\n\n\n\n<p class=\"wp-block-paragraph\">Aleix Espargar\u00f3 surgia como a grande surpresa da sess\u00e3o. O espanhol da Aprilia aparecia na segunda coloca\u00e7\u00e3o ao fazer tempo de 1min56s074, apenas 0s084 mais lento que \u2018El Diablo\u2019. Vi\u00f1ales vinha para fechar a primeira fila virtual.<\/p>\n\n\n\n<figure class=\"wp-block-embed-twitter wp-block-embed is-type-rich is-provider-twitter\"><div class=\"wp-block-embed__wrapper\">\n<blockquote class=\"twitter-tweet\" data-width=\"500\" data-dnt=\"true\"><p lang=\"en\" dir=\"ltr\">A late start, but he&#39;s making up for lost time! \ud83d\udc40<a href=\"https:\/\/x.com\/AleixEspargaro?ref_src=twsrc%5Etfw\">@AleixEspargaro<\/a> moves onto the front row behind <a href=\"https:\/\/x.com\/FabioQ20?ref_src=twsrc%5Etfw\">@FabioQ20<\/a>! \ud83d\udcaa<a href=\"https:\/\/x.com\/hashtag\/CzechGP?src=hash&amp;ref_src=twsrc%5Etfw\">#CzechGP<\/a> \ud83c\udde8\ud83c\uddff <a href=\"https:\/\/t.co\/gAizxBE6Wt\">pic.twitter.com\/gAizxBE6Wt<\/a><\/p>&mdash; MotoGP\u2122\ud83c\udfc1 (@MotoGP) <a href=\"https:\/\/x.com\/MotoGP\/status\/1292078963037274112?ref_src=twsrc%5Etfw\">August 8, 2020<\/a><\/blockquote><script async src=\"https:\/\/platform.x.com\/widgets.js\" charset=\"utf-8\"><\/script>\n<\/div><\/figure>\n\n\n\n<p class=\"wp-block-paragraph\">Aleix grudou a moto atr\u00e1s da Yamaha de Quartararo para seguir o franc\u00eas e tentar melhorar o tempo. Enquanto isso, na curva 9, Cal Crutchlow caiu e era carta fora do baralho.<\/p>\n\n\n\n<p class=\"wp-block-paragraph\">As coisas come\u00e7aram a ficar bastante movimentadas no minuto final. Zarco, o \u00fanico entre os pilotos Ducati com moto desatualizada, tratou de anotar 1min55s687 para se colocar na pole provis\u00f3ria. O franc\u00eas era seguido por Pol Espargar\u00f3, 0s092. Entretanto, seu tempo foi deletado por infringir uma bandeira amarela. <\/p>\n\n\n\n<p class=\"wp-block-paragraph\">No \u00faltimo giro r\u00e1pido, quando vinha para tentar assumir a pole, Quartararo caiu e teve de se contentar com seu tempo anterior. Assim, Zarco conseguiu sua primeira pole desde o GP da Fran\u00e7a de 2018, quando ainda corria com a Yamaha da Tech3. <\/p>\n\n\n\n<h4 class=\"wp-block-heading\"><strong>MotoGP 2020, GP da Tch\u00e9quia, Brno, Grid de largada:<\/strong><\/h4>\n\n\n\n<figure class=\"wp-block-table\"><table><tbody><tr><td><strong>1<\/strong><\/td><td>J ZARCO<\/td><td>Avintia Ducati<\/td><td>1:55.687<\/td><td>&nbsp;<\/td><\/tr><tr><td><strong>2<\/strong><\/td><td>F QUARTARARO<\/td><td>SRT Yamaha<\/td><td>1:55.990<\/td><td>+0.303<\/td><\/tr><tr><td><strong>3<\/strong><\/td><td>F MORBIDELLI<\/td><td>SRT Yamaha<\/td><td>1:55.998<\/td><td>+0.311<\/td><\/tr><tr><td><strong>4<\/strong><\/td><td>A ESPARGAR\u00d3<\/td><td>Aprilia Gresini<\/td><td>1:56.074<\/td><td>+0.387<\/td><\/tr><tr><td><strong>5<\/strong><\/td><td>M VI\u00d1ALES<\/td><td>Yamaha<\/td><td>1:56.131<\/td><td>+0.444<\/td><\/tr><tr><td><strong>6<\/strong><\/td><td>P ESPARGAR\u00d3<\/td><td>KTM<\/td><td>1:56.142<\/td><td>+0.455<\/td><\/tr><tr><td><strong>7<\/strong><\/td><td>B BINDER<\/td><td>KTM<\/td><td>1:56.299<\/td><td>+0.612<\/td><\/tr><tr><td><strong>8<\/strong><\/td><td>D PETRUCCI<\/td><td>Ducati<\/td><td>1:56.454<\/td><td>+0.767<\/td><\/tr><tr><td><strong>9<\/strong><\/td><td>J MIR<\/td><td>Suzuki<\/td><td>1:56.512<\/td><td>+0.825<\/td><\/tr><tr><td><strong>10<\/strong><\/td><td>V ROSSI<\/td><td>Yamaha<\/td><td>1:56.515<\/td><td>+0.828<\/td><\/tr><tr><td><strong>11<\/strong><\/td><td>A RINS<\/td><td>Suzuki<\/td><td>1:56.571<\/td><td>+0.884<\/td><\/tr><tr><td><strong>12<\/strong><\/td><td>C CRUTCHLOW<\/td><td>LCR Honda<\/td><td>1:56.797<\/td><td>+1.110<\/td><\/tr><tr><td><strong>13<\/strong><\/td><td>M OLIVEIRA<\/td><td>Tech3 KTM<\/td><td>1:56.328<\/td><td>+0.641<\/td><\/tr><tr><td><strong>14<\/strong><\/td><td>J MILLER<\/td><td>Pramac Ducati<\/td><td>1:56.352<\/td><td>+0.665<\/td><\/tr><tr><td><strong>15<\/strong><\/td><td>T RABAT<\/td><td>Avintia Ducati<\/td><td>1:56.695<\/td><td>+1.008<\/td><\/tr><tr><td><strong>16<\/strong><\/td><td>I LECUONA<\/td><td>Tech3 KTM<\/td><td>1:56.764<\/td><td>+1.077<\/td><\/tr><tr><td><strong>17<\/strong><\/td><td>T NAKAGAMI<\/td><td>LCR Honda<\/td><td>1:56.822<\/td><td>+1.135<\/td><\/tr><tr><td><strong>18<\/strong><\/td><td>A DOVIZIOSO<\/td><td>Ducati<\/td><td>1:57.034<\/td><td>+1.347<\/td><\/tr><tr><td><strong>19<\/strong><\/td><td>B SMITH<\/td><td>Aprilia Gresini<\/td><td>1:57.438<\/td><td>+1.751<\/td><\/tr><tr><td><strong>20<\/strong><\/td><td>S BRADL<\/td><td>Honda<\/td><td>1:57.573<\/td><td>+1.886<\/td><\/tr><tr><td><strong>21<\/strong><\/td><td>\u00c1 M\u00c1RQUEZ<\/td><td>Honda<\/td><td>1:57.606<\/td><td>+1.919<\/td><\/tr><\/tbody><\/table><\/figure>\n\n\n\n<figure class=\"wp-block-embed-dailymotion wp-block-embed is-type-video is-provider-dailymotion wp-embed-aspect-16-9 wp-has-aspect-ratio\"><div class=\"wp-block-embed__wrapper\">\n<iframe loading=\"lazy\" title=\"Marc M\u00e1rquez MUDA rumo de 2020 com CACHORRO e JANELA |GP \u00e0s 10\" frameborder=\"0\" width=\"500\" height=\"281\" src=\"https:\/\/geo.dailymotion.com\/player.html?video=x7vfsvm&#038;\" allowfullscreen allow=\"autoplay; fullscreen; picture-in-picture; web-share\"><\/iframe>\n<\/div><\/figure>\n\n\n\n<figure class=\"wp-block-embed-spotify wp-block-embed is-type-rich is-provider-spotify wp-embed-aspect-21-9 wp-has-aspect-ratio\"><div class=\"wp-block-embed__wrapper\">\n<iframe title=\"Spotify Embed: A volta da F\u00f3rmula E | Paddockast #73\" style=\"border-radius: 12px\" width=\"100%\" height=\"152\" frameborder=\"0\" allowfullscreen allow=\"autoplay; clipboard-write; encrypted-media; fullscreen; picture-in-picture\" loading=\"lazy\" src=\"https:\/\/open.spotify.com\/embed\/episode\/3lM2Yb3LG8I13YG2r7yagZ?utm_source=oembed\"><\/iframe>\n<\/div><figcaption><strong><strong>Paddockast #73 |&nbsp;<\/strong>A maratona da F\u00f3rmula E em Berlim<br>Ou\u00e7a tamb\u00e9m:&nbsp;<a href=\"http:\/\/podcasts.apple.com\/br\/podcast\/paddockast\/id1371540198\">PODCASTS APPLE<\/a>&nbsp;|&nbsp;<a href=\"https:\/\/www.subscribeonandroid.com\/www.central3.com.br\/category\/podcasts\/paddockast\/feed\/podcast\/\">ANDROID<\/a>&nbsp;|&nbsp;<a href=\"https:\/\/player.fm\/series\/paddockast\">PLAYERFM<\/a><\/strong><\/figcaption><\/figure>\n\n\n","protected":false},"excerpt":{"rendered":"<p>Com uma Ducati de 2019, o franc\u00eas deixou os favoritos da Yamaha para tr\u00e1s para cravar a quinta pole na MotoGP. O l\u00edder do campeonato caiu em sua \u00faltima volta. Franco Morbidelli larga em terceiro<\/p>\n","protected":false},"author":0,"featured_media":1000404468,"comment_status":"closed","ping_status":"closed","sticky":false,"template":"","format":"standard","meta":{"42wp_featured_image_caption":"","42wp_featured_image_credits":"","42wp_featured_video":"","42wp_featured_image_hidden":false,"42wp_authors_list":[],"footnotes":""},"categories":[8],"tags":[143,133,4087,131,110,130,132,24996,79,174,78,173,25821,25819,847,25770,134,25769,80,172],"42wp_author":[47113,47123],"class_list":["post-128298","post","type-post","status-publish","format-standard","has-post-thumbnail","hentry","category-motogp","tag-andrea-dovizioso","tag-aprilia","tag-brno","tag-ducati","tag-fabio-quartararo","tag-honda","tag-ktm","tag-marc-marquez-2","tag-moto-gp","tag-moto-gp-2020","tag-motogp","tag-motogp-2020","tag-motogp-2020-transmissao-brasil","tag-motogp-hoje","tag-mundial-de-motovelocidade","tag-republica-tcheca-2","tag-suzuki","tag-tchequia","tag-valentino-rossi","tag-yamaha","42wp_author-juliana-tesser","42wp_author-nathalia-de-vivo"],"_links":{"self":[{"href":"https:\/\/grandepremio.com\/br\/wp-json\/wp\/v2\/posts\/128298","targetHints":{"allow":["GET"]}}],"collection":[{"href":"https:\/\/grandepremio.com\/br\/wp-json\/wp\/v2\/posts"}],"about":[{"href":"https:\/\/grandepremio.com\/br\/wp-json\/wp\/v2\/types\/post"}],"replies":[{"embeddable":true,"href":"https:\/\/grandepremio.com\/br\/wp-json\/wp\/v2\/comments?post=128298"}],"version-history":[{"count":0,"href":"https:\/\/grandepremio.com\/br\/wp-json\/wp\/v2\/posts\/128298\/revisions"}],"wp:featuredmedia":[{"embeddable":true,"href":"https:\/\/grandepremio.com\/br\/wp-json\/wp\/v2\/media\/1000404468"}],"wp:attachment":[{"href":"https:\/\/grandepremio.com\/br\/wp-json\/wp\/v2\/media?parent=128298"}],"wp:term":[{"taxonomy":"category","embeddable":true,"href":"https:\/\/grandepremio.com\/br\/wp-json\/wp\/v2\/categories?post=128298"},{"taxonomy":"post_tag","embeddable":true,"href":"https:\/\/grandepremio.com\/br\/wp-json\/wp\/v2\/tags?post=128298"},{"taxonomy":"42wp_author","embeddable":true,"href":"https:\/\/grandepremio.com\/br\/wp-json\/wp\/v2\/42wp_author?post=128298"}],"curies":[{"name":"wp","href":"https:\/\/api.w.org\/{rel}","templated":true}]}}