{"id":128306,"date":"2020-08-08T06:41:09","date_gmt":"2020-08-08T09:41:09","guid":{"rendered":"https:\/\/grandepremio.com\/br\/noticias\/lowes-supera-marini-e-ponteia-3o-treino-pouco-movimentado-da-moto2-em-brno\/"},"modified":"2020-08-08T06:41:12","modified_gmt":"2020-08-08T09:41:12","slug":"lowes-supera-marini-e-ponteia-3o-treino-pouco-movimentado-da-moto2-em-brno","status":"publish","type":"post","link":"https:\/\/grandepremio.com\/br\/motogp\/lowes-supera-marini-e-ponteia-3o-treino-pouco-movimentado-da-moto2-em-brno\/","title":{"rendered":"Lowes supera Marini e ponteia 3\u00ba treino pouco movimentado da Moto2 em Brno"},"content":{"rendered":"\n<p class=\"wp-block-paragraph\"><strong>LEIA TAMB\u00c9M<br><a href=\"https:\/\/www.grandepremio.com\/br\/motogp\/noticias\/testes-mascaras-marmitas-e-entrevistas-a-distancia-motogp-tem-nova-rotina-na-pandemia\/\">M\u00e1scaras, marmitas, dist\u00e2ncia e confinamento: a nova rotina da pandemia na&nbsp;<\/a><a href=\"https:\/\/www.grandepremio.com\/br\/motogp\/\" target=\"_blank\" rel=\"noreferrer noopener\">MotoGP<\/a><\/strong><br><strong><a href=\"https:\/\/grandepremium.com.br\/lado-a-lado\/materias\/le-jour-de-gloire-est-arrive\/\">Le jour de gloire est arriv\u00e9!: Quartararo reescreve hist\u00f3ria da Fran\u00e7a na MotoGP<\/a><\/strong><\/p>\n\n\n\n<p class=\"wp-block-paragraph\">Sam Lowes colocou a Marc VDS no topo da folha de tempos da Moto2 na manh\u00e3 deste s\u00e1bado (8). O brit\u00e2nico superou Luca Marini na 11\u00aa das 16 voltas que completou em Brno e assegurou a ponta com 0s083 de vantagem.<\/p>\n\n\n\n<p class=\"wp-block-paragraph\">A sess\u00e3o matutina da classe intermedi\u00e1ria do Mundial de Motovelocidade foi bastante morna, com poucas mudan\u00e7as na parte de cima da tabela. Marini passou a maior parte do tempo no comando, mas n\u00e3o conseguiu responder ao avan\u00e7o de Lowes.<\/p>\n\n\n\n<figure class=\"wp-block-image size-large\"><img decoding=\"async\" src=\"https:\/\/www.grandepremio.com\/br\/wp-content\/uploads\/2020\/08\/B2M6724-1024x683.jpg\" alt=\"\" class=\"wp-image-404343\"\/><figcaption>Sam Lowes (Foto: Marc VDS)<\/figcaption><\/figure>\n\n\n\n<p class=\"wp-block-paragraph\">Ainda no come\u00e7o da atividade, Joe Roberts marcou 2min02s126, registro que lhe garantiu o terceiro tempo, 0s002 \u00e0 frente de Marcel Schr\u00f6tter, o quarto. Marco Bezzecchi aparece na sequ\u00eancia, com Ar\u00f3n Canet fechando o top-6.<\/p>\n\n\n\n<p class=\"wp-block-paragraph\">Com 2min02s317, Augusto Fern\u00e1ndez ficou em oitavo, 0s508 mais lento que o companheiro de Marc VDS. Jorge Navarro e Hafizh Syahrin completam a lista dos dez mais r\u00e1pidos.<\/p>\n\n\n\n<p class=\"wp-block-paragraph\">0s555 mais lento que Lowes, Xavi Vierge foi 11\u00ba e tamb\u00e9m avan\u00e7a direto ao Q2, assim como Jorge Mart\u00edn, Enea Bastianini e Lorenzo Baldassarri. L\u00edder do Mundial, Tetsuta Nagashima ficou apenas em 16\u00ba e ter\u00e1 de passar pelo Q1.<\/p>\n\n\n\n<h4 class=\"wp-block-heading\"><strong>Saiba como foi o terceiro treino da Moto2 em Brno:<\/strong><\/h4>\n\n\n\n<p class=\"wp-block-paragraph\">Em pleno ver\u00e3o europeu, o sol foi aumentando a temperatura em Brno com o passar das horas. Quando a Moto2 entrou na pista, os term\u00f4metros marcavam 29\u00b0C, com o asfalto chegando a 34\u00b0C. A velocidade do vento estava em 5 km\/h.<\/p>\n\n\n\n<p class=\"wp-block-paragraph\">Luca Marini abriu a sess\u00e3o no topo da tabela com 2min01s892, 0s234 melhor que Joe Roberts, o segundo colocado. Marcel Schr\u00f6tter vinha em terceiro, com Marcos Ram\u00edrez e Jorge Navarro fechando o top-3.<\/p>\n\n\n\n<figure class=\"wp-block-embed-twitter wp-block-embed is-type-rich is-provider-twitter\"><div class=\"wp-block-embed__wrapper\">\n<blockquote class=\"twitter-tweet\" data-width=\"500\" data-dnt=\"true\"><p lang=\"en\" dir=\"ltr\">The <a href=\"https:\/\/x.com\/hashtag\/Moto2?src=hash&amp;ref_src=twsrc%5Etfw\">#Moto2<\/a> boys aren&#39;t hanging around this morning! \ud83d\udca8<a href=\"https:\/\/x.com\/88jorgemartin?ref_src=twsrc%5Etfw\">@88jorgemartin<\/a> already pushing the boundaries on his first flying lap! \ud83d\udd25<a href=\"https:\/\/x.com\/hashtag\/CzechGP?src=hash&amp;ref_src=twsrc%5Etfw\">#CzechGP<\/a> \ud83c\udde8\ud83c\uddff <a href=\"https:\/\/t.co\/4ZkjlNXWTj\">pic.twitter.com\/4ZkjlNXWTj<\/a><\/p>&mdash; MotoGP\u2122\ud83c\udfc1 (@MotoGP) <a href=\"https:\/\/x.com\/MotoGP\/status\/1292023595141668864?ref_src=twsrc%5Etfw\">August 8, 2020<\/a><\/blockquote><script async src=\"https:\/\/platform.x.com\/widgets.js\" charset=\"utf-8\"><\/script>\n<\/div><\/figure>\n\n\n\n<p class=\"wp-block-paragraph\">O primeiro ter\u00e7o da sess\u00e3o n\u00e3o foi dos mais animados, j\u00e1 que foram poucas as mudan\u00e7as na tabela. Na metade da atividade, Marini seguia na ponta, 0s234 melhor que Roberts, o segundo colocado. Schr\u00f6tter vinha em terceiro, com Ram\u00edrez, Navarro, Hafizh Syahrin, Xavi Vierge, Jorge Mart\u00edn, Ar\u00f3n Canet e Stefano Manzi completando o top-10.<\/p>\n\n\n\n<p class=\"wp-block-paragraph\">Depois de uma longa demora, Sam Lowes foi a 2min01s809 e assumiu o comando, abrindo 0s083 de margem para Marini. Roberts caiu para terceiro.<\/p>\n\n\n\n<p class=\"wp-block-paragraph\">Mais atr\u00e1s, Marco Bezzecchi avan\u00e7ou para a quinta coloca\u00e7\u00e3o, 0s431 mais lento que o ponteiro. Ram\u00edrez, Navarro, Syahrin, Vierge e Mart\u00edn fechavam o top-10.<\/p>\n\n\n\n<figure class=\"wp-block-embed-twitter wp-block-embed is-type-rich is-provider-twitter\"><div class=\"wp-block-embed__wrapper\">\n<blockquote class=\"twitter-tweet\" data-width=\"500\" data-dnt=\"true\"><p lang=\"en\" dir=\"ltr\">Here&#39;s a familiar sight! \ud83d\ude4c<br><br>Looks like <a href=\"https:\/\/x.com\/Luca_Marini_97?ref_src=twsrc%5Etfw\">@Luca_Marini_97<\/a> has just helped <a href=\"https:\/\/x.com\/Marco12_B?ref_src=twsrc%5Etfw\">@Marco12_B<\/a> round to a top 10 lap time! \ud83e\udd1d<a href=\"https:\/\/x.com\/hashtag\/CzechGP?src=hash&amp;ref_src=twsrc%5Etfw\">#CzechGP<\/a> \ud83c\udde8\ud83c\uddff | <a href=\"https:\/\/x.com\/hashtag\/Moto2?src=hash&amp;ref_src=twsrc%5Etfw\">#Moto2<\/a> <a href=\"https:\/\/t.co\/EtZ58OW6Ys\">pic.twitter.com\/EtZ58OW6Ys<\/a><\/p>&mdash; MotoGP\u2122\ud83c\udfc1 (@MotoGP) <a href=\"https:\/\/x.com\/MotoGP\/status\/1292029248056823810?ref_src=twsrc%5Etfw\">August 8, 2020<\/a><\/blockquote><script async src=\"https:\/\/platform.x.com\/widgets.js\" charset=\"utf-8\"><\/script>\n<\/div><\/figure>\n\n\n\n<p class=\"wp-block-paragraph\">Ar\u00f3n Canet, ent\u00e3o, come\u00e7ou a escalar. O espanhol da Aspar saltou para o s\u00e9timo posto, 0s497 mais lento que o l\u00edder. Augusto Fern\u00e1ndez tamb\u00e9m melhorou e agora estava em oitavo.<\/p>\n\n\n\n<p class=\"wp-block-paragraph\"><\/p>\n\n\n\n<figure class=\"wp-block-embed-dailymotion wp-block-embed is-type-video is-provider-dailymotion wp-embed-aspect-16-9 wp-has-aspect-ratio\"><div class=\"wp-block-embed__wrapper\">\n<iframe loading=\"lazy\" title=\"Marc M\u00e1rquez MUDA rumo de 2020 com CACHORRO e JANELA |GP \u00e0s 10\" frameborder=\"0\" width=\"500\" height=\"281\" src=\"https:\/\/geo.dailymotion.com\/player.html?video=x7vfsvm&#038;\" allowfullscreen allow=\"autoplay; fullscreen; picture-in-picture; web-share\"><\/iframe>\n<\/div><\/figure>\n\n\n\n<figure class=\"wp-block-embed-spotify wp-block-embed is-type-rich is-provider-spotify wp-embed-aspect-21-9 wp-has-aspect-ratio\"><div class=\"wp-block-embed__wrapper\">\n<iframe title=\"Spotify Embed: A volta da F\u00f3rmula E | Paddockast #73\" style=\"border-radius: 12px\" width=\"100%\" height=\"152\" frameborder=\"0\" allowfullscreen allow=\"autoplay; clipboard-write; encrypted-media; fullscreen; picture-in-picture\" loading=\"lazy\" src=\"https:\/\/open.spotify.com\/embed\/episode\/3lM2Yb3LG8I13YG2r7yagZ?utm_source=oembed\"><\/iframe>\n<\/div><figcaption><strong><strong>Paddockast #73 |&nbsp;<\/strong>A maratona da F\u00f3rmula E em Berlim<br>Ou\u00e7a tamb\u00e9m:&nbsp;<a href=\"http:\/\/podcasts.apple.com\/br\/podcast\/paddockast\/id1371540198\">PODCASTS APPLE<\/a>&nbsp;|&nbsp;<a href=\"https:\/\/www.subscribeonandroid.com\/www.central3.com.br\/category\/podcasts\/paddockast\/feed\/podcast\/\">ANDROID<\/a>&nbsp;|&nbsp;<a href=\"https:\/\/player.fm\/series\/paddockast\">PLAYERFM<\/a><\/strong><\/figcaption><\/figure>\n\n\n","protected":false},"excerpt":{"rendered":"<p>Sam Lowes bateu Luca Marini j\u00e1 nos minutos finais de uma sess\u00e3o de pouca movimenta\u00e7\u00e3o na parte de cima da tabela de tempos. Joe Roberts fecha o top-3<\/p>\n","protected":false},"author":0,"featured_media":1000404344,"comment_status":"closed","ping_status":"closed","sticky":false,"template":"","format":"standard","meta":{"42wp_featured_image_caption":"","42wp_featured_image_credits":"","42wp_featured_video":"","42wp_featured_image_hidden":false,"42wp_authors_list":[],"footnotes":""},"categories":[8],"tags":[4087,2287,79,174,1930,78,173,847,25770,2278,25769],"42wp_author":[47113],"class_list":["post-128306","post","type-post","status-publish","format-standard","has-post-thumbnail","hentry","category-motogp","tag-brno","tag-marco-bezzecchi","tag-moto-gp","tag-moto-gp-2020","tag-moto2","tag-motogp","tag-motogp-2020","tag-mundial-de-motovelocidade","tag-republica-tcheca-2","tag-sam-lowes","tag-tchequia","42wp_author-juliana-tesser"],"_links":{"self":[{"href":"https:\/\/grandepremio.com\/br\/wp-json\/wp\/v2\/posts\/128306","targetHints":{"allow":["GET"]}}],"collection":[{"href":"https:\/\/grandepremio.com\/br\/wp-json\/wp\/v2\/posts"}],"about":[{"href":"https:\/\/grandepremio.com\/br\/wp-json\/wp\/v2\/types\/post"}],"replies":[{"embeddable":true,"href":"https:\/\/grandepremio.com\/br\/wp-json\/wp\/v2\/comments?post=128306"}],"version-history":[{"count":0,"href":"https:\/\/grandepremio.com\/br\/wp-json\/wp\/v2\/posts\/128306\/revisions"}],"wp:featuredmedia":[{"embeddable":true,"href":"https:\/\/grandepremio.com\/br\/wp-json\/wp\/v2\/media\/1000404344"}],"wp:attachment":[{"href":"https:\/\/grandepremio.com\/br\/wp-json\/wp\/v2\/media?parent=128306"}],"wp:term":[{"taxonomy":"category","embeddable":true,"href":"https:\/\/grandepremio.com\/br\/wp-json\/wp\/v2\/categories?post=128306"},{"taxonomy":"post_tag","embeddable":true,"href":"https:\/\/grandepremio.com\/br\/wp-json\/wp\/v2\/tags?post=128306"},{"taxonomy":"42wp_author","embeddable":true,"href":"https:\/\/grandepremio.com\/br\/wp-json\/wp\/v2\/42wp_author?post=128306"}],"curies":[{"name":"wp","href":"https:\/\/api.w.org\/{rel}","templated":true}]}}