{"id":128307,"date":"2020-08-08T06:17:11","date_gmt":"2020-08-08T09:17:11","guid":{"rendered":"https:\/\/grandepremio.com\/br\/noticias\/vinales-fala-em-mudanca-de-mentalidade-para-encarar-motogp-aproveito-mais-cada-volta\/"},"modified":"2020-08-08T06:18:08","modified_gmt":"2020-08-08T09:18:08","slug":"vinales-fala-em-mudanca-de-mentalidade-para-encarar-motogp-aproveito-mais-cada-volta","status":"publish","type":"post","link":"https:\/\/grandepremio.com\/br\/motogp\/vinales-fala-em-mudanca-de-mentalidade-para-encarar-motogp-aproveito-mais-cada-volta\/","title":{"rendered":"Vi\u00f1ales fala em mudan\u00e7a de mentalidade para encarar MotoGP: \u201cAproveito mais cada volta\u201d"},"content":{"rendered":"\n<p class=\"wp-block-paragraph\"><strong>LEIA TAMB\u00c9M<br><a href=\"https:\/\/www.grandepremio.com\/br\/motogp\/noticias\/testes-mascaras-marmitas-e-entrevistas-a-distancia-motogp-tem-nova-rotina-na-pandemia\/\">M\u00e1scaras, marmitas, dist\u00e2ncia e confinamento: a nova rotina da pandemia na\u00a0<\/a><a href=\"https:\/\/www.grandepremio.com\/br\/motogp\/\" target=\"_blank\" rel=\"noreferrer noopener\">MotoGP<\/a><\/strong><br><strong><a href=\"https:\/\/grandepremium.com.br\/lado-a-lado\/materias\/le-jour-de-gloire-est-arrive\/\">Le jour de gloire est arriv\u00e9!: Quartararo reescreve hist\u00f3ria da Fran\u00e7a na MotoGP<\/a><\/strong><\/p>\n\n\n\n<p class=\"wp-block-paragraph\">Maverick Vi\u00f1ales mostrou ter mudado de mentalidade para encarar a MotoGP. Antes encarando apenas a vit\u00f3ria como resultado aceit\u00e1vel, agora admitiu que tenta aproveitar cada volta e cada corrida, ajudando at\u00e9 mesmo na press\u00e3o.<\/p>\n\n\n\n<p class=\"wp-block-paragraph\">O espanhol come\u00e7ou a temporada 2020 de forma bastante positiva. Nas duas primeiras corridas do calend\u00e1rio, em Jerez, conseguiu dois segundos lugares, atr\u00e1s apenas de Fabio Quartararo. Com isso, est\u00e1 na segunda posi\u00e7\u00e3o da classifica\u00e7\u00e3o, apenas dez pontos atr\u00e1s do franc\u00eas.<\/p>\n\n\n\n<p class=\"wp-block-paragraph\">\u201cSendo sincero, neste ano, agora, aproveito muito mais cada volta com a moto. Mudei muito minha mentalidade, antes me pressionava muito para ser sempre o primeiro em todas as corridas, mas isso \u00e9 imposs\u00edvel por muitos fatores. N\u00e3o depende de voc\u00ea\u201d, disse em entrevista coletiva.<\/p>\n\n\n\n<p class=\"wp-block-paragraph\">\u201cQuero aproveitar correndo. \u00c9 muito exigente, eu sei, mas estamos constantemente no top-3. \u00c9 algo que fa\u00e7o bem: quando h\u00e1 muita press\u00e3o, lido bem. Agora posso ser mais r\u00e1pido. Eu me sinto bem\u201d, completou o espanhol da Yamaha.<\/p>\n\n\n\n<figure class=\"wp-block-image size-large\"><img decoding=\"async\" src=\"https:\/\/www.grandepremio.com\/br\/wp-content\/uploads\/2020\/08\/yfr_editorial_use_pictures_20120309204_3-1024x549.jpg\" alt=\"\" class=\"wp-image-404104\"\/><figcaption>Maverick Vi\u00f1ales encara as coisas de uma nova perspectiva (Foto: Yamaha)<\/figcaption><\/figure>\n\n\n\n<p class=\"wp-block-paragraph\">Maverick ainda contou outra importante mudan\u00e7a feita durante os fins de semana de corrida. \u201cPasso muito tempo nos boxes, conversando com a equipe. Isso ajuda a lidar com a press\u00e3o\u201d, pontuou.<\/p>\n\n\n\n<p class=\"wp-block-paragraph\">\u201cAntes, passava mais tempo sozinho em meu motorhome. Agora estou mais no box, tentando entender a eletr\u00f4nica. Passo muitas horas assim e gosto. \u00c9 a maneira de n\u00e3o ter muito estresse\u201d, encerrou o competidor.<\/p>\n\n\n\n<p class=\"wp-block-paragraph\">Desde quando chegou \u00e0 MotoGP, em 2015, tem em 2020 seu segundo melhor in\u00edcio de temporada. Apenas em 2017 teve come\u00e7o mais positivo, quando conseguiu duas vit\u00f3rias. Naquele ano, terminou a classifica\u00e7\u00e3o em terceiro.<\/p>\n\n\n\n<p class=\"wp-block-paragraph\">Em 2013, quando ainda corria na Moto3, Vi\u00f1ales tamb\u00e9m conseguiu duas segundas coloca\u00e7\u00f5es nas duas primeiras provas do calend\u00e1rio. Ali, conseguiu seu primeiro, e at\u00e9 o momento \u00fanico, t\u00edtulo no Mundial de Motovelocidade.<\/p>\n\n\n\n<figure class=\"wp-block-embed-dailymotion wp-block-embed is-type-video is-provider-dailymotion wp-embed-aspect-16-9 wp-has-aspect-ratio\"><div class=\"wp-block-embed__wrapper\">\n<iframe loading=\"lazy\" title=\"Marc M\u00e1rquez MUDA rumo de 2020 com CACHORRO e JANELA |GP \u00e0s 10\" frameborder=\"0\" width=\"500\" height=\"281\" src=\"https:\/\/geo.dailymotion.com\/player.html?video=x7vfsvm&#038;\" allowfullscreen allow=\"autoplay; fullscreen; picture-in-picture; web-share\"><\/iframe>\n<\/div><\/figure>\n\n\n","protected":false},"excerpt":{"rendered":"<p>O espanhol explicou que antes encarava apenas a vit\u00f3ria como resultado de \u00eaxito, mas agora aprendeu a lidar muito melhor com a pr\u00f3pria press\u00e3o<\/p>\n","protected":false},"author":0,"featured_media":1000400158,"comment_status":"closed","ping_status":"closed","sticky":false,"template":"","format":"standard","meta":{"42wp_featured_image_caption":"","42wp_featured_image_credits":"","42wp_featured_video":"","42wp_featured_image_hidden":false,"42wp_authors_list":[],"footnotes":""},"categories":[8],"tags":[4087,25020,79,174,78,173,889,172],"42wp_author":[47109],"class_list":["post-128307","post","type-post","status-publish","format-standard","has-post-thumbnail","hentry","category-motogp","tag-brno","tag-maverick-vinales-2","tag-moto-gp","tag-moto-gp-2020","tag-motogp","tag-motogp-2020","tag-temporada-2020-motogp","tag-yamaha","42wp_author-redacao-gp"],"_links":{"self":[{"href":"https:\/\/grandepremio.com\/br\/wp-json\/wp\/v2\/posts\/128307","targetHints":{"allow":["GET"]}}],"collection":[{"href":"https:\/\/grandepremio.com\/br\/wp-json\/wp\/v2\/posts"}],"about":[{"href":"https:\/\/grandepremio.com\/br\/wp-json\/wp\/v2\/types\/post"}],"replies":[{"embeddable":true,"href":"https:\/\/grandepremio.com\/br\/wp-json\/wp\/v2\/comments?post=128307"}],"version-history":[{"count":0,"href":"https:\/\/grandepremio.com\/br\/wp-json\/wp\/v2\/posts\/128307\/revisions"}],"wp:featuredmedia":[{"embeddable":true,"href":"https:\/\/grandepremio.com\/br\/wp-json\/wp\/v2\/media\/1000400158"}],"wp:attachment":[{"href":"https:\/\/grandepremio.com\/br\/wp-json\/wp\/v2\/media?parent=128307"}],"wp:term":[{"taxonomy":"category","embeddable":true,"href":"https:\/\/grandepremio.com\/br\/wp-json\/wp\/v2\/categories?post=128307"},{"taxonomy":"post_tag","embeddable":true,"href":"https:\/\/grandepremio.com\/br\/wp-json\/wp\/v2\/tags?post=128307"},{"taxonomy":"42wp_author","embeddable":true,"href":"https:\/\/grandepremio.com\/br\/wp-json\/wp\/v2\/42wp_author?post=128307"}],"curies":[{"name":"wp","href":"https:\/\/api.w.org\/{rel}","templated":true}]}}