{"id":128314,"date":"2020-08-07T17:31:06","date_gmt":"2020-08-07T20:31:06","guid":{"rendered":"https:\/\/grandepremio.com\/br\/noticias\/ricciardo-exalta-ritmo-de-corrida-decente-apos-terceiro-tempo-na-sexta-feira\/"},"modified":"2020-08-07T17:32:07","modified_gmt":"2020-08-07T20:32:07","slug":"ricciardo-exalta-ritmo-de-corrida-decente-apos-terceiro-tempo-na-sexta-feira","status":"publish","type":"post","link":"https:\/\/grandepremio.com\/br\/f1\/ricciardo-exalta-ritmo-de-corrida-decente-apos-terceiro-tempo-na-sexta-feira\/","title":{"rendered":"Ricciardo exalta ritmo de corrida &#8220;decente&#8221; ap\u00f3s terceiro tempo na sexta-feira"},"content":{"rendered":"\n<figure class=\"wp-block-embed-youtube wp-block-embed is-type-video is-provider-youtube wp-embed-aspect-16-9 wp-has-aspect-ratio\"><div class=\"wp-block-embed__wrapper\">\n<iframe loading=\"lazy\" title=\"O que envolve o PROJETO do AUT\u00d3DROMO de DEODORO para a F1 | Cadeira Cativa #18\" width=\"500\" height=\"281\" src=\"https:\/\/www.youtube.com\/embed\/ZsCZWGuUxg4?feature=oembed\" frameborder=\"0\" allow=\"accelerometer; autoplay; clipboard-write; encrypted-media; gyroscope; picture-in-picture; web-share\" referrerpolicy=\"strict-origin-when-cross-origin\" allowfullscreen><\/iframe>\n<\/div><\/figure>\n\n\n\n<p class=\"wp-block-paragraph\">A sexta-feira (7) come\u00e7ou estranha para Daniel Ricciardo, com apenas a 17\u00aa posi\u00e7\u00e3o no primeiro treino livre. Horas depois, no entanto, o australiano melhorou e conseguiu o terceiro melhor tempo, com 1min26s421.<\/p>\n\n\n\n<p class=\"wp-block-paragraph\">A mudan\u00e7a de acerto no carro foi exaltada pelo piloto da Renault para justificar a melhora de tempo, mesmo mais de oito d\u00e9cimos atr\u00e1s do l\u00edder Lewis Hamilton, da Mercedes.<\/p>\n\n\n\n<p class=\"wp-block-paragraph\">&#8220;Pela manh\u00e3, juntamos um pouco de informa\u00e7\u00f5es, mas sab\u00edamos que n\u00e3o seria totalmente \u00fatil. Pela tarde, fizemos um aquecimento, algumas mudan\u00e7as no carro que funcionaram e isso foi bom&#8221;<\/p>\n\n\n\n<figure class=\"wp-block-image size-large\"><img decoding=\"async\" src=\"https:\/\/www.grandepremio.com\/br\/wp-content\/uploads\/2020\/08\/renault-danielricciardo-03-2-1024x683.jpg\" alt=\"\" class=\"wp-image-404093\"\/><figcaption>Daniel Ricciardo surpreendeu e terminou a sexta-feira em terceiro (Foto: Renault)<\/figcaption><\/figure>\n\n\n\n<p class=\"wp-block-paragraph\">&#8220;Tivemos boas voltas com os pneus macios e duros tamb\u00e9m. Nas voltas com pneus macios, perdemos tempo em algumas \u00e1rea, ent\u00e3o definitivamente h\u00e1 mais para explorar. Nosso ritmo de corrida foi decente, ent\u00e3o \u00e9 uma boa base para domingo. Acredito que a dire\u00e7\u00e3o do vento vai mudar amanh\u00e3, mas hoje foi um bom dia para a equipe&#8221;, afirmou.<\/p>\n\n\n\n<p class=\"wp-block-paragraph\">No fim de semana passado, tamb\u00e9m em Silvestone, Ricciardo foi o quarto colocado no GP da Inglaterra.<\/p>\n\n\n\n<p class=\"wp-block-paragraph\">O <strong>GRANDE PR\u00caMIO<\/strong> acompanha <a href=\"https:\/\/www.grandepremio.com\/br\/ao-vivo\/f1\/\">AO VIVO e em TEMPO REAL<\/a> todas as atividades do GP dos 70 Anos, quinta etapa da temporada 2020 da F\u00f3rmula 1.<\/p>\n","protected":false},"excerpt":{"rendered":"<p>Com bom ritmo na parte da tarde, Daniel Ricciardo surpreendeu e colocou a Renault no terceiro posto do TL2, atr\u00e1s apenas da Mercedes. O australiano saiu satisfeito de Silverstone ap\u00f3s o primeiro dia de atividades<\/p>\n","protected":false},"author":0,"featured_media":1000404091,"comment_status":"closed","ping_status":"closed","sticky":false,"template":"","format":"standard","meta":{"42wp_featured_image_caption":"","42wp_featured_image_credits":"","42wp_featured_video":"","42wp_featured_image_hidden":false,"42wp_authors_list":[],"footnotes":""},"categories":[2],"tags":[211,118,24837,24860,25720,229,3632],"42wp_author":[47109],"class_list":["post-128314","post","type-post","status-publish","format-standard","has-post-thumbnail","hentry","category-f1","tag-daniel-ricciardo","tag-f1-2020","tag-formula-1-2","tag-formula-1-2020-2","tag-gp-dos-70-anos","tag-renault","tag-silverstone","42wp_author-redacao-gp"],"_links":{"self":[{"href":"https:\/\/grandepremio.com\/br\/wp-json\/wp\/v2\/posts\/128314","targetHints":{"allow":["GET"]}}],"collection":[{"href":"https:\/\/grandepremio.com\/br\/wp-json\/wp\/v2\/posts"}],"about":[{"href":"https:\/\/grandepremio.com\/br\/wp-json\/wp\/v2\/types\/post"}],"replies":[{"embeddable":true,"href":"https:\/\/grandepremio.com\/br\/wp-json\/wp\/v2\/comments?post=128314"}],"version-history":[{"count":0,"href":"https:\/\/grandepremio.com\/br\/wp-json\/wp\/v2\/posts\/128314\/revisions"}],"wp:featuredmedia":[{"embeddable":true,"href":"https:\/\/grandepremio.com\/br\/wp-json\/wp\/v2\/media\/1000404091"}],"wp:attachment":[{"href":"https:\/\/grandepremio.com\/br\/wp-json\/wp\/v2\/media?parent=128314"}],"wp:term":[{"taxonomy":"category","embeddable":true,"href":"https:\/\/grandepremio.com\/br\/wp-json\/wp\/v2\/categories?post=128314"},{"taxonomy":"post_tag","embeddable":true,"href":"https:\/\/grandepremio.com\/br\/wp-json\/wp\/v2\/tags?post=128314"},{"taxonomy":"42wp_author","embeddable":true,"href":"https:\/\/grandepremio.com\/br\/wp-json\/wp\/v2\/42wp_author?post=128314"}],"curies":[{"name":"wp","href":"https:\/\/api.w.org\/{rel}","templated":true}]}}