{"id":128319,"date":"2020-08-07T14:42:40","date_gmt":"2020-08-07T17:42:40","guid":{"rendered":"https:\/\/grandepremio.com\/br\/noticias\/sem-perspectiva-de-alcancar-mercedes-verstappen-preve-outra-corrida-solitaria\/"},"modified":"2020-08-07T14:42:44","modified_gmt":"2020-08-07T17:42:44","slug":"sem-perspectiva-de-alcancar-mercedes-verstappen-preve-outra-corrida-solitaria","status":"publish","type":"post","link":"https:\/\/grandepremio.com\/br\/f1\/sem-perspectiva-de-alcancar-mercedes-verstappen-preve-outra-corrida-solitaria\/","title":{"rendered":"Sem perspectiva de alcan\u00e7ar Mercedes, Verstappen prev\u00ea \u201coutra corrida solit\u00e1ria\u201d"},"content":{"rendered":"\n<figure class=\"wp-block-embed-youtube wp-block-embed is-type-video is-provider-youtube wp-embed-aspect-16-9 wp-has-aspect-ratio\"><div class=\"wp-block-embed__wrapper\">\n<iframe loading=\"lazy\" title=\"O que envolve o PROJETO do AUT\u00d3DROMO de DEODORO para a F1 | Cadeira Cativa #18\" width=\"500\" height=\"281\" src=\"https:\/\/www.youtube.com\/embed\/ZsCZWGuUxg4?feature=oembed\" frameborder=\"0\" allow=\"accelerometer; autoplay; clipboard-write; encrypted-media; gyroscope; picture-in-picture; web-share\" referrerpolicy=\"strict-origin-when-cross-origin\" allowfullscreen><\/iframe>\n<\/div><\/figure>\n\n\n\n<p class=\"wp-block-paragraph\">Que a Mercedes \u00e9 a grande for\u00e7a do fim de semana e da temporada como um todo, n\u00e3o \u00e9 segredo. Mas a Red Bull almeja, pelo menos com Max Verstappen, manter a condi\u00e7\u00e3o de segunda for\u00e7a do grid em Silverstone. Max Verstappen, <a href=\"https:\/\/www.grandepremio.com\/br\/f1\/noticias\/bottas-lidera-1-2-da-mercedes-no-tl1-do-gp-dos-70-anos-da-f1-hulkenberg-e-quarto\/?fl=true&amp;utm_source=lance\">terceiro mais r\u00e1pido no primeiro treino livre do GP dos 70 Anos da F\u00f3rmula 1<\/a>, nesta sexta-feira (7), fechou o dia em quarto depois de ter sido superado pelo surpreendente Daniel Ricciardo, da Renault.<\/p>\n\n\n\n<p class=\"wp-block-paragraph\">A <a href=\"https:\/\/www.grandepremio.com\/br\/f1\/noticias\/hamilton-supera-bottas-e-lidera-dia-de-treinos-do-gp-dos-70-anos-ricciardo-fecha-top-3\/?fl=true&amp;utm_source=lance\">melhor volta de Max foi em 1min26s437, 0s831 mais lento na compara\u00e7\u00e3o com o 1min25s606 de Lewis Hamilton, o mais r\u00e1pido do dia<\/a>.<\/p>\n\n\n\n<p class=\"wp-block-paragraph\">Na vis\u00e3o do holand\u00eas de 22 anos, vale o esfor\u00e7o da Red Bull por si s\u00f3, mas a expectativa \u00e9 que, assim como foi no \u00faltimo domingo, que sua corrida seja isolada, sem ser pressionado pelos rivais, mas tampouco sem conseguir se aproximar das imbat\u00edveis Mercedes na segunda prova seguida que a F1 promove neste ano em Silverstone.<\/p>\n\n\n\n<figure class=\"wp-block-image size-large\"><img decoding=\"async\" src=\"https:\/\/www.grandepremio.com\/br\/wp-content\/uploads\/2020\/08\/redbull-maxverstappen-03-2-1024x657.jpg\" alt=\"\" class=\"wp-image-404090\"\/><figcaption>Max Verstappen espera outra corrida solit\u00e1ria neste domingo em Silverstone (Foto: Getty Images\/Red Bull Content Pool)<\/figcaption><\/figure>\n\n\n\n<p class=\"wp-block-paragraph\">\u201cTentamos algumas coisas com o carro\u201d, declarou o piloto. \u201cAcho que algumas coisas foram bem decentes, mas claro que teremos de analisar isso da forma adequada hoje \u00e0 noite e ver como vai ser amanh\u00e3\u201d, comentou.<\/p>\n\n\n\n<p class=\"wp-block-paragraph\">\u201cAcho que pode ser bem apertado na classifica\u00e7\u00e3o com o pelot\u00e3o logo atr\u00e1s, mas a corrida pode ser novamente muito solit\u00e1ria. Acho que voc\u00ea vai ver muitas estrat\u00e9gias de pit-stop na corrida, mas n\u00e3o espero que a troca de pneus possa colocar essa ordem [das equipes] de maneira diferente\u201d, complementou o holand\u00eas.<\/p>\n\n\n\n<p class=\"wp-block-paragraph\">Em contrapartida, <a href=\"https:\/\/www.grandepremio.com\/br\/f1\/noticias\/bottas-lidera-1-2-da-mercedes-no-tl1-do-gp-dos-70-anos-da-f1-hulkenberg-e-quarto\/?fl=true&amp;utm_source=lance\">Alexander Albon teve uma performance razo\u00e1vel pela manh\u00e3, per\u00edodo em que obteve o sexto posto<\/a>, mas fechou a sess\u00e3o da tarde somente em 11\u00ba. O anglo-tailand\u00eas, que registrou 1min26s960 como melhor volta, deixou claro, por\u00e9m, que quer trabalhar com uma evolu\u00e7\u00e3o passo a passo no fim de semana.<\/p>\n\n\n\n<p class=\"wp-block-paragraph\">\u201cEstamos progredindo sess\u00e3o por sess\u00e3o em termos de tentar obter o que quero do carro e agora s\u00f3 precisamos fazer a nossa li\u00e7\u00e3o de casa hoje \u00e0 noite para voltar mais forte amanh\u00e3\u201d, disse.<\/p>\n\n\n\n<p class=\"wp-block-paragraph\">\u201cFoi um dia bem tranquilo e brincamos com algumas coisas para ver o que funcionou e o que n\u00e3o ajudou\u201d, concluiu.<\/p>\n\n\n\n<p class=\"wp-block-paragraph\">O <strong>GRANDE PR\u00caMIO<\/strong> acompanha o fim de semana do GP dos 70 Anos da F\u00f3rmula 1 <a href=\"https:\/\/grandepremio.lance.com.br\/ao-vivo\/f1\/gp-dos-70-anos-2020-treinos-livres-ao-vivo\/\">AO VIVO e em TEMPO REAL<\/a>. Siga tudo aqui.<\/p>\n\n\n\n<figure class=\"wp-block-embed-youtube wp-block-embed is-type-video is-provider-youtube wp-embed-aspect-16-9 wp-has-aspect-ratio\"><div class=\"wp-block-embed__wrapper\">\n<iframe loading=\"lazy\" title=\"Sebastian Vettel N\u00c3O MERECE ser relegado a RESTO e tem de deixar FERRARI j\u00e1! | GP \u00e0s 10\" width=\"500\" height=\"281\" src=\"https:\/\/www.youtube.com\/embed\/H_wOh8B7T6w?feature=oembed\" frameborder=\"0\" allow=\"accelerometer; autoplay; clipboard-write; encrypted-media; gyroscope; picture-in-picture; web-share\" referrerpolicy=\"strict-origin-when-cross-origin\" allowfullscreen><\/iframe>\n<\/div><\/figure>\n","protected":false},"excerpt":{"rendered":"<p>Superado at\u00e9 por Daniel Ricciardo no treino da tarde desta sexta-feira, o holand\u00eas de 22 anos sabe que, em condi\u00e7\u00f5es reais, s\u00f3 pode buscar o terceiro lugar neste fim de semana. Max Verstappen entende que nem uma estrat\u00e9gia diferente quanto aos pneus pode amea\u00e7ar o dom\u00ednio da Mercedes<\/p>\n","protected":false},"author":0,"featured_media":1000404089,"comment_status":"closed","ping_status":"closed","sticky":false,"template":"","format":"standard","meta":{"42wp_featured_image_caption":"","42wp_featured_image_credits":"","42wp_featured_video":"","42wp_featured_image_hidden":false,"42wp_authors_list":[],"footnotes":""},"categories":[2],"tags":[654,147,118,24837,24860,25720,24836,203,82,204],"42wp_author":[47110],"class_list":["post-128319","post","type-post","status-publish","format-standard","has-post-thumbnail","hentry","category-f1","tag-alexander-albon","tag-f1","tag-f1-2020","tag-formula-1-2","tag-formula-1-2020-2","tag-gp-dos-70-anos","tag-grande-premio-2","tag-max-verstappen","tag-mercedes","tag-red-bull","42wp_author-fernando-silva"],"_links":{"self":[{"href":"https:\/\/grandepremio.com\/br\/wp-json\/wp\/v2\/posts\/128319","targetHints":{"allow":["GET"]}}],"collection":[{"href":"https:\/\/grandepremio.com\/br\/wp-json\/wp\/v2\/posts"}],"about":[{"href":"https:\/\/grandepremio.com\/br\/wp-json\/wp\/v2\/types\/post"}],"replies":[{"embeddable":true,"href":"https:\/\/grandepremio.com\/br\/wp-json\/wp\/v2\/comments?post=128319"}],"version-history":[{"count":0,"href":"https:\/\/grandepremio.com\/br\/wp-json\/wp\/v2\/posts\/128319\/revisions"}],"wp:featuredmedia":[{"embeddable":true,"href":"https:\/\/grandepremio.com\/br\/wp-json\/wp\/v2\/media\/1000404089"}],"wp:attachment":[{"href":"https:\/\/grandepremio.com\/br\/wp-json\/wp\/v2\/media?parent=128319"}],"wp:term":[{"taxonomy":"category","embeddable":true,"href":"https:\/\/grandepremio.com\/br\/wp-json\/wp\/v2\/categories?post=128319"},{"taxonomy":"post_tag","embeddable":true,"href":"https:\/\/grandepremio.com\/br\/wp-json\/wp\/v2\/tags?post=128319"},{"taxonomy":"42wp_author","embeddable":true,"href":"https:\/\/grandepremio.com\/br\/wp-json\/wp\/v2\/42wp_author?post=128319"}],"curies":[{"name":"wp","href":"https:\/\/api.w.org\/{rel}","templated":true}]}}