{"id":128323,"date":"2020-08-07T13:26:35","date_gmt":"2020-08-07T16:26:35","guid":{"rendered":"https:\/\/grandepremio.com\/br\/noticias\/que-fase-vettel-tem-motor-quebrado-10s-apos-ser-elogiado-por-otima-volta\/"},"modified":"2020-08-07T13:26:41","modified_gmt":"2020-08-07T16:26:41","slug":"que-fase-vettel-tem-motor-quebrado-10s-apos-ser-elogiado-por-otima-volta","status":"publish","type":"post","link":"https:\/\/grandepremio.com\/br\/f1\/que-fase-vettel-tem-motor-quebrado-10s-apos-ser-elogiado-por-otima-volta\/","title":{"rendered":"Que fase! Vettel tem motor quebrado 10s ap\u00f3s ser elogiado por &#8220;\u00f3tima volta&#8221;"},"content":{"rendered":"\n<figure class=\"wp-block-video\"><video class=\"video-js vjs-big-play-centered\" data-gp-vjs=\"1\" controls src=\"https:\/\/www.grandepremio.com\/br\/wp-content\/uploads\/2020\/08\/F1-FUnoAT-F170-E-pensare-che-Adami-10-secondi-prima-si-apre-in-radio-e-dice-a-SebOttimo-giro-stai-andando-bene...-Vettel-Ferrari-SF.mp4\"><\/video><\/figure>\n\n\n\n<p class=\"wp-block-paragraph\">A sexta-feira (7) novamente n\u00e3o foi boa para Sebastian Vettel. Com desempenho sofr\u00edvel no segundo treino livre, o tetrcampe\u00e3o mundial terminou o dia apenas em 14\u00ba, com 1min27s198, bem atr\u00e1s do companheiro Charles Leclerc, o s\u00e9timo mais r\u00e1pido da sess\u00e3o.<\/p>\n\n\n\n<p class=\"wp-block-paragraph\">Nos minutos finais do TL2, Vettel teve um problema em sua SF1000 e estacionou fora da pista. No r\u00e1dio, o piloto suspeitava de falha no motor ou no c\u00e2mbio enquanto \u00f3leo vazava do b\u00f3lido.<\/p>\n\n\n\n<p class=\"wp-block-paragraph\">Segundos antes, no entanto, Riccardo Adami apareceu no r\u00e1dio para elogiar a volta de Vettel. O engenheiro do alem\u00e3o parecia satisfeito com o ritmo apresentado.<\/p>\n\n\n\n<p class=\"wp-block-paragraph\">&#8220;\u00d3timo giro, est\u00e1 andando bem&#8221;, declarou o engenheiro.<\/p>\n\n\n\n<figure class=\"wp-block-image size-large\"><img decoding=\"async\" src=\"https:\/\/www.grandepremio.com\/br\/wp-content\/uploads\/2020\/08\/ferrari-sebastianvettel-02-1-1024x683.jpg\" alt=\"\" class=\"wp-image-402485\"\/><figcaption>Sebastian Vettel teve desempenho modesto e ficou apenas em 14\u00ba (Foto: Ferrari)<\/figcaption><\/figure>\n\n\n\n<p class=\"wp-block-paragraph\">Com o problema de Vettel, a bandeira vermelha apareceu em Silverstone e interrompeu a sess\u00e3o. Na \u00faltima sexta-feira (31), nos treinos livres do GP da Inglaterra, o piloto da Ferrari enfrentou dificuldades com falhas no pedal, perdendo, inclusive, a primeira parte do dia.<\/p>\n\n\n\n<p class=\"wp-block-paragraph\">A F\u00f3rmula 1 volta a acelerar neste s\u00e1bado com o terceiro treino livre em\u00a0<a href=\"https:\/\/www.grandepremio.com\/br\/etapa\/f1\/gp-da-inglaterra-formula-1-2020\/\" target=\"_blank\" rel=\"noreferrer noopener\">Silverstone<\/a>, marcado para 7h (de Bras\u00edlia). O\u00a0<strong>GRANDE PR\u00caMIO<\/strong>\u00a0acompanha\u00a0<strong><a href=\"https:\/\/grandepremio.lance.com.br\/ao-vivo\/f1\/gp-dos-70-anos-2020-treinos-livres-ao-vivo\/\">AO VIVO e em TEMPO REAL<\/a><\/strong>\u00a0todo o fim de semana do GP dos 70 Anos da F1.<\/p>\n","protected":false},"excerpt":{"rendered":"<p>Sebastian Vettel estava longe de fazer sua melhor sess\u00e3o de treinos livres em Silverstone, ocupando o 14\u00ba posto, mas um problema no carro acabou com o dia do alem\u00e3o. Segundos antes, no entanto, a Ferrari estava elogiando o desempenho do tetracampe\u00e3o mundial<\/p>\n","protected":false},"author":0,"featured_media":1000404062,"comment_status":"closed","ping_status":"closed","sticky":false,"template":"","format":"standard","meta":{"42wp_featured_image_caption":"","42wp_featured_image_credits":"","42wp_featured_video":"","42wp_featured_image_hidden":false,"42wp_authors_list":[],"footnotes":""},"categories":[2],"tags":[118,207,24837,24860,25720,210,3632,975],"42wp_author":[47109],"class_list":["post-128323","post","type-post","status-publish","format-standard","has-post-thumbnail","hentry","category-f1","tag-f1-2020","tag-ferrari","tag-formula-1-2","tag-formula-1-2020-2","tag-gp-dos-70-anos","tag-sebastian-vettel","tag-silverstone","tag-treino-livre","42wp_author-redacao-gp"],"_links":{"self":[{"href":"https:\/\/grandepremio.com\/br\/wp-json\/wp\/v2\/posts\/128323","targetHints":{"allow":["GET"]}}],"collection":[{"href":"https:\/\/grandepremio.com\/br\/wp-json\/wp\/v2\/posts"}],"about":[{"href":"https:\/\/grandepremio.com\/br\/wp-json\/wp\/v2\/types\/post"}],"replies":[{"embeddable":true,"href":"https:\/\/grandepremio.com\/br\/wp-json\/wp\/v2\/comments?post=128323"}],"version-history":[{"count":0,"href":"https:\/\/grandepremio.com\/br\/wp-json\/wp\/v2\/posts\/128323\/revisions"}],"wp:featuredmedia":[{"embeddable":true,"href":"https:\/\/grandepremio.com\/br\/wp-json\/wp\/v2\/media\/1000404062"}],"wp:attachment":[{"href":"https:\/\/grandepremio.com\/br\/wp-json\/wp\/v2\/media?parent=128323"}],"wp:term":[{"taxonomy":"category","embeddable":true,"href":"https:\/\/grandepremio.com\/br\/wp-json\/wp\/v2\/categories?post=128323"},{"taxonomy":"post_tag","embeddable":true,"href":"https:\/\/grandepremio.com\/br\/wp-json\/wp\/v2\/tags?post=128323"},{"taxonomy":"42wp_author","embeddable":true,"href":"https:\/\/grandepremio.com\/br\/wp-json\/wp\/v2\/42wp_author?post=128323"}],"curies":[{"name":"wp","href":"https:\/\/api.w.org\/{rel}","templated":true}]}}