{"id":128324,"date":"2020-08-07T12:58:33","date_gmt":"2020-08-07T15:58:33","guid":{"rendered":"https:\/\/grandepremio.com\/br\/noticias\/com-nova-vitoria-e-dissabor-dos-rivais-da-costa-dispara-confira-classificacao\/"},"modified":"2020-08-07T12:58:36","modified_gmt":"2020-08-07T15:58:36","slug":"com-nova-vitoria-e-dissabor-dos-rivais-da-costa-dispara-confira-classificacao","status":"publish","type":"post","link":"https:\/\/grandepremio.com\/br\/formula-e\/com-nova-vitoria-e-dissabor-dos-rivais-da-costa-dispara-confira-classificacao\/","title":{"rendered":"Com nova vit\u00f3ria e dissabor dos rivais, Da Costa dispara. Confira classifica\u00e7\u00e3o"},"content":{"rendered":"\n<figure class=\"wp-block-embed is-type-video is-provider-dailymotion\"><div class=\"wp-block-embed__wrapper\">\n<iframe loading=\"lazy\" title=\"Com Tempelhof como lar, FE volta para fechar p\u00e1gina do campeonato da pandemia\" frameborder=\"0\" width=\"500\" height=\"281\" src=\"https:\/\/geo.dailymotion.com\/player.html?video=x7ve5st&#038;\" allowfullscreen allow=\"autoplay; fullscreen; picture-in-picture; web-share\"><\/iframe>\n<\/div><\/figure>\n\n\n\n<p class=\"wp-block-paragraph\">Pensar em conter Ant\u00f3nio F\u00e9lix da Costa \u00e9 tarefa quase imposs\u00edvel neste momento. Ap\u00f3s mais uma <a href=\"https:\/\/www.grandepremio.com\/br\/formula-e\/noticias\/imparavel-da-costa-volta-a-vencer-com-facilidade-em-berlim-di-grassi-vai-ao-podio\/?fl=true&amp;utm_source=lance\">vit\u00f3ria totalmente dominante em Berlim<\/a> nesta quinta-feira (6), a segunda em dois dias &#8211; terceira seguida na temporada -, o portugu\u00eas segue empilhando pontos. A vantagem fica menor porque os rivais que se imaginava incomodando tiveram um dia de pesadelo.<\/p>\n\n\n\n<p class=\"wp-block-paragraph\">Da Costa chegou a 125 pontos na tabela de classifica\u00e7\u00e3o ap\u00f3s mais uma pole e vit\u00f3ria &#8211; desta vez, contudo, a melhor volta da corrida ficou com um dos empatados na segunda coloca\u00e7\u00e3o do campeonato. Stoffel Vandoorne terminou em quinto, mas com o ponto extra e grudou nos 57 tentos, mesma pontua\u00e7\u00e3o de Lucas Di Grassi, terceiro colocado em Berlim 2.<\/p>\n\n\n\n<h4 class=\"wp-block-heading\"><a href=\"https:\/\/www.grandepremio.com\/br\/formula-e\/classificacao\/?fl=true&amp;utm_source=lance\"><strong>CONFIRA A CLASSIFICA\u00c7\u00c3O COMPLETA DA F\u00d3RMULA E AP\u00d3S O EP DE BERLIM 2<\/strong><\/a><\/h4>\n\n\n\n<p class=\"wp-block-paragraph\">Da\u00ed para tr\u00e1s, cabe a discuss\u00e3o dos nomes que saem mais decepcionados pelo que viram nestes dois primeiros dias da maratona. Mitch Evans e Max G\u00fcnther, antes colados, n\u00e3o marcaram pontos em Berlim at\u00e9 agora e ficaram, respectivamente, com 56 e 44. Alexander Sims at\u00e9 marcou pontos na quarta-feira, mas ficou longe neste segundo dia: s\u00f3 tem 48.<\/p>\n\n\n\n<p class=\"wp-block-paragraph\">Sam Bird e S\u00e9bastien Buemi est\u00e3o empatados com 52, enquanto Andr\u00e9 Lotterer anotou 45. O top-10 \u00e9 encerrado com os 36 de Oliver Rowland. Felipe Massa segue com apenas dois tentos.<\/p>\n\n\n\n<p class=\"wp-block-paragraph\">Entre as Equipes, a DS Techeetah tem 157 pontos contra 92 da BMW, segunda colocada, e 88 da Nissan, que passou a Mercedes (87), no terceiro lugar. A NIO \u00e9 a \u00fanica esquadra ainda zerada.<\/p>\n\n\n\n<p class=\"wp-block-paragraph\">A F\u00f3rmula E volta no s\u00e1bado, na mesma pista, mas em tra\u00e7ado um pouco diferente.<\/p>\n","protected":false},"excerpt":{"rendered":"<p>A diferen\u00e7a entre o portugu\u00eas e a segunda coloca\u00e7\u00e3o, dividida por Di Grassi e Vandoorne, \u00e9 de 68 pontos<\/p>\n","protected":false},"author":0,"featured_media":1000403570,"comment_status":"closed","ping_status":"closed","sticky":false,"template":"","format":"standard","meta":{"42wp_featured_image_caption":"","42wp_featured_image_credits":"","42wp_featured_video":"","42wp_featured_image_hidden":false,"42wp_authors_list":[],"footnotes":""},"categories":[19],"tags":[5078,983,1188,25774,970,5050,707,1860,852,195,504,24985,966,25777,82,909,25527,967],"42wp_author":[47120],"class_list":["post-128324","post","type-post","status-publish","format-standard","has-post-thumbnail","hentry","category-formula-e","tag-aeroporto-de-tempelhof","tag-alemanha","tag-alexander-sims","tag-antonio-felix-da-costa","tag-audi","tag-berlim","tag-bmw","tag-dragon","tag-ds-techeetah","tag-fe-2020","tag-felipe-massa","tag-formula-e-2020-2","tag-lucas-di-grassi","tag-maximilian-gunther-2","tag-mercedes","tag-mitch-evans","tag-sergio-sette-camara-2","tag-stoffel-vandoorne","42wp_author-pedro-henrique-marum"],"_links":{"self":[{"href":"https:\/\/grandepremio.com\/br\/wp-json\/wp\/v2\/posts\/128324","targetHints":{"allow":["GET"]}}],"collection":[{"href":"https:\/\/grandepremio.com\/br\/wp-json\/wp\/v2\/posts"}],"about":[{"href":"https:\/\/grandepremio.com\/br\/wp-json\/wp\/v2\/types\/post"}],"replies":[{"embeddable":true,"href":"https:\/\/grandepremio.com\/br\/wp-json\/wp\/v2\/comments?post=128324"}],"version-history":[{"count":0,"href":"https:\/\/grandepremio.com\/br\/wp-json\/wp\/v2\/posts\/128324\/revisions"}],"wp:featuredmedia":[{"embeddable":true,"href":"https:\/\/grandepremio.com\/br\/wp-json\/wp\/v2\/media\/1000403570"}],"wp:attachment":[{"href":"https:\/\/grandepremio.com\/br\/wp-json\/wp\/v2\/media?parent=128324"}],"wp:term":[{"taxonomy":"category","embeddable":true,"href":"https:\/\/grandepremio.com\/br\/wp-json\/wp\/v2\/categories?post=128324"},{"taxonomy":"post_tag","embeddable":true,"href":"https:\/\/grandepremio.com\/br\/wp-json\/wp\/v2\/tags?post=128324"},{"taxonomy":"42wp_author","embeddable":true,"href":"https:\/\/grandepremio.com\/br\/wp-json\/wp\/v2\/42wp_author?post=128324"}],"curies":[{"name":"wp","href":"https:\/\/api.w.org\/{rel}","templated":true}]}}