{"id":128334,"date":"2020-08-07T10:00:00","date_gmt":"2020-08-07T13:00:00","guid":{"rendered":"https:\/\/grandepremio.com\/br\/noticias\/gp-as-10-afobacao-de-marc-marquez-custa-caro-e-muda-rumos-da-motogp-2020\/"},"modified":"2020-08-08T19:39:41","modified_gmt":"2020-08-08T22:39:41","slug":"gp-as-10-afobacao-de-marc-marquez-custa-caro-e-muda-rumos-da-motogp-2020","status":"publish","type":"post","link":"https:\/\/grandepremio.com\/br\/motogp\/gp-as-10-afobacao-de-marc-marquez-custa-caro-e-muda-rumos-da-motogp-2020\/","title":{"rendered":"GP \u00e0s 10: Passeio com cachorro e janela: como Marc M\u00e1rquez mudou rumo da MotoGP"},"content":{"rendered":"\n<figure class=\"wp-block-embed-youtube wp-block-embed is-type-video is-provider-youtube wp-embed-aspect-16-9 wp-has-aspect-ratio\"><div class=\"wp-block-embed__wrapper\">\n<iframe loading=\"lazy\" title=\"Marc M\u00c1RQUEZ: como um C\u00c3O e uma JANELA mudaram a MOTOGP 2020 | GP \u00e0s 10\" width=\"500\" height=\"281\" src=\"https:\/\/www.youtube.com\/embed\/1LJwUvnjVWQ?feature=oembed\" frameborder=\"0\" allow=\"accelerometer; autoplay; clipboard-write; encrypted-media; gyroscope; picture-in-picture; web-share\" referrerpolicy=\"strict-origin-when-cross-origin\" allowfullscreen><\/iframe>\n<\/div><\/figure>\n\n\n\n<p class=\"wp-block-paragraph\">Marc M\u00e1rquez precisou passar por nova cirurgia para tratar um dano na placa de tit\u00e2nio em seu \u00famero direito. Com isso, come\u00e7a do zero seu processo de recupera\u00e7\u00e3o e fica fora das pr\u00f3ximas tr\u00eas etapas, voltando apenas em Misano, em setembro. No GP \u00e0s 10 da sexta-feira (7), Nathalia De Vivo fala de como a tentativa precoce de retorno em Jerez mudou os rumos da temporada 2020.<\/p>\n","protected":false},"excerpt":{"rendered":"<p>Marc M\u00e1rquez passou novamente pela sala de opera\u00e7\u00e3o e agora recome\u00e7a um longo processo de recupera\u00e7\u00e3o. O espanhol fica fora dos pr\u00f3ximos tr\u00eas GPs, retornando apenas em setembro, e Nathalia De Vivo falou no GP \u00e0s 10 desta sexta-feira (7) sobre como os rumos da temporada mudaram<\/p>\n","protected":false},"author":0,"featured_media":1000403863,"comment_status":"closed","ping_status":"closed","sticky":false,"template":"","format":"standard","meta":{"42wp_featured_image_caption":"","42wp_featured_image_credits":"","42wp_featured_video":"","42wp_featured_image_hidden":false,"42wp_authors_list":[],"footnotes":""},"categories":[8],"tags":[4087,110,25775,130,24996,25020,79,174,78,173,889,172],"42wp_author":[47109],"class_list":["post-128334","post","type-post","status-publish","format-standard","has-post-thumbnail","hentry","category-motogp","tag-brno","tag-fabio-quartararo","tag-gp-da-tchequia","tag-honda","tag-marc-marquez-2","tag-maverick-vinales-2","tag-moto-gp","tag-moto-gp-2020","tag-motogp","tag-motogp-2020","tag-temporada-2020-motogp","tag-yamaha","42wp_author-redacao-gp"],"_links":{"self":[{"href":"https:\/\/grandepremio.com\/br\/wp-json\/wp\/v2\/posts\/128334","targetHints":{"allow":["GET"]}}],"collection":[{"href":"https:\/\/grandepremio.com\/br\/wp-json\/wp\/v2\/posts"}],"about":[{"href":"https:\/\/grandepremio.com\/br\/wp-json\/wp\/v2\/types\/post"}],"replies":[{"embeddable":true,"href":"https:\/\/grandepremio.com\/br\/wp-json\/wp\/v2\/comments?post=128334"}],"version-history":[{"count":0,"href":"https:\/\/grandepremio.com\/br\/wp-json\/wp\/v2\/posts\/128334\/revisions"}],"wp:featuredmedia":[{"embeddable":true,"href":"https:\/\/grandepremio.com\/br\/wp-json\/wp\/v2\/media\/1000403863"}],"wp:attachment":[{"href":"https:\/\/grandepremio.com\/br\/wp-json\/wp\/v2\/media?parent=128334"}],"wp:term":[{"taxonomy":"category","embeddable":true,"href":"https:\/\/grandepremio.com\/br\/wp-json\/wp\/v2\/categories?post=128334"},{"taxonomy":"post_tag","embeddable":true,"href":"https:\/\/grandepremio.com\/br\/wp-json\/wp\/v2\/tags?post=128334"},{"taxonomy":"42wp_author","embeddable":true,"href":"https:\/\/grandepremio.com\/br\/wp-json\/wp\/v2\/42wp_author?post=128334"}],"curies":[{"name":"wp","href":"https:\/\/api.w.org\/{rel}","templated":true}]}}