{"id":128337,"date":"2020-08-07T09:33:39","date_gmt":"2020-08-07T12:33:39","guid":{"rendered":"https:\/\/grandepremio.com\/br\/noticias\/racing-point-ve-punicao-desconcertante-e-diz-que-postura-renault-doi-e-surpreende\/"},"modified":"2020-08-07T09:38:05","modified_gmt":"2020-08-07T12:38:05","slug":"racing-point-ve-punicao-desconcertante-e-diz-que-postura-renault-doi-e-surpreende","status":"publish","type":"post","link":"https:\/\/grandepremio.com\/br\/f1\/racing-point-ve-punicao-desconcertante-e-diz-que-postura-renault-doi-e-surpreende\/","title":{"rendered":"Racing Point v\u00ea puni\u00e7\u00e3o \u201cdesconcertante\u201d e diz que postura da Renault \u201cd\u00f3i e surpreende\u201d"},"content":{"rendered":"\n<figure class=\"wp-block-embed-youtube wp-block-embed is-type-video is-provider-youtube wp-embed-aspect-16-9 wp-has-aspect-ratio\"><div class=\"wp-block-embed__wrapper\">\n<iframe loading=\"lazy\" title=\"O que envolve o PROJETO do AUT\u00d3DROMO de DEODORO para a F1 | Cadeira Cativa #18\" width=\"500\" height=\"281\" src=\"https:\/\/www.youtube.com\/embed\/ZsCZWGuUxg4?feature=oembed\" frameborder=\"0\" allow=\"accelerometer; autoplay; clipboard-write; encrypted-media; gyroscope; picture-in-picture; web-share\" referrerpolicy=\"strict-origin-when-cross-origin\" allowfullscreen><\/iframe>\n<\/div><\/figure>\n\n\n\n<p class=\"wp-block-paragraph\">\u00c0s v\u00e9speras do primeiro treino livre do GP dos 70 Anos da F\u00f3rmula 1, nesta sexta-feira (7), a FIA (Federa\u00e7\u00e3o Internacional de Automobilismo) anunciou que acatou em partes os protestos da Renault nos \u00faltimos GPs da Est\u00edria, Hungria e Inglaterra e <a href=\"https:\/\/www.grandepremio.com\/br\/f1\/noticias\/fia-aceita-protestos-da-renault-e-pune-racing-point-com-retirada-de-pontos-e-multa-de-r-25-mi\/?fl=true&amp;utm_source=lance\">puniu a Racing Point por n\u00e3o ter sido a equipe respons\u00e1vel pelas bases do projeto dos dutos de freios traseiros do RP20, conhecido como \u2018Mercedes rosa\u2019. A escuderia de Silverstone foi sancionada em 15 pontos no Mundial de Construtores e multa total de \u20ac 400 mil (ou R$ 2,5 milh\u00f5es, na cota\u00e7\u00e3o atual)<\/a>.<\/p>\n\n\n\n<p class=\"wp-block-paragraph\">A decis\u00e3o da FIA permite, no entanto, que a Racing Point siga usando as pe\u00e7as consideradas ilegais no carro ao longo da temporada. A entidade definiu que o que a Racing Point fez foi uma adapta\u00e7\u00e3o, mas n\u00e3o um projeto do zero, o que contraria o regulamento da F\u00f3rmula 1, entendendo que o esfor\u00e7o da equipe n\u00e3o foi o da Mercedes, de onde se origina o projeto dos dutos de freios. Assim, a entidade concluiu que a Racing Point obteve vantagem.<\/p>\n\n\n\n<p class=\"wp-block-paragraph\">No entanto, a escuderia de Silverstone n\u00e3o vai precisar desenhar os dutos de freio porque a FIA entende que n\u00e3o faz sentido que a Racing Point \u201cdesaprenda\u201d o que j\u00e1 se sabe, mas a organiza\u00e7\u00e3o julgou ser necess\u00e1rio punir de alguma forma para neutralizar a vantagem obtida.<\/p>\n\n\n\n<figure class=\"wp-block-image size-large\"><img decoding=\"async\" src=\"https:\/\/www.grandepremio.com\/br\/wp-content\/uploads\/2020\/03\/2018210947698_OtmarSzafnauer_DMa.jpg\" alt=\"\" class=\"wp-image-351462\"\/><figcaption>Otmar Szafnauer entende que decis\u00e3o da FIA \u00e9 boa por um lado, mas ruim por outro (Foto: Racing Point)<\/figcaption><\/figure>\n\n\n\n<p class=\"wp-block-paragraph\">Otmar Szafnauer, chefe da equipe brit\u00e2nica, entende que a decis\u00e3o \u00e9 boa por um lado, mas ruim por outro. Em entrevista pouco depois de tomar conhecimento do veredito por parte da FIA, o dirigente romeno falou a respeito.<\/p>\n\n\n\n<p class=\"wp-block-paragraph\">\u201cMinha opini\u00e3o \u00e9 que a boa not\u00edcia do julgamento \u00e9 que o carro \u00e9 completamente legal do ponto de vista t\u00e9cnico, para que possamos continuar a operar os dutos de freio. \u00c9 somente uma quest\u00e3o de processo que est\u00e1 nos regulamentos desportivos\u201d, salientou.<\/p>\n\n\n\n<p class=\"wp-block-paragraph\">\u201cLemos os regulamentos e n\u00e3o h\u00e1 nada espec\u00edfico que diga que n\u00e3o podemos fazer o que fizemos. Outras equipes fizeram exatamente o mesmo, talvez menos do que fizemos ou at\u00e9 mais, de certa forma. Ent\u00e3o, \u00e9 um pouco desconcertante\u201d, lastimou Szafnauer.<\/p>\n\n\n\n<p class=\"wp-block-paragraph\">Sobre a possibilidade de entrar com recurso e contestar a decis\u00e3o da FIA, a Racing Point tem como prazo at\u00e9 a manh\u00e3 deste s\u00e1bado. No momento, ainda n\u00e3o se sabe se a equipe vai tentar recuperar os pontos e reverter a puni\u00e7\u00e3o.<\/p>\n\n\n\n<p class=\"wp-block-paragraph\">\u201cNo entanto, agora precisamos decidir se devemos apelar da nossa puni\u00e7\u00e3o. Mas, como disse, a boa not\u00edcia \u00e9 que podemos continuar usando o carro como est\u00e1. Aqui e depois, \u00e9 completamente legal. Existe apenas uma parte do carro que passou de uma parte n\u00e3o listada para uma parte listada, que s\u00e3o os dutos de freio\u201d, explicou.<\/p>\n\n\n\n<p class=\"wp-block-paragraph\">Por fim, o dirigente aproveitou a oportunidade para cutucar a Renault, a respons\u00e1vel direta pelos protestos que resultaram nas puni\u00e7\u00f5es impostas \u00e0 Racing Point.<\/p>\n\n\n\n<p class=\"wp-block-paragraph\">\u201cEu estava na reuni\u00e3o do grupo de estrat\u00e9gia quando votamos a favor, passando de uma parte n\u00e3o listada para listada [entre as pe\u00e7as que precisam ser originais]. Algumas equipes n\u00e3o queriam que isso acontecesse, e n\u00f3s fomos o voto decisivo. Apoiei Cyril [Abiteboul, chefe da Renault] de todo o cora\u00e7\u00e3o nisso. Iniciamos esse processo bem antes dos dutos de freio serem contemplados, passando de n\u00e3o listados para listados. Ent\u00e3o, d\u00f3i e me surpreende\u201d, concluiu.<\/p>\n\n\n\n<p class=\"wp-block-paragraph\">No entanto, a Renault parece n\u00e3o estar plenamente satisfeita com a decis\u00e3o. Em entrevista coletiva pouco depois do TL1 do GP dos 70 Anos da F1, Abiteboul disse que a Renault considera apelar do veredito da FIA por entender que a puni\u00e7\u00e3o imposta \u00e0 Racing Point foi branda demais.<\/p>\n\n\n\n<p class=\"wp-block-paragraph\">O <strong>GRANDE PR\u00caMIO<\/strong> acompanha o fim de semana do GP dos 70 Anos da F\u00f3rmula 1 <a href=\"https:\/\/www.grandepremio.com\/br\/ao-vivo\/f1\/gp-dos-70-anos-2020-treinos-livres-ao-vivo\/?fl=true&amp;utm_source=lance\">AO VIVO e em TEMPO REAL<\/a>. Siga tudo <a href=\"https:\/\/www.grandepremio.com\/br\/f1\/?fl=true&amp;utm_source=lance\">aqui<\/a>.<\/p>\n\n\n\n<figure class=\"wp-block-embed-youtube wp-block-embed is-type-video is-provider-youtube wp-embed-aspect-16-9 wp-has-aspect-ratio\"><div class=\"wp-block-embed__wrapper\">\n<iframe loading=\"lazy\" title=\"Sebastian Vettel N\u00c3O MERECE ser relegado a RESTO e tem de deixar FERRARI j\u00e1! | GP \u00e0s 10\" width=\"500\" height=\"281\" src=\"https:\/\/www.youtube.com\/embed\/H_wOh8B7T6w?feature=oembed\" frameborder=\"0\" allow=\"accelerometer; autoplay; clipboard-write; encrypted-media; gyroscope; picture-in-picture; web-share\" referrerpolicy=\"strict-origin-when-cross-origin\" allowfullscreen><\/iframe>\n<\/div><\/figure>\n","protected":false},"excerpt":{"rendered":"<p>Otmar Szafnauer, chefe de equipe da Racing Point, ainda tem d\u00favidas sobre uma eventual apela\u00e7\u00e3o \u00e0 decis\u00e3o da FIA, mas diz que o fato de n\u00e3o precisar mexer no RP20 para a sequ\u00eancia da temporada \u00e9 uma boa not\u00edcia. No entanto, o dirigente romeno criticou a postura da rival de Enstone<\/p>\n","protected":false},"author":0,"featured_media":1000402448,"comment_status":"closed","ping_status":"closed","sticky":false,"template":"","format":"standard","meta":{"42wp_featured_image_caption":"","42wp_featured_image_credits":"","42wp_featured_video":"","42wp_featured_image_hidden":false,"42wp_authors_list":[],"footnotes":""},"categories":[2],"tags":[25811,147,103,24837,24836,477,310,229],"42wp_author":[47109],"class_list":["post-128337","post","type-post","status-publish","format-standard","has-post-thumbnail","hentry","category-f1","tag-decisao","tag-f1","tag-fia","tag-formula-1-2","tag-grande-premio-2","tag-otmar-szafnauer","tag-racing-point","tag-renault","42wp_author-redacao-gp"],"_links":{"self":[{"href":"https:\/\/grandepremio.com\/br\/wp-json\/wp\/v2\/posts\/128337","targetHints":{"allow":["GET"]}}],"collection":[{"href":"https:\/\/grandepremio.com\/br\/wp-json\/wp\/v2\/posts"}],"about":[{"href":"https:\/\/grandepremio.com\/br\/wp-json\/wp\/v2\/types\/post"}],"replies":[{"embeddable":true,"href":"https:\/\/grandepremio.com\/br\/wp-json\/wp\/v2\/comments?post=128337"}],"version-history":[{"count":0,"href":"https:\/\/grandepremio.com\/br\/wp-json\/wp\/v2\/posts\/128337\/revisions"}],"wp:featuredmedia":[{"embeddable":true,"href":"https:\/\/grandepremio.com\/br\/wp-json\/wp\/v2\/media\/1000402448"}],"wp:attachment":[{"href":"https:\/\/grandepremio.com\/br\/wp-json\/wp\/v2\/media?parent=128337"}],"wp:term":[{"taxonomy":"category","embeddable":true,"href":"https:\/\/grandepremio.com\/br\/wp-json\/wp\/v2\/categories?post=128337"},{"taxonomy":"post_tag","embeddable":true,"href":"https:\/\/grandepremio.com\/br\/wp-json\/wp\/v2\/tags?post=128337"},{"taxonomy":"42wp_author","embeddable":true,"href":"https:\/\/grandepremio.com\/br\/wp-json\/wp\/v2\/42wp_author?post=128337"}],"curies":[{"name":"wp","href":"https:\/\/api.w.org\/{rel}","templated":true}]}}