{"id":128350,"date":"2020-08-07T05:02:00","date_gmt":"2020-08-07T08:02:00","guid":{"rendered":"https:\/\/grandepremio.com\/br\/noticias\/perez-volta-a-testar-positivo-para-coronavirus-e-hulkenberg-corre-no-gp-dos-70-anos\/"},"modified":"2020-08-07T08:59:23","modified_gmt":"2020-08-07T11:59:23","slug":"perez-volta-a-testar-positivo-para-coronavirus-e-hulkenberg-corre-no-gp-dos-70-anos","status":"publish","type":"post","link":"https:\/\/grandepremio.com\/br\/f1\/perez-volta-a-testar-positivo-para-coronavirus-e-hulkenberg-corre-no-gp-dos-70-anos\/","title":{"rendered":"P\u00e9rez volta a testar positivo para coronav\u00edrus e H\u00fclkenberg corre no GP dos 70 anos"},"content":{"rendered":"<p><meta http-equiv=\"refresh\" content=\"150; url=https:\/\/www.youtube.com\/watch?v=ZsCZWGuUxg4\"><\/p>\n\n\n<figure class=\"wp-block-embed-dailymotion wp-block-embed is-type-video is-provider-dailymotion wp-embed-aspect-16-9 wp-has-aspect-ratio\"><div class=\"wp-block-embed__wrapper\">\n<iframe loading=\"lazy\" title=\"H\u00fclkenberg segue trilha de MORENO e caminha para ser SUPER SUB na F1 | GP \u00e0s 10\" frameborder=\"0\" width=\"500\" height=\"281\" src=\"https:\/\/geo.dailymotion.com\/player.html?video=x7veg6c&#038;\" allowfullscreen allow=\"autoplay; fullscreen; picture-in-picture; web-share\"><\/iframe>\n<\/div><\/figure>\n\n\n\n<p class=\"wp-block-paragraph\">A Racing Point confirmou na manh\u00e3 desta sexta-feira (7) que Nico H\u00fclkenberg volta ao cockpit no GP dos 70 Anos, marcado para este fim de semana em Silverstone. Ser\u00e1 a segunda participa\u00e7\u00e3o do piloto alem\u00e3o como substituto de Sergio P\u00e9rez, que voltou a testar positivo para coronav\u00edrus e segue afastado da F\u00f3rmula 1 at\u00e9 segunda ordem.<\/p>\n\n\n\n<p class=\"wp-block-paragraph\">O favoritismo para a vaga na Racing Point era de P\u00e9rez em um primeiro momento. Por quest\u00f5es burocr\u00e1ticas, o mexicano foi autorizado a retornar ao paddock ap\u00f3s apenas sete dias de isolamento, e n\u00e3o dez. Isso, claro, se testasse negativo para coronav\u00edrus. Como n\u00e3o deu, H\u00fclkenberg voltou a agir como <strong><a href=\"https:\/\/www.grandepremio.com\/br\/f1\/noticias\/gp-as-10-como-moreno-na-indy-hulkenberg-caminha-para-ser-super-sub-na-formula-1\/\">&#8216;super sub&#8217;<\/a><\/strong>.<\/p>\n\n\n\n<p class=\"wp-block-paragraph\">\u201cEu fico animado por voltar \u00e0 equipe em Silverstone&#8221;, disse H\u00fclkenberg. &#8220;Demos um passo rumo ao desconhecido fim de semana passado, considerando que fiquei afastado da equipe por alguns anos e que pilotei um carro que nunca tinha pilotado antes. Eu aprendi muito sobre o RP20 na semana passada e estou pronto para aplicar essas experi\u00eancias neste fim de semana. Correr na mesma pista facilita as coisas. Acho que podemos lutar por pontos neste fim de semana, que \u00e9 certamente meu objetivo. Quero desejar o melhor ao Checo [P\u00e9rez] em sua recupera\u00e7\u00e3o\u201d, seguiu.<\/p>\n\n\n\n<p class=\"wp-block-paragraph\">H\u00fclkenberg ter\u00e1 a primeira chance de largar em 2020. Apesar de ter participado dos tr\u00eas treinos livres e da sess\u00e3o de classifica\u00e7\u00e3o do GP da Inglaterra, onde fez o 13\u00ba melhor tempo, o alem\u00e3o <strong><a href=\"https:\/\/www.grandepremio.com\/br\/f1\/noticias\/carro-da-racing-point-tem-pane-e-hulkenberg-fica-fora-do-gp-da-inglaterra\/\">sequer saiu da garagem<\/a><\/strong> no domingo ao sofrer com um <strong><a href=\"https:\/\/www.grandepremio.com\/br\/f1\/noticias\/racing-point-diz-que-quebra-na-embreagem-evitou-largada-de-hulkenberg-na-inglaterra\/\">problema na embreagem<\/a><\/strong>.<\/p>\n\n\n\n<figure class=\"wp-block-image size-large\"><img decoding=\"async\" src=\"https:\/\/www.grandepremio.com\/br\/wp-content\/uploads\/2020\/08\/racingpoint-nicohulkenberg-02-1024x683.jpg\" alt=\"\" class=\"wp-image-401972\"\/><figcaption>Nico H\u00fclkenberg voltou \u00e0 F\u00f3rmula 1 e fez o 13\u00ba melhor tempo na classifica\u00e7\u00e3o (Foto: Racing Point)<\/figcaption><\/figure>\n\n\n\n<p class=\"wp-block-paragraph\">O problema mec\u00e2nico impediu uma an\u00e1lise da performance de H\u00fclkenberg em corrida. Mesmo assim, o chefe Otmar Szafnauer n\u00e3o tem d\u00favidas de que trata-se da escolha certa para o GP dos 70 Anos.<\/p>\n\n\n\n<p class=\"wp-block-paragraph\">\u201cO Nico fez um trabalho muito bom semana passada, recebendo o chamado de \u00faltima hora para pilotar em Silverstone, e ele se mostrou a op\u00e7\u00e3o \u00f3bvia para substituir o Checo [P\u00e9rez]. \u00c9 uma grande pena que ele [H\u00fclkenberg] n\u00e3o tenha corrido domingo passado, mas todo aquele trabalho pesado vai ser \u00fatil neste fim de semana. Sentimos falta do Checo, mas desejamos o melhor para ele e estamos ansiosos para t\u00ea-lo de volta no futuro pr\u00f3ximo\u201d, refletiu Szafnauer.<\/p>\n\n\n\n<p class=\"wp-block-paragraph\">Nico estava fora do grid desde que foi substitu\u00eddo por Esteban Ocon na Renault, no fim do ano passado. O #27 \u00e9 velho conhecido da Racing Point, j\u00e1 que defendeu as cores do que ent\u00e3o era a Force India por duas passagens.<\/p>\n\n\n\n<p class=\"wp-block-paragraph\"> Na primeira, em 2011 e 2012, passou o primeiro ano como reserva e marcou 63 tentos no ano em que esteve na pista \u2013 mais que o companheiro&nbsp;<a href=\"https:\/\/www.grandepremio.com\/br\/?s=Di+Resta\">Paul di Resta<\/a>; na segunda passagem, ao lado do pr\u00f3prio P\u00e9rez, ficou entre 2014 e 2016, e marcou 226 pontos, levando a pior na briga interna.<\/p>\n\n\n\n<figure class=\"wp-block-embed-youtube wp-block-embed is-type-video is-provider-youtube wp-embed-aspect-16-9 wp-has-aspect-ratio\"><div class=\"wp-block-embed__wrapper\">\n<iframe loading=\"lazy\" title=\"Vit\u00f3ria de Hamilton com tr\u00eas pneus entra para hist\u00f3ria, mas N\u00c3O \u00e9 \u00daNICO na F1 | GP \u00e0s 10\" width=\"500\" height=\"281\" src=\"https:\/\/www.youtube.com\/embed\/dbXyNYPsh4Q?start=15&amp;feature=oembed\" frameborder=\"0\" allow=\"accelerometer; autoplay; clipboard-write; encrypted-media; gyroscope; picture-in-picture; web-share\" referrerpolicy=\"strict-origin-when-cross-origin\" allowfullscreen><\/iframe>\n<\/div><\/figure>\n","protected":false},"excerpt":{"rendered":"<p>Como esperado, Nico H\u00fclkenberg volta a ocupar posto de Sergio P\u00e9rez na Racing Point. O alem\u00e3o n\u00e3o conseguiu largar no GP da Inglaterra e tenta ao menos participar do GP dos 70 anos<\/p>\n","protected":false},"author":0,"featured_media":1000401580,"comment_status":"closed","ping_status":"closed","sticky":false,"template":"","format":"standard","meta":{"42wp_featured_image_caption":"","42wp_featured_image_credits":"","42wp_featured_video":"","42wp_featured_image_hidden":false,"42wp_authors_list":[],"footnotes":""},"categories":[2],"tags":[147,118,24837,25720,25514,24863,3632],"42wp_author":[47119],"class_list":["post-128350","post","type-post","status-publish","format-standard","has-post-thumbnail","hentry","category-f1","tag-f1","tag-f1-2020","tag-formula-1-2","tag-gp-dos-70-anos","tag-nico-hulkenberg-2","tag-sergio-perez-2","tag-silverstone","42wp_author-gabriel-carvalho"],"_links":{"self":[{"href":"https:\/\/grandepremio.com\/br\/wp-json\/wp\/v2\/posts\/128350","targetHints":{"allow":["GET"]}}],"collection":[{"href":"https:\/\/grandepremio.com\/br\/wp-json\/wp\/v2\/posts"}],"about":[{"href":"https:\/\/grandepremio.com\/br\/wp-json\/wp\/v2\/types\/post"}],"replies":[{"embeddable":true,"href":"https:\/\/grandepremio.com\/br\/wp-json\/wp\/v2\/comments?post=128350"}],"version-history":[{"count":0,"href":"https:\/\/grandepremio.com\/br\/wp-json\/wp\/v2\/posts\/128350\/revisions"}],"wp:featuredmedia":[{"embeddable":true,"href":"https:\/\/grandepremio.com\/br\/wp-json\/wp\/v2\/media\/1000401580"}],"wp:attachment":[{"href":"https:\/\/grandepremio.com\/br\/wp-json\/wp\/v2\/media?parent=128350"}],"wp:term":[{"taxonomy":"category","embeddable":true,"href":"https:\/\/grandepremio.com\/br\/wp-json\/wp\/v2\/categories?post=128350"},{"taxonomy":"post_tag","embeddable":true,"href":"https:\/\/grandepremio.com\/br\/wp-json\/wp\/v2\/tags?post=128350"},{"taxonomy":"42wp_author","embeddable":true,"href":"https:\/\/grandepremio.com\/br\/wp-json\/wp\/v2\/42wp_author?post=128350"}],"curies":[{"name":"wp","href":"https:\/\/api.w.org\/{rel}","templated":true}]}}