{"id":128363,"date":"2020-08-06T14:08:13","date_gmt":"2020-08-06T17:08:13","guid":{"rendered":"https:\/\/grandepremio.com\/br\/noticias\/cadeira-cativa-18-discute-polemicas-e-futuro-do-projeto-de-circuito-em-deodoro\/"},"modified":"2020-08-06T14:49:38","modified_gmt":"2020-08-06T17:49:38","slug":"cadeira-cativa-18-discute-polemicas-e-futuro-do-projeto-de-circuito-em-deodoro","status":"publish","type":"post","link":"https:\/\/grandepremio.com\/br\/grande-premio\/cadeira-cativa-18-discute-polemicas-e-futuro-do-projeto-de-circuito-em-deodoro\/","title":{"rendered":"Cadeira Cativa #18 discute pol\u00eamicas e futuro do projeto de circuito em Deodoro"},"content":{"rendered":"\n<p class=\"wp-block-paragraph\">O Cadeira Cativa chega \u00e0 edi\u00e7\u00e3o de n\u00famero 18 nesta quinta-feira (6). O programa, apresentado por Flavio Gomes, vai receber os jornalistas Dem\u00e9trio Vecchioli e Roberto Kaz para discutir a pol\u00eamica situa\u00e7\u00e3o do projeto do aut\u00f3dromo de Deodoro, no Rio de Janeiro, que planeja receber etapas da F\u00f3rmula 1 e MotoGP. A atra\u00e7\u00e3o vai ao ar, ao vivo, a partir das 20h (de Bras\u00edlia, GMT -3), <a href=\"https:\/\/www.youtube.com\/c\/GrandePremioTV\">no canal do <strong>GRANDE PR\u00caMIO<\/strong> no YouTube<\/a>.<\/p>\n\n\n\n<p class=\"wp-block-paragraph\">Dem\u00e9trio Vecchioli \u00e9 jornalista e j\u00e1 passou pelo site UOL, pela R\u00e1dio Estad\u00e3o e trabalhou na Ag\u00eancia Estado. Tamb\u00e9m foi rep\u00f3rter freelancer para a revista ISTO\u00c9 e atualmente \u00e9 dono do blog Olhar Ol\u00edmpico, tamb\u00e9m no UOL, que acompanha a governan\u00e7a do esporte.<\/p>\n\n\n\n<figure class=\"wp-block-embed-youtube wp-block-embed is-type-video is-provider-youtube wp-embed-aspect-16-9 wp-has-aspect-ratio\"><div class=\"wp-block-embed__wrapper\">\n<iframe loading=\"lazy\" title=\"O que envolve o PROJETO do AUT\u00d3DROMO de DEODORO para a F1 | Cadeira Cativa #18\" width=\"500\" height=\"281\" src=\"https:\/\/www.youtube.com\/embed\/ZsCZWGuUxg4?feature=oembed\" frameborder=\"0\" allow=\"accelerometer; autoplay; clipboard-write; encrypted-media; gyroscope; picture-in-picture; web-share\" referrerpolicy=\"strict-origin-when-cross-origin\" allowfullscreen><\/iframe>\n<\/div><\/figure>\n\n\n\n<p class=\"wp-block-paragraph\">Roberto Kaz trabalhou como rep\u00f3rter nos jornais Folha de S.Paulo e O Globo, onde ganhou, em 2014, o pr\u00eamio Esso de reportagem. Atualmente est\u00e1 na revista Piau\u00ed e produziu mat\u00e9rias sobre o projeto para a constru\u00e7\u00e3o do aut\u00f3dromo e os impactos na Floresta do Camboat\u00e1, \u00e1rea que poder\u00e1 ser destru\u00edda para dar lugar ao circuito. Tamb\u00e9m \u00e9 o autor de &#8220;O Livro dos Bichos&#8221; (2016). <\/p>\n\n\n\n<p class=\"wp-block-paragraph\">O Cadeira Cativa, que re\u00fane jornalistas e especialistas do esporte a motor, tem produ\u00e7\u00e3o de Evelyn Guimar\u00e3es, Gabriel Carvalho, Pedro Luis Cuenca e Rodrigo Berton. <a href=\"https:\/\/www.youtube.com\/playlist?list=PLULYLQYUzB5quTd-TVZPMhYwfGBYPTVy7\">Confira aqui os programas anteriores<\/a>.<\/p>\n","protected":false},"excerpt":{"rendered":"<p>O Cadeira Cativa traz uma edi\u00e7\u00e3o para discutir o futuro do pol\u00eamico circuito em Deodoro, no Rio de Janeiro. Dem\u00e9trio Vecchioli e Roberto Kaz s\u00e3o os convidados<\/p>\n","protected":false},"author":0,"featured_media":1000403584,"comment_status":"closed","ping_status":"closed","sticky":false,"template":"","format":"standard","meta":{"42wp_featured_image_caption":"","42wp_featured_image_credits":"","42wp_featured_video":"","42wp_featured_image_hidden":false,"42wp_authors_list":[],"footnotes":""},"categories":[4],"tags":[24900,1749,122,24837,24836,78,317],"42wp_author":[47109],"class_list":["post-128363","post","type-post","status-publish","format-standard","has-post-thumbnail","hentry","category-grande-premio","tag-cadeira-cativa","tag-deodoro","tag-flavio-gomes","tag-formula-1-2","tag-grande-premio-2","tag-motogp","tag-youtube","42wp_author-redacao-gp"],"_links":{"self":[{"href":"https:\/\/grandepremio.com\/br\/wp-json\/wp\/v2\/posts\/128363","targetHints":{"allow":["GET"]}}],"collection":[{"href":"https:\/\/grandepremio.com\/br\/wp-json\/wp\/v2\/posts"}],"about":[{"href":"https:\/\/grandepremio.com\/br\/wp-json\/wp\/v2\/types\/post"}],"replies":[{"embeddable":true,"href":"https:\/\/grandepremio.com\/br\/wp-json\/wp\/v2\/comments?post=128363"}],"version-history":[{"count":0,"href":"https:\/\/grandepremio.com\/br\/wp-json\/wp\/v2\/posts\/128363\/revisions"}],"wp:featuredmedia":[{"embeddable":true,"href":"https:\/\/grandepremio.com\/br\/wp-json\/wp\/v2\/media\/1000403584"}],"wp:attachment":[{"href":"https:\/\/grandepremio.com\/br\/wp-json\/wp\/v2\/media?parent=128363"}],"wp:term":[{"taxonomy":"category","embeddable":true,"href":"https:\/\/grandepremio.com\/br\/wp-json\/wp\/v2\/categories?post=128363"},{"taxonomy":"post_tag","embeddable":true,"href":"https:\/\/grandepremio.com\/br\/wp-json\/wp\/v2\/tags?post=128363"},{"taxonomy":"42wp_author","embeddable":true,"href":"https:\/\/grandepremio.com\/br\/wp-json\/wp\/v2\/42wp_author?post=128363"}],"curies":[{"name":"wp","href":"https:\/\/api.w.org\/{rel}","templated":true}]}}