{"id":128387,"date":"2020-08-06T04:15:00","date_gmt":"2020-08-06T07:15:00","guid":{"rendered":"https:\/\/grandepremio.com\/br\/noticias\/virgin-e-primeira-equipe-da-formula-e-a-zerar-emissoes-de-novo-carbono\/"},"modified":"2020-08-05T20:27:01","modified_gmt":"2020-08-05T23:27:01","slug":"virgin-e-primeira-equipe-da-formula-e-a-zerar-emissoes-de-novo-carbono","status":"publish","type":"post","link":"https:\/\/grandepremio.com\/br\/formula-e\/virgin-e-primeira-equipe-da-formula-e-a-zerar-emissoes-de-novo-carbono\/","title":{"rendered":"Virgin \u00e9 primeira equipe da F\u00f3rmula E a zerar emiss\u00f5es de novo carbono"},"content":{"rendered":"\n<figure class=\"wp-block-embed is-type-video is-provider-dailymotion\"><div class=\"wp-block-embed__wrapper\">\n<iframe loading=\"lazy\" title=\"Com Tempelhof como lar, FE volta para fechar p\u00e1gina do campeonato da pandemia\" frameborder=\"0\" width=\"500\" height=\"281\" src=\"https:\/\/geo.dailymotion.com\/player.html?video=x7ve5st&#038;\" allowfullscreen allow=\"autoplay; fullscreen; picture-in-picture; web-share\"><\/iframe>\n<\/div><\/figure>\n\n\n\n<p class=\"wp-block-paragraph\">A Virgin \u00e9 a primeira equipe da F\u00f3rmula E a atingir o status de &#8216;carbon neutral&#8217;. A equipe foi premiada por isso nesta semana, durante um encontro do grupo Corrida Contra as Mudan\u00e7as Clim\u00e1ticas.<\/p>\n\n\n\n<p class=\"wp-block-paragraph\">\u00c9 importante explicar o que \u00e9 &#8216;carbon neutral&#8217;. Sim, a tradu\u00e7\u00e3o \u00e9 livre, mas n\u00e3o explica absolutamente do que se trata. A Virgin ainda emite di\u00f3xido de carbono, embora muito pouco em compara\u00e7\u00e3o a outras equipes, mas compensa com trabalho em outras fontes que poupam a mesma quantidade &#8211; ou at\u00e9 maior &#8211; do que emite. Assim, n\u00e3o h\u00e1 di\u00f3xido de carbono &#8216;novo&#8217; no ar. O elemento, claro, \u00e9 um dos vil\u00f5es do aquecimento global.<\/p>\n\n\n\n<p class=\"wp-block-paragraph\">O encontro contou com a participa\u00e7\u00e3o de gente de diversas \u00e1reas, n\u00e3o apenas das corridas. H\u00e9ctor Beller\u00edn, jogador do Arsenal, da Inglaterra, e o ator e embaixador da ONU Aidan Gallagher, por exemplo. A diretora de opera\u00e7\u00f5es Jennifer Babington representou a Virgin.<\/p>\n\n\n\n<p class=\"wp-block-paragraph\">&#8220;Uma vez que apenas algumas institui\u00e7\u00f5es esportivas contam com essa honra, sei que todos os membros da nossa equipe est\u00e3o imensamente orgulhosos do que alcan\u00e7amos. Somos, mais que equipe de corrida, uma plataforma para combater as mudan\u00e7as clim\u00e1ticas. Queremos aplicar o que pregamos e mostrar &#8211; e convidar &#8211; os outros times a nos seguirem e provarem que esporte e sustentabilidade podem coexistir&#8221;, disse a diretora.<\/p>\n\n\n\n<p class=\"wp-block-paragraph\">&#8220;Trabalhamos muito duro para atingir esse status e vamos manter. Claro que onde, ao menos inicialmente, n\u00e3o conseguimos evitar a produ\u00e7\u00e3o de di\u00f3xido de carbono, implementamos a compensa\u00e7\u00e3o de carbono&#8221;, finalizou.<\/p>\n\n\n\n<p class=\"wp-block-paragraph\">Em sua f\u00e1brica, em Silverstone, a Virgin utiliza 100% da energia proveniente de fontes renov\u00e1veis e instalou alguns pontos de recarga de carros el\u00e9tricos do lado de fora, para uso p\u00fablico. Al\u00e9m disso, recicla 70% do pr\u00f3prio lixo e baniu o uso de pl\u00e1stico e consumo de carne vermelha nos eventos pr\u00f3prios.<\/p>\n\n\n\n<p class=\"wp-block-paragraph\">Para o trabalho de compensa\u00e7\u00e3o de carbono, a Virgin trabalha com o esquema de filtragem de \u00e1gua Aqua Clara, no Qu\u00eania, que trabalha com purifica\u00e7\u00e3o da \u00e1gua em vez da limpeza tradicional para consumo humano e tem, como fun\u00e7\u00e3o principal, alimentar zonas rurais do pa\u00eds africano. A atividade evita um n\u00famero estimado de 2.4 milh\u00f5es de toneladas de di\u00f3xido de carbono por ano.<\/p>\n\n\n\n<p class=\"wp-block-paragraph\">A F\u00f3rmula E recentemente lan\u00e7ou um programa chamado Positively Charged &#8211; ou Positivamente Carregado, em tradu\u00e7\u00e3o livre -, que ter\u00e1 em vista ajudar no trabalho de redu\u00e7\u00e3o de emiss\u00f5es de di\u00f3xido de carbono em \u00e1reas urbanas por meio da promo\u00e7\u00e3o ainda maior de trens de for\u00e7a el\u00e9tricos e h\u00edbridos. E, com as medidas de controle de custos para a pr\u00f3xima temporada, planeja reduzir ainda mais a emiss\u00e3o de gases poluentes. A divis\u00e3o de log\u00edstica da categoria ainda pretende aumentar a efici\u00eancia das viagens necess\u00e1rias para a categoria.<\/p>\n\n\n\n<p class=\"wp-block-paragraph\">Nas pistas, a Virgin foi ao p\u00f3dio na primeira corrida da maratona em Berlim: Sam Bird, que deixar\u00e1 o time ao fim da temporada, <a href=\"https:\/\/www.grandepremio.com\/br\/formula-e\/noticias\/da-costa-corre-sozinho-e-vence-primeira-prova-da-maratona-em-berlim-massa-bate\/?fl=true&amp;utm_source=lance\">ficou com a terceira coloca\u00e7\u00e3o<\/a>. A segunda corrida est\u00e1 marcada para esta quinta-feira.<\/p>\n\n\n\n<figure class=\"wp-block-embed-youtube wp-block-embed is-type-video is-provider-youtube wp-embed-aspect-16-9 wp-has-aspect-ratio\"><div class=\"wp-block-embed__wrapper\">\n<iframe loading=\"lazy\" title=\"O show de LEWIS HAMILTON em tr\u00eas rodas na F1 e a final da F\u00d3RMULA E | Paddock #208\" width=\"500\" height=\"281\" src=\"https:\/\/www.youtube.com\/embed\/nAU-3p441vc?feature=oembed\" frameborder=\"0\" allow=\"accelerometer; autoplay; clipboard-write; encrypted-media; gyroscope; picture-in-picture; web-share\" referrerpolicy=\"strict-origin-when-cross-origin\" allowfullscreen><\/iframe>\n<\/div><\/figure>\n","protected":false},"excerpt":{"rendered":"<p>Com diminui\u00e7\u00e3o dr\u00e1stica das emiss\u00f5es pr\u00f3prias e compensa\u00e7\u00e3o por meio de outros projetos, a Virgin n\u00e3o lan\u00e7a soma mais di\u00f3xido de carbono na atmosfera<\/p>\n","protected":false},"author":0,"featured_media":0,"comment_status":"closed","ping_status":"closed","sticky":false,"template":"","format":"standard","meta":{"42wp_featured_image_caption":"","42wp_featured_image_credits":"","42wp_featured_video":"","42wp_featured_image_hidden":false,"42wp_authors_list":[],"footnotes":""},"categories":[19],"tags":[5078,5050,195,24985,976,639],"42wp_author":[47109],"class_list":["post-128387","post","type-post","status-publish","format-standard","hentry","category-formula-e","tag-aeroporto-de-tempelhof","tag-berlim","tag-fe-2020","tag-formula-e-2020-2","tag-sam-bird","tag-virgin","42wp_author-redacao-gp"],"_links":{"self":[{"href":"https:\/\/grandepremio.com\/br\/wp-json\/wp\/v2\/posts\/128387","targetHints":{"allow":["GET"]}}],"collection":[{"href":"https:\/\/grandepremio.com\/br\/wp-json\/wp\/v2\/posts"}],"about":[{"href":"https:\/\/grandepremio.com\/br\/wp-json\/wp\/v2\/types\/post"}],"replies":[{"embeddable":true,"href":"https:\/\/grandepremio.com\/br\/wp-json\/wp\/v2\/comments?post=128387"}],"version-history":[{"count":0,"href":"https:\/\/grandepremio.com\/br\/wp-json\/wp\/v2\/posts\/128387\/revisions"}],"wp:attachment":[{"href":"https:\/\/grandepremio.com\/br\/wp-json\/wp\/v2\/media?parent=128387"}],"wp:term":[{"taxonomy":"category","embeddable":true,"href":"https:\/\/grandepremio.com\/br\/wp-json\/wp\/v2\/categories?post=128387"},{"taxonomy":"post_tag","embeddable":true,"href":"https:\/\/grandepremio.com\/br\/wp-json\/wp\/v2\/tags?post=128387"},{"taxonomy":"42wp_author","embeddable":true,"href":"https:\/\/grandepremio.com\/br\/wp-json\/wp\/v2\/42wp_author?post=128387"}],"curies":[{"name":"wp","href":"https:\/\/api.w.org\/{rel}","templated":true}]}}