{"id":128390,"date":"2020-08-05T19:15:54","date_gmt":"2020-08-05T22:15:54","guid":{"rendered":"https:\/\/grandepremio.com\/br\/noticias\/quer-bater-da-costa-so-se-aretha-franklin-fizer-uma-oracao-por-voce\/"},"modified":"2020-08-06T09:13:26","modified_gmt":"2020-08-06T12:13:26","slug":"quer-bater-da-costa-so-se-aretha-franklin-fizer-uma-oracao-por-voce","status":"publish","type":"post","link":"https:\/\/grandepremio.com\/br\/formula-e\/quer-bater-da-costa-so-se-aretha-franklin-fizer-uma-oracao-por-voce\/","title":{"rendered":"Quer bater Da Costa? S\u00f3 se Aretha Franklin fizer uma ora\u00e7\u00e3o por voc\u00ea"},"content":{"rendered":"\n<figure class=\"wp-block-embed is-type-video is-provider-dailymotion\"><div class=\"wp-block-embed__wrapper\">\n<iframe loading=\"lazy\" title=\"Com Tempelhof como lar, FE volta para fechar p\u00e1gina do campeonato da pandemia\" frameborder=\"0\" width=\"500\" height=\"281\" src=\"https:\/\/geo.dailymotion.com\/player.html?video=x7ve5st&#038;\" allowfullscreen allow=\"autoplay; fullscreen; picture-in-picture; web-share\"><\/iframe>\n<\/div><\/figure>\n\n\n\n<p class=\"wp-block-paragraph\">Talvez voc\u00ea tenha passado sua vida numa caverna e esteja lendo este texto por algum tipo de comunica\u00e7\u00e3o misteriosa, mas se n\u00e3o for esse o caso e voc\u00ea esteja por a\u00ed, no mundo real, \u00e9 evidente que sabe quem foi Aretha Franklin. Dona de uma das vozes mais poderosas da hist\u00f3ria da m\u00fasica, \u00e9 abertamente chamada de &#8220;maior cantora de todos os tempos&#8221; por muita gente mundo afora. &#8216;I Say a Little Prayer for You&#8217; &#8211; &#8216;Fa\u00e7o uma Ora\u00e7\u00e3o pra Voc\u00ea&#8217; &#8211; \u00e9 uma de suas mais famosas grava\u00e7\u00f5es, feita em 1968.<\/p>\n\n\n\n<p class=\"wp-block-paragraph\">Al\u00e9m de m\u00fasica deliciosa, &#8216;I Say a Little Prayer for You&#8217; se tornou uma popular faixa de trilhas sonoras de com\u00e9dias rom\u00e2nticas com o passar dos anos. A mais famosa delas, provavelmente, &#8216;O Casamento do Meu Melhor Amigo (1997)&#8217;.<\/p>\n\n\n\n<p class=\"wp-block-paragraph\">Justi\u00e7a seja feita, a vers\u00e3o do filme \u00e9 a original, de Dionne Warwick, mas vamos mesmo usar Aretha Franklin como refer\u00eancia, porque \u00e9 a vers\u00e3o que fez a m\u00fasica se tornar uma daquelas faixas eternas.<\/p>\n\n\n\n<p class=\"wp-block-paragraph\">E o que s\u00e3o as com\u00e9dias rom\u00e2nticas do cinema se n\u00e3o a colagem de recupera\u00e7\u00f5es rocambolescas na vida cotidiana? Pense a\u00ed nas com\u00e9dias rom\u00e2nticas que voc\u00ea lembra de ter visto, as mais famosas de todas. Rom-coms t\u00eam finais felizes, essa \u00e9 a hist\u00f3ria delas. \u00c9 o que acontece.<\/p>\n\n\n\n<figure class=\"wp-block-embed-youtube wp-block-embed is-type-video is-provider-youtube wp-embed-aspect-4-3 wp-has-aspect-ratio\"><div class=\"wp-block-embed__wrapper\">\n<iframe loading=\"lazy\" title=\"Aretha Franklin - I Say A Little Prayer: her very best performance!\" width=\"500\" height=\"375\" src=\"https:\/\/www.youtube.com\/embed\/7Ifw8JhDBvs?feature=oembed\" frameborder=\"0\" allow=\"accelerometer; autoplay; clipboard-write; encrypted-media; gyroscope; picture-in-picture; web-share\" referrerpolicy=\"strict-origin-when-cross-origin\" allowfullscreen><\/iframe>\n<\/div><\/figure>\n\n\n\n<p class=\"wp-block-paragraph\">E por que estamos falando sobre isso aqui? A situa\u00e7\u00e3o \u00e9 a seguinte: o que Ant\u00f3nio F\u00e9lix da Costa fez <a href=\"https:\/\/www.grandepremio.com\/br\/formula-e\/noticias\/da-costa-corre-sozinho-e-vence-primeira-prova-da-maratona-em-berlim-massa-bate\/?fl=true&amp;utm_source=lance\">nesta quarta-feira (5), em Berlim<\/a>, foi uma demoli\u00e7\u00e3o. A expectativa da concorr\u00eancia era ver o portugu\u00eas rendendo menos que antes da parada em virtude da pandemia do novo coronav\u00edrus, quando j\u00e1 dava ares de dominante. Mas a esperan\u00e7a saiu pela culatra e foi direto do queixo de quem segurava o mosquete.<\/p>\n\n\n\n<p class=\"wp-block-paragraph\">Da Costa n\u00e3o apenas venceu: ele passou por cima com a lideran\u00e7a das duas fases da classifica\u00e7\u00e3o &#8211; e a pole, claro -, venceu de ponta a ponta e ainda fez volta mais r\u00e1pida. Os advers\u00e1rios sequer estavam perto. O que era um campeonato apertado come\u00e7a a ser esgar\u00e7ado: <a href=\"https:\/\/www.grandepremio.com\/br\/formula-e\/classificacao\/?fl=true&amp;utm_source=lance\">o portugu\u00eas tem 41 pontos de vantagem<\/a>, o melhor carro e est\u00e1 em melhor momento. Ainda tem a sorte ao lado, como provou a bandeira amarela que interrompeu o modo ataque de Jean-\u00c9ric Vergne na parte final da prova no Aeroporto do Tempelhof.<\/p>\n\n\n\n<p class=\"wp-block-paragraph\">&#8216;O Casamento do Meu Melhor Amigo&#8217; tem um final diferente das tradicionais com\u00e9dias rom\u00e2nticas feitas para o ardor do p\u00fablico: a protagonista n\u00e3o consegue o que quer. No caso, fazer o amigo que vai casar em alguns dias perceber que ela, n\u00e3o a noiva, \u00e9 o amor da vida dele. A personagem de Julia Roberts, a MVP do g\u00eanero, percebe que ela \u00e9 a vil\u00e3 da hist\u00f3ria de outras pessoas, n\u00e3o a hero\u00edna dela mesma.<\/p>\n\n\n\n<figure class=\"wp-block-image size-large\"><img decoding=\"async\" src=\"https:\/\/www.grandepremio.com\/br\/wp-content\/uploads\/2020\/08\/5-EPS606_185140_FER7652-1024x683.jpg\" alt=\"\" class=\"wp-image-403384\"\/><figcaption>A bandeira quadriculada para Ant\u00f3nio F\u00e9lix da Costa (Foto: F\u00f3rmula E)<\/figcaption><\/figure>\n\n\n\n<p class=\"wp-block-paragraph\">Com rendimento pior, carros que n\u00e3o se sustentam e no mesmo espa\u00e7o de terra das outras cinco corridas, os rivais diretos na busca pelo t\u00edtulo da F\u00f3rmula E &#8211; Alexander Sims, Maximilian G\u00fcnther, Mitch Evans, Stoffel Vandoorne, Lucas Di Grassi e quem mais se candidatar &#8211; precisam que o restante da disputa se desenhe \u00e0 imagem de um roteiro de com\u00e9dia rom\u00e2ntica, uma daquelas reviravoltas t\u00e3o improv\u00e1veis e bobas quanto divertidas.<\/p>\n\n\n\n<p class=\"wp-block-paragraph\">N\u00e3o importa como. Ou, talvez, que Da Costa caia numa epifania sobre ser o vil\u00e3o da hist\u00f3ria de algu\u00e9m. Essa parece menos prov\u00e1vel, mas ainda mais poss\u00edvel que algu\u00e9m limpar a desvantagem que tem para o portugu\u00eas nesse momento.<\/p>\n\n\n\n<p class=\"wp-block-paragraph\">Eles precisam que, no filme de suas campanhas, surja uma vers\u00e3o de Aretha Franklin cantando que faz uma ora\u00e7\u00e3o para eles. \u00c9 isso ou nada.<\/p>\n\n\n\n<p class=\"wp-block-paragraph\">E provavelmente ser\u00e1 nada. O campeonato \u00e9 de Da Costa para decidir o destino.<\/p>\n\n\n\n<figure class=\"wp-block-image size-large\"><img decoding=\"async\" src=\"https:\/\/www.grandepremio.com\/br\/wp-content\/uploads\/2020\/08\/4-EPS606_180651_J6I6098-1024x683.jpg\" alt=\"\" class=\"wp-image-403383\"\/><figcaption>Da Costa com a bandeira de Portugal no p\u00f3dio (Foto: F\u00f3rmula E)<\/figcaption><\/figure>\n\n\n\n<h4 class=\"wp-block-heading\">ANT\u00d3NIO F\u00c9LIX DA COSTA<\/h4>\n\n\n\n<p class=\"wp-block-paragraph\">O portugu\u00eas est\u00e1 nas nuvens, como deixou claro ap\u00f3s a corrida. Ap\u00f3s anos com carros decepcionantes ou simplesmente ruins, mostra que sabe aproveitar como poucos um b\u00f3lido com condi\u00e7\u00f5es de ser campe\u00e3o.<\/p>\n\n\n\n<p class=\"wp-block-paragraph\">&#8220;Estou muito grato, sabe? Alguns pilotos aqui est\u00e3o em carros vencedores desde o Dia 0. Eu nunca, jamais mesmo, fa\u00e7o pouco de um dia como esse. Sei o quanto esperei para ter isso aqui. Temos um dos melhores carros do grid&#8221;, disse.<\/p>\n\n\n\n<p class=\"wp-block-paragraph\">&#8220;A equipe colocou muita expectativa em mim e no JEV. JEV me ajudou a pegar o ritmo com esse carro, estou ficando cada vez melhor nele. Para ser honesto, passar tantas corridas no pelot\u00e3o intermedi\u00e1rio me ajudou a entender mais, talvez tenha me dado at\u00e9 alguma vantagem. Estou faminto com esse carro&#8221;, encerrou.<\/p>\n\n\n\n<figure class=\"wp-block-image size-large\"><img decoding=\"async\" src=\"https:\/\/www.grandepremio.com\/br\/wp-content\/uploads\/2020\/08\/2-EPS606_180638_J6I6067-1024x683.jpg\" alt=\"\" class=\"wp-image-403381\"\/><figcaption>Andr\u00e9 Lotterer ficou com o P2 no Berlim 1 (Foto: F\u00f3rmula E)<\/figcaption><\/figure>\n\n\n\n<h4 class=\"wp-block-heading\">ANDR\u00c9 LOTTERER<\/h4>\n\n\n\n<p class=\"wp-block-paragraph\">A vida com uma equipe novata tende a ser bem complicada, mas Lotterer conquistou, em Berlim, o segundo p\u00f3dio no ano. E acredita que era poss\u00edvel tirar ainda mais.<\/p>\n\n\n\n<p class=\"wp-block-paragraph\">&#8220;O segundo lugar \u00e9 bom, mas sinceramente fiquei triste ao perder o modo ataque, pois isso me deixou em uma situa\u00e7\u00e3o dif\u00edcil e acredito que tinha um bom carro hoje&#8221;, falou.<\/p>\n\n\n\n<p class=\"wp-block-paragraph\">&#8220;Sem esse problema, talvez eu pudesse ter desafiado o Ant\u00f3nio, mas vamos ver o que acontece nos pr\u00f3ximos dias&#8221;, seguiu.<\/p>\n\n\n\n<figure class=\"wp-block-image size-large\"><img decoding=\"async\" src=\"https:\/\/www.grandepremio.com\/br\/wp-content\/uploads\/2020\/08\/3-EPS606_180628_J6I6050-1024x683.jpg\" alt=\"\" class=\"wp-image-403382\"\/><figcaption>Sam Bird foi ao p\u00f3dio em Berlim 1 (Foto: F\u00f3rmula E)<\/figcaption><\/figure>\n\n\n\n<h4 class=\"wp-block-heading\">SAM BIRD<\/h4>\n\n\n\n<p class=\"wp-block-paragraph\">O \u00faltimo a ir para o p\u00f3dio foi Bird, que, durante a parada, anunciou que deixa a Virgin ap\u00f3s o campeonato. O ingl\u00eas largou mais atr\u00e1s, mas conseguiu impor um ritmo fort\u00edssimo sobretudo nas duas relargadas e, assim, terminou no terceiro lugar. Assim como Lotterer, ainda achou pouco.<\/p>\n\n\n\n<p class=\"wp-block-paragraph\">&#8220;Estou muito feliz, agradecido ao time, foi um in\u00edcio bem dif\u00edcil, mas felizmente conseguimos um bom ritmo de corrida e um resultado que serve de recome\u00e7o da temporada&#8221;, comentou.<\/p>\n\n\n\n<p class=\"wp-block-paragraph\">&#8220;Fiquei desapontado por n\u00e3o conseguir o segundo lugar, estava com pouca energia e tive que prestar mais aten\u00e7\u00e3o no carro, mas ja temos uma boa base para amanh\u00e3&#8221;, fechou.<\/p>\n\n\n\n<figure class=\"wp-block-image size-large\"><img decoding=\"async\" src=\"https:\/\/www.grandepremio.com\/br\/wp-content\/uploads\/2020\/08\/1-EPS606_180437_FER7201-1024x683.jpg\" alt=\"\" class=\"wp-image-403380\"\/><figcaption>A largada do eP de Berlim 1 (Foto: F\u00f3rmula E)<\/figcaption><\/figure>\n\n\n\n<h4 class=\"wp-block-heading\">MITCH EVANS<\/h4>\n\n\n\n<p class=\"wp-block-paragraph\">O segundo colocado do campeonato sequer foi aos pontos. A culpa foi de uma colis\u00e3o, segundo ele.<\/p>\n\n\n\n<p class=\"wp-block-paragraph\">&#8220;As coisas ficaram muito apertadas ali no final. Eu encostei em Vergne e Buemi encostou em mim nas curvas tr\u00eas e quatro. A\u00ed, ent\u00e3o, acho que G\u00fcnther n\u00e3o me esperava estar t\u00e3o lento ali e me acertou&#8221;, contou.<\/p>\n\n\n\n<p class=\"wp-block-paragraph\">O neozeland\u00eas, que vinha em s\u00e9timo, acabou em 14\u00ba.<\/p>\n\n\n\n<figure class=\"wp-block-image size-large\"><img decoding=\"async\" src=\"https:\/\/www.grandepremio.com\/br\/wp-content\/uploads\/2020\/08\/image-9-1024x605.png\" alt=\"\" class=\"wp-image-403320\"\/><figcaption>Felipe Massa bateu sozinho no primeiro eP de Berlim (Foto: Reprodu\u00e7\u00e3o\/TV)<\/figcaption><\/figure>\n\n\n\n<h4 class=\"wp-block-heading\">TRIO BRASILEIRO<\/h4>\n\n\n\n<p class=\"wp-block-paragraph\"><strong>Lucas Di Grassi<\/strong> largou na 20\u00aa coloca\u00e7\u00e3o e conseguiu terminar em nono &#8211; com a desclassifica\u00e7\u00e3o de Max G\u00fcnther, foi al\u00e7ado ao oitavo lugar. Mais uma corrida de recupera\u00e7\u00e3o no que \u00e9 a temporada das corridas de recupera\u00e7\u00e3o para o piloto da Audi.<\/p>\n\n\n\n<p class=\"wp-block-paragraph\">&#8220;N\u00e3o foi a retomada de campeonato que eu esperava, mas fiz o melhor que pude com as condi\u00e7\u00f5es que t\u00ednhamos no momento&#8221;, argumentou. &#8220;Amanh\u00e3 teremos outra etapa e estou confiante que poderemos ter um resultado muito melhor&#8221;, fechou.<\/p>\n\n\n\n<p class=\"wp-block-paragraph\"><strong>Felipe Massa<\/strong>, por outro lado, fazia um dia bastante honesto. Classificou no top-10 e mantinha a posi\u00e7\u00e3o por mais de matade da corrida, sempre seguro \u00e0 frente do companheiro Edoardo Mortara, mas passou direto dos limites da pista antes da entrada de uma das curvas e acabou no muro, abandonando. Massa segue com ponto em somente uma de seis provas.<\/p>\n\n\n\n<p class=\"wp-block-paragraph\">J\u00e1 <strong>S\u00e9rgio Sette C\u00e2mara<\/strong>, teve um come\u00e7o dif\u00edcil. Com um carro abaixo da cr\u00edtica e pouca experi\u00eancia, ainda levou o azar de ter o modo ataque interrompido pelo safety-car. No fim das contas, fechou em 19\u00ba, \u00faltimo entre os que terminaram, mas melhor que os cinco abandonos. \u00c9 uma experi\u00eancia a mais para os pr\u00f3ximos dias.<\/p>\n\n\n\n<figure class=\"wp-block-embed-youtube wp-block-embed is-type-video is-provider-youtube wp-embed-aspect-16-9 wp-has-aspect-ratio\"><div class=\"wp-block-embed__wrapper\">\n<iframe loading=\"lazy\" title=\"O show de LEWIS HAMILTON em tr\u00eas rodas na F1 e a final da F\u00d3RMULA E | Paddock #208\" width=\"500\" height=\"281\" src=\"https:\/\/www.youtube.com\/embed\/nAU-3p441vc?feature=oembed\" frameborder=\"0\" allow=\"accelerometer; autoplay; clipboard-write; encrypted-media; gyroscope; picture-in-picture; web-share\" referrerpolicy=\"strict-origin-when-cross-origin\" allowfullscreen><\/iframe>\n<\/div><\/figure>\n","protected":false},"excerpt":{"rendered":"<p>A demoli\u00e7\u00e3o do portugu\u00eas na primeira corrida em Berlim deixa claro que apenas um roteiro de com\u00e9dia rom\u00e2ntica muda o t\u00edtulo de m\u00e3os<\/p>\n","protected":false},"author":0,"featured_media":1000403385,"comment_status":"closed","ping_status":"closed","sticky":false,"template":"","format":"standard","meta":{"42wp_featured_image_caption":"","42wp_featured_image_credits":"","42wp_featured_video":"","42wp_featured_image_hidden":false,"42wp_authors_list":[],"footnotes":""},"categories":[19],"tags":[5078,1188,25774,5050,852,195,504,24985,910,966,909,25086,976,25527,967],"42wp_author":[47120],"class_list":["post-128390","post","type-post","status-publish","format-standard","has-post-thumbnail","hentry","category-formula-e","tag-aeroporto-de-tempelhof","tag-alexander-sims","tag-antonio-felix-da-costa","tag-berlim","tag-ds-techeetah","tag-fe-2020","tag-felipe-massa","tag-formula-e-2020-2","tag-jaguar","tag-lucas-di-grassi","tag-mitch-evans","tag-podio-2","tag-sam-bird","tag-sergio-sette-camara-2","tag-stoffel-vandoorne","42wp_author-pedro-henrique-marum"],"_links":{"self":[{"href":"https:\/\/grandepremio.com\/br\/wp-json\/wp\/v2\/posts\/128390","targetHints":{"allow":["GET"]}}],"collection":[{"href":"https:\/\/grandepremio.com\/br\/wp-json\/wp\/v2\/posts"}],"about":[{"href":"https:\/\/grandepremio.com\/br\/wp-json\/wp\/v2\/types\/post"}],"replies":[{"embeddable":true,"href":"https:\/\/grandepremio.com\/br\/wp-json\/wp\/v2\/comments?post=128390"}],"version-history":[{"count":0,"href":"https:\/\/grandepremio.com\/br\/wp-json\/wp\/v2\/posts\/128390\/revisions"}],"wp:featuredmedia":[{"embeddable":true,"href":"https:\/\/grandepremio.com\/br\/wp-json\/wp\/v2\/media\/1000403385"}],"wp:attachment":[{"href":"https:\/\/grandepremio.com\/br\/wp-json\/wp\/v2\/media?parent=128390"}],"wp:term":[{"taxonomy":"category","embeddable":true,"href":"https:\/\/grandepremio.com\/br\/wp-json\/wp\/v2\/categories?post=128390"},{"taxonomy":"post_tag","embeddable":true,"href":"https:\/\/grandepremio.com\/br\/wp-json\/wp\/v2\/tags?post=128390"},{"taxonomy":"42wp_author","embeddable":true,"href":"https:\/\/grandepremio.com\/br\/wp-json\/wp\/v2\/42wp_author?post=128390"}],"curies":[{"name":"wp","href":"https:\/\/api.w.org\/{rel}","templated":true}]}}