{"id":128416,"date":"2020-08-05T08:14:48","date_gmt":"2020-08-05T11:14:48","guid":{"rendered":"https:\/\/grandepremio.com\/br\/noticias\/bueno-supera-jimenez-e-e-pole-position-na-retomada-do-etrophy-em-berlim\/"},"modified":"2020-08-05T08:24:58","modified_gmt":"2020-08-05T11:24:58","slug":"bueno-supera-jimenez-e-e-pole-position-na-retomada-do-etrophy-em-berlim","status":"publish","type":"post","link":"https:\/\/grandepremio.com\/br\/formula-e\/bueno-supera-jimenez-e-e-pole-position-na-retomada-do-etrophy-em-berlim\/","title":{"rendered":"Bueno supera Jimenez e \u00e9 pole-position na retomada do eTrophy em Berlim"},"content":{"rendered":"\n<p class=\"wp-block-paragraph\">O assunto da quarta-feira (5) \u00e9 o recome\u00e7o da temporada da F\u00f3rmula E, mas tamb\u00e9m tem Jaguar eTrophy voltando \u00e0 ativa em Berlim. No primeiro treino classificat\u00f3rio p\u00f3s paralisa\u00e7\u00e3o da pandemia, deu dobradinha brasileira: Cac\u00e1 Bueno superou S\u00e9rgio Jimenez por 0s144 e assegurou a pole-position no Tempelhof.<\/p>\n\n\n\n<p class=\"wp-block-paragraph\">A vantagem n\u00e3o foi t\u00e3o grande, mas a atua\u00e7\u00e3o foi dominante de Bueno. O pentacampe\u00e3o da Stock Car liderou desde o primeiro ciclo de voltas r\u00e1pidas, vendo apenas mudar o segundo colocado. Foi na parte final da classifica\u00e7\u00e3o que Jimenez melhorou, mas n\u00e3o a ponto de garantir o melhor tempo.<\/p>\n\n\n\n<figure class=\"wp-block-image size-large\"><img decoding=\"async\" src=\"https:\/\/www.grandepremio.com\/br\/wp-content\/uploads\/2019\/03\/2019323352529_357204_867360_jaguar_4_DMa.jpg\" alt=\"\" class=\"wp-image-370097\"\/><figcaption>Cac\u00e1 Bueno assegurou pole-position no eTrophy, preliminar da FE (Foto: Reprodu\u00e7\u00e3o)<\/figcaption><\/figure>\n\n\n\n<p class=\"wp-block-paragraph\">O terceiro lugar no grid \u00e9 de um estreante: Nick Foster, 0s181 mais lento que o tempo da pole-position. Simon Evans larga em quarto, e com a miss\u00e3o de ganhar terreno: o neozeland\u00eas \u00e9 vice-l\u00edder na temporada 2019\/20, 6 pontos atr\u00e1s do l\u00edder Jimenez. Oliver Webb, piloto convidado da vez, fecha o top-5.<\/p>\n\n\n\n<p class=\"wp-block-paragraph\">O outro brasileiro no grid, Adalberto Baptista, fez um trabalho menos impressionante. Com o terceiro carro da Jaguar Brazil, foi 1s2 mais lento e larga em nono no grid de onze carros.<\/p>\n\n\n\n<p class=\"wp-block-paragraph\">A temporada 2019\/20 se encerra com nada menos do que sete corridas em um espa\u00e7o de nove dias, seguindo esquema parecido com o visto na FE. E ser\u00e1 uma maratona de despedida: a Jaguar j\u00e1 anunciou a descontinua\u00e7\u00e3o do certame ap\u00f3s apenas dois anos.<\/p>\n","protected":false},"excerpt":{"rendered":"<p>Cac\u00e1 Bueno retornou ao Jaguar eTrophy mais r\u00e1pido que S\u00e9rgio Jimenez, que luta pelo bicampeonato. O pentacampe\u00e3o da Stock Car \u00e9 pole na primeira de sete corridas que fecham temporada<\/p>\n","protected":false},"author":0,"featured_media":1000403173,"comment_status":"closed","ping_status":"closed","sticky":false,"template":"","format":"standard","meta":{"42wp_featured_image_caption":"","42wp_featured_image_credits":"","42wp_featured_video":"","42wp_featured_image_hidden":false,"42wp_authors_list":[],"footnotes":""},"categories":[19],"tags":[2166,1515,4982],"42wp_author":[47118],"class_list":["post-128416","post","type-post","status-publish","format-standard","has-post-thumbnail","hentry","category-formula-e","tag-jaguar-etrophy","tag-sergio-jimenez","tag-tempelhof","42wp_author-vitor-fazio"],"_links":{"self":[{"href":"https:\/\/grandepremio.com\/br\/wp-json\/wp\/v2\/posts\/128416","targetHints":{"allow":["GET"]}}],"collection":[{"href":"https:\/\/grandepremio.com\/br\/wp-json\/wp\/v2\/posts"}],"about":[{"href":"https:\/\/grandepremio.com\/br\/wp-json\/wp\/v2\/types\/post"}],"replies":[{"embeddable":true,"href":"https:\/\/grandepremio.com\/br\/wp-json\/wp\/v2\/comments?post=128416"}],"version-history":[{"count":0,"href":"https:\/\/grandepremio.com\/br\/wp-json\/wp\/v2\/posts\/128416\/revisions"}],"wp:featuredmedia":[{"embeddable":true,"href":"https:\/\/grandepremio.com\/br\/wp-json\/wp\/v2\/media\/1000403173"}],"wp:attachment":[{"href":"https:\/\/grandepremio.com\/br\/wp-json\/wp\/v2\/media?parent=128416"}],"wp:term":[{"taxonomy":"category","embeddable":true,"href":"https:\/\/grandepremio.com\/br\/wp-json\/wp\/v2\/categories?post=128416"},{"taxonomy":"post_tag","embeddable":true,"href":"https:\/\/grandepremio.com\/br\/wp-json\/wp\/v2\/tags?post=128416"},{"taxonomy":"42wp_author","embeddable":true,"href":"https:\/\/grandepremio.com\/br\/wp-json\/wp\/v2\/42wp_author?post=128416"}],"curies":[{"name":"wp","href":"https:\/\/api.w.org\/{rel}","templated":true}]}}