{"id":128444,"date":"2020-08-04T09:53:00","date_gmt":"2020-08-04T12:53:00","guid":{"rendered":"https:\/\/grandepremio.com\/br\/noticias\/ex-funcionarios-da-racing-point-viram-peca-chave-em-protestos-da-renault-contra-rp20\/"},"modified":"2020-08-04T09:56:18","modified_gmt":"2020-08-04T12:56:18","slug":"ex-funcionarios-da-racing-point-viram-peca-chave-em-protestos-da-renault-contra-rp20","status":"publish","type":"post","link":"https:\/\/grandepremio.com\/br\/f1\/ex-funcionarios-da-racing-point-viram-peca-chave-em-protestos-da-renault-contra-rp20\/","title":{"rendered":"Ex-funcion\u00e1rios da Racing  Point viram pe\u00e7a-chave em protestos da Renault contra RP20"},"content":{"rendered":"\n<figure class=\"wp-block-embed-youtube wp-block-embed is-type-video is-provider-youtube wp-embed-aspect-16-9 wp-has-aspect-ratio\"><div class=\"wp-block-embed__wrapper\">\n<iframe loading=\"lazy\" title=\"F1 em RISCO: o que envolve o ACORDO Ferrari-FIA e a C\u00d3PIA da Racing Point | GP \u00e0s 10\" width=\"500\" height=\"281\" src=\"https:\/\/www.youtube.com\/embed\/b6dGAgHk118?start=667&amp;feature=oembed\" frameborder=\"0\" allow=\"accelerometer; autoplay; clipboard-write; encrypted-media; gyroscope; picture-in-picture; web-share\" referrerpolicy=\"strict-origin-when-cross-origin\" allowfullscreen><\/iframe>\n<\/div><\/figure>\n\n\n\n<p class=\"wp-block-paragraph\">Desde fevereiro, quando a F\u00f3rmula 1 realizou os testes de pr\u00e9-temporada em Barcelona, a semelhan\u00e7a do atual carro da Racing Point com o carro da Mercedes de 2019 virou o grande assunto no paddock. N\u00e3o demorou muito para que o modelo fosse apelidado de &#8216;Mercedes rosa&#8217;.<\/p>\n\n\n\n<p class=\"wp-block-paragraph\">O bom rendimento do RP20 sob comando de Sergio P\u00e9rez e Lance Stroll nas primeiras corridas da temporada 2020 tamb\u00e9m fez com que outras equipes mostrassem insatisfa\u00e7\u00e3o com a Racing Point e questionassem a legalidade do b\u00f3lido. A Renault, por\u00e9m, <a href=\"https:\/\/www.grandepremio.com\/br\/f1\/noticias\/renault-registra-terceiro-protesto-contra-legalidade-da-mercedes-rosa-racing-point\/\">protestou tr\u00eas vezes na Federa\u00e7\u00e3o Internacional de Automobilismo (FIA)<\/a> questionando partes espec\u00edficas do carro que seriam muito parecidas com a Mercedes W10, especialmente os dutos de freios.<\/p>\n\n\n\n<p class=\"wp-block-paragraph\">A quest\u00e3o sobre como a Renault saberia uma informa\u00e7\u00e3o t\u00e3o espec\u00edfica gerou desconfian\u00e7a no paddock. De acordo com o jornalista Michael Schmidt, da revista alem\u00e3 Auto Motor und Sport, ex-funcion\u00e1rios da Racing Point levaram o questionamento ao time de Enstone.<\/p>\n\n\n\n<figure class=\"wp-block-image size-large\"><img decoding=\"async\" src=\"https:\/\/www.grandepremio.com\/br\/wp-content\/uploads\/2020\/08\/000_1W83M0-1024x502.jpg\" alt=\"\" class=\"wp-image-402435\"\/><figcaption>Racing Point e Renault se enfrentam dentro e fora das pistas em 2020 (Foto: AFP)<\/figcaption><\/figure>\n\n\n\n<p class=\"wp-block-paragraph\">Caso essa informa\u00e7\u00e3o seja provada, \u00e9 poss\u00edvel que os ex-funcion\u00e1rios da Racing Point sejam levados para testemunhar sobre as acusa\u00e7\u00f5es no Tribunal de Apela\u00e7\u00f5es da FIA.<\/p>\n\n\n\n<p class=\"wp-block-paragraph\">A Racing Point <a href=\"https:\/\/www.grandepremio.com\/br\/f1\/noticias\/racing-point-diz-ter-886-desenhos-que-provam-legalidade-de-dutos-de-freio\/\">alega ter &#8220;886 desenhos&#8221; dos dutos de freios<\/a> e que baseou-se em imagens obtidas por fot\u00f3grafos na pista e nos boxes, o que \u00e9 permitido pelo regulamento. A equipe de Silverstone ainda alega que adquiriu partes dos freios da Mercedes antes da FIA listar os dutos de freios como pe\u00e7as originais que devem ser produzidas pelos pr\u00f3prios times.<\/p>\n\n\n\n<p class=\"wp-block-paragraph\">A equipe de Silverstone, de propriedade do cons\u00f3rcio liderado por Lawrence Stroll, garante que o RP20 \u00e9 legal, em que pese a semelhan\u00e7a com o modelo hexacampe\u00e3o em 2019 com a Mercedes.<\/p>\n\n\n\n<p class=\"wp-block-paragraph\">\u201cDurante uma visita a nossa f\u00e1brica, a FIA revisou toda a documenta\u00e7\u00e3o sobre os nossos dutos de freio. No mesmo dia, compararam o desenho com o da Mercedes e fizeram seus coment\u00e1rios\u201d, disse Andy Green, diretor-t\u00e9cnico da equipe.<\/p>\n\n\n\n<p class=\"wp-block-paragraph\">Contudo, a informa\u00e7\u00e3o de que a FIA inspecionou os dutos de freio \u00e9 negada por Nikolas Tombazis, ex-Ferrari e atualmente diretor-t\u00e9cnico da entidade. Green se defende e diz que o engenheiro de origem grega n\u00e3o esteve presente no momento da inspe\u00e7\u00e3o e que, depois deste encontro, a equipe enviou mais informa\u00e7\u00f5es \u00e0 FIA.<\/p>\n\n\n\n<p class=\"wp-block-paragraph\">\u201cN\u00e3o se trata de esconder o desenho. Eles comentaram que a solu\u00e7\u00e3o era igual \u00e0 da Mercedes, e explicamos que isso \u00e9 porque compramos dutos de ar de 2019, quando ainda era legal. Nossos advogados est\u00e3o lidando com esse problema h\u00e1 algumas semanas e mandamos mais documentos para a FIA durante o fim de semana\u201d, explicou.<\/p>\n\n\n\n<p class=\"wp-block-paragraph\">O veredito da FIA sobre a legalidade do duto de freio da Racing Point deve ser divulgado nesta quarta-feira, \u00e0s v\u00e9speras do GP de 70 Anos da F\u00f3rmula 1, em Silverstone.<\/p>\n\n\n\n<figure class=\"wp-block-embed-youtube wp-block-embed is-type-video is-provider-youtube wp-embed-aspect-4-3 wp-has-aspect-ratio\"><div class=\"wp-block-embed__wrapper\">\n<iframe loading=\"lazy\" title=\"O show de LEWIS HAMILTON em tr\u00eas rodas na F1 e a final da F\u00d3RMULA E | Paddock #208\" width=\"500\" height=\"281\" src=\"https:\/\/www.youtube.com\/embed\/nAU-3p441vc?feature=oembed\" frameborder=\"0\" allow=\"accelerometer; autoplay; clipboard-write; encrypted-media; gyroscope; picture-in-picture; web-share\" referrerpolicy=\"strict-origin-when-cross-origin\" allowfullscreen><\/iframe>\n<\/div><\/figure>\n","protected":false},"excerpt":{"rendered":"<p>Enquanto a FIA segue analisando os protestos da Renault sobre a legalidade da &#8216;Mercedes rosa&#8217;, novas informa\u00e7\u00f5es sobre o caso surgem diariamente. De acordo com a revista alem\u00e3 Auto Motor und Sport, ex-empregados da Racing Point podem ser fundamentais nas investiga\u00e7\u00f5es<\/p>\n","protected":false},"author":0,"featured_media":1000401581,"comment_status":"closed","ping_status":"closed","sticky":false,"template":"","format":"standard","meta":{"42wp_featured_image_caption":"","42wp_featured_image_credits":"","42wp_featured_video":"","42wp_featured_image_hidden":false,"42wp_authors_list":[],"footnotes":""},"categories":[2],"tags":[118,103,24837,24860,310,229],"42wp_author":[47109],"class_list":["post-128444","post","type-post","status-publish","format-standard","has-post-thumbnail","hentry","category-f1","tag-f1-2020","tag-fia","tag-formula-1-2","tag-formula-1-2020-2","tag-racing-point","tag-renault","42wp_author-redacao-gp"],"_links":{"self":[{"href":"https:\/\/grandepremio.com\/br\/wp-json\/wp\/v2\/posts\/128444","targetHints":{"allow":["GET"]}}],"collection":[{"href":"https:\/\/grandepremio.com\/br\/wp-json\/wp\/v2\/posts"}],"about":[{"href":"https:\/\/grandepremio.com\/br\/wp-json\/wp\/v2\/types\/post"}],"replies":[{"embeddable":true,"href":"https:\/\/grandepremio.com\/br\/wp-json\/wp\/v2\/comments?post=128444"}],"version-history":[{"count":0,"href":"https:\/\/grandepremio.com\/br\/wp-json\/wp\/v2\/posts\/128444\/revisions"}],"wp:featuredmedia":[{"embeddable":true,"href":"https:\/\/grandepremio.com\/br\/wp-json\/wp\/v2\/media\/1000401581"}],"wp:attachment":[{"href":"https:\/\/grandepremio.com\/br\/wp-json\/wp\/v2\/media?parent=128444"}],"wp:term":[{"taxonomy":"category","embeddable":true,"href":"https:\/\/grandepremio.com\/br\/wp-json\/wp\/v2\/categories?post=128444"},{"taxonomy":"post_tag","embeddable":true,"href":"https:\/\/grandepremio.com\/br\/wp-json\/wp\/v2\/tags?post=128444"},{"taxonomy":"42wp_author","embeddable":true,"href":"https:\/\/grandepremio.com\/br\/wp-json\/wp\/v2\/42wp_author?post=128444"}],"curies":[{"name":"wp","href":"https:\/\/api.w.org\/{rel}","templated":true}]}}